{"id":128127,"date":"2026-01-03T20:22:41","date_gmt":"2026-01-03T20:22:41","guid":{"rendered":"https:\/\/www.europesays.com\/no\/128127\/"},"modified":"2026-01-03T20:22:41","modified_gmt":"2026-01-03T20:22:41","slug":"debattinnlegg-mdg-froya-forby-privat-fyrverkeri","status":"publish","type":"post","link":"https:\/\/www.europesays.com\/no\/128127\/","title":{"rendered":"Debattinnlegg: MDG-Fr\u00f8ya: &#8211; Forby privat fyrverkeri"},"content":{"rendered":"\n<p class=\"_prefix_nfjwc_1 layout-padded\">Meninger<br \/>Debattinnlegg<\/p>\n<p class=\"_lead_o9xde_2 _lead_xtcu6_50 layout-component text-serif-m layout-normal text-serif-l _lead_1eue0_21 layout-component layout-normal layout-padded layout-padded\">Tiden er overmoden for et forbud. <\/p>\n<p><img decoding=\"async\" class=\"_image_1pdwo_15\" itemprop=\"image\" loading=\"lazy\"  src=\"https:\/\/www.europesays.com\/no\/wp-content\/uploads\/2026\/01\/d5ade515-27f3-4e29-b6bd-85076d149807.jpeg\"  width=\"40\"\/><strong>Fr\u00f8ya Skjold Sjurs\u00e6ter<\/strong><\/p>\n<p class=\"_description_1pdwo_10 text-sans-s\">stortingsrepresentant MDG<\/p>\n<p><img alt=\"G\u00c5RSDAGENS MORO: \u2013 La oss legge igjen fyrverkeriet i 2025, skriver Fr\u00f8ya Skjold Sjurs\u00e6ther. Foto: Gorm Kallestad \/ NTB\" class=\"_image_qp4xg_65 layout-component layout-wide\" data-fullscreen- data-track-element-type=\"Article image fullscreen\" data-track-name=\"ImageFullscreen\" fetchpriority=\"high\" decoding=\"sync\" loading=\"eager\" height=\"4262\" itemprop=\"image\"  src=\"https:\/\/www.europesays.com\/no\/wp-content\/uploads\/2026\/01\/d08cd585-8ccd-45db-80b5-d42a0c8c2422.jpeg\"  style=\"object-position:0% 0%\" width=\"6393\"\/>G\u00c5RSDAGENS MORO: \u2013 La oss legge igjen fyrverkeriet i 2025, skriver Fr\u00f8ya Skjold Sjurs\u00e6ther. Foto: Gorm Kallestad \/ NTBFredag 2. januar kl. 11:01     <\/p>\n<p class=\"_paragraph_o9xde_4 _paragraph_xtcu6_10 layout-component text-serif-m layout-normal text-serif-m layout-padded\">Da har 2025 blitt til 2026, og det betydde selvf\u00f8lgelig det \u00e5rlige fyrverkeri-kaoset. Jeg er kanskje festbrems her, men alvorlig talt:\u00a0<\/p>\n<p class=\"_paragraph_o9xde_4 _paragraph_xtcu6_10 layout-component text-serif-m layout-normal text-serif-m layout-padded\">Tiden er overmoden for \u00e5 forby privat fyrverkeri. Kommunene b\u00f8r \u00f2g se p\u00e5 alternativer.<\/p>\n<p class=\"_paragraph_o9xde_4 _paragraph_xtcu6_10 layout-component text-serif-m layout-normal text-serif-m layout-padded\">\u00d8yeskader, h\u00f8rselsskader og brannskader har blitt tradisjon. Og det samme har fors\u00f8pling, spredning av milj\u00f8gifter og d\u00e5rlig byluft.<\/p>\n<p class=\"_paragraph_o9xde_4 _paragraph_xtcu6_10 layout-component text-serif-m layout-normal text-serif-m layout-padded\">Politiet sier at det ble skutt fyrverkeri b\u00e5de\u00a0<a href=\"https:\/\/www.vg.no\/i\/rrAydm?utm_source=iosapp&amp;utm_medium=share\" data-track-element-type=\"Link\" data-track-id=\"link:rrAydm\" class=\"_link_o9xde_39\" rel=\"nofollow noopener\" target=\"_blank\">mot folk og bygg p\u00e5 nytt\u00e5rsaften.<\/a>\u00a0Bare i \u00e5r fikk\u00a0<a href=\"https:\/\/www.vg.no\/i\/JOogWm?utm_source=iosapp&amp;utm_medium=share\" data-track-element-type=\"Link\" data-track-id=\"link:JOogWm\" class=\"_link_o9xde_39\" rel=\"nofollow noopener\" target=\"_blank\">ti personer \u00f8yeskader.\u00a0<\/a><\/p>\n<p class=\"_paragraph_o9xde_4 _paragraph_xtcu6_10 layout-component text-serif-m layout-normal text-serif-m layout-padded\">Men kanskje aller verst: Fyrverkerioppskytingen er en dyrevelferdstragedie.<\/p>\n<p class=\"_paragraph_o9xde_4 _paragraph_xtcu6_10 layout-component text-serif-m layout-normal text-serif-m layout-padded\">Vi mennesker kan alltid holde oss inne, eller polstre oss i verneutstyr. Men vi kan aldri overbevise dyrene v\u00e5re om at det finnes en rasjonell grunn til at himmelen plutselig begynner \u00e5 eksplodere.<\/p>\n<p class=\"_paragraph_o9xde_4 _paragraph_xtcu6_10 layout-component text-serif-m layout-normal text-serif-m layout-padded\">Min egen familiehund skjelver gjennom hele nytt\u00e5rsaften, og vi har m\u00e5ttet tr\u00f8ste henne \u00e5r etter \u00e5r. Men vi har s\u00e5 langt v\u00e6rt blant de heldige.<\/p>\n<p class=\"_paragraph_o9xde_4 _paragraph_xtcu6_10 layout-component text-serif-m layout-normal text-serif-m layout-padded\">Hunden Stella forsvant da eksplosjonene startet, men\u00a0<a href=\"https:\/\/www.nrk.no\/vestland\/stella-forsvann-etter-smell-fra-fyrverkeri---funnen-etter-naer-20-timar-1.17710895\" class=\"_link_o9xde_39\" rel=\"nofollow noopener\" target=\"_blank\">ble heldigvis funnet etter 20 timer ute i kulden.\u00a0<\/a>Hunden Arnold ble s\u00e5 redd at han r\u00f8mte,\u00a0<a href=\"https:\/\/www.bt.no\/hendelser\/i\/xrPWen\/hunden-ble-skremt-av-fyrverkeri-paa-nyttaarsaften-saa-ble-arnold-paakjoert-og-doede\" class=\"_link_o9xde_39\" rel=\"nofollow noopener\" target=\"_blank\">og d\u00f8de f\u00f8r familien fikk ham hjem.\u00a0<\/a><\/p>\n<p class=\"_paragraph_o9xde_4 _paragraph_xtcu6_10 layout-component text-serif-m layout-normal text-serif-m layout-padded\">Hester\u00a0<a href=\"https:\/\/www.nrk.no\/trondelag\/rytter-i-orkdal-kasta-av-hest-etter-fyrverkeri-1.16238642\" class=\"_link_o9xde_39\" rel=\"nofollow noopener\" target=\"_blank\">kaster rytterne av i panikk,<\/a>\u00a0kyr\u00a0<a href=\"https:\/\/www.nrk.no\/mr\/kalv-trampa-i-hel-etter-fyrverkeri-nyttarsaftan-1.16240540\" class=\"_link_o9xde_39\" rel=\"nofollow noopener\" target=\"_blank\">tramper i hjel kalvene sine<\/a>\u00a0og sauer d\u00f8r av skrekk.\u00a0<a href=\"https:\/\/www.forskning.no\/dyreverden-fugler\/fugler-flyr-ut-for-a-redde-livet-nar-fyrverkeriet-smeller\/2294917\" class=\"_link_o9xde_39\" rel=\"nofollow noopener\" target=\"_blank\">Sm\u00e5fugl blir ogs\u00e5 vettskremt.<\/a><\/p>\n<p class=\"_paragraph_o9xde_4 _paragraph_xtcu6_10 layout-component text-serif-m layout-normal text-serif-m layout-padded\">Dette gj\u00f8r meg vondt langt inn i hjertet. Men ikke nok med det:\u00a0<\/p>\n<p class=\"_paragraph_o9xde_4 _paragraph_xtcu6_10 layout-component text-serif-m layout-normal text-serif-m layout-padded\">I 2025 har bombene regnet over Palestina og Ukraina, og\u00a0f<a href=\"https:\/\/www.nrk.no\/ostfold\/ine-moller-anwar-ber-om-fyrverkeri-stopp-for-a-skane-krigsflyktninger-1.16696632\" class=\"_link_o9xde_39\" rel=\"nofollow noopener\" target=\"_blank\">lyktninger i Norge varsler at lyden av eksplosive<\/a>ne\u00a0gj\u00f8r krigstraumene enda mer levende.<\/p>\n<p class=\"_paragraph_o9xde_4 _paragraph_xtcu6_10 layout-component text-serif-m layout-normal text-serif-m layout-padded\">Konsekvensene av fyrverkerioppskytingen er mange, men heldigvis finnes det alternativer. Lasershow, droner og annet lys p\u00e5 himmelen kan v\u00e6re vel s\u00e5 bra.<\/p>\n<p class=\"_paragraph_o9xde_4 _paragraph_xtcu6_10 layout-component text-serif-m layout-normal text-serif-m layout-padded\">Over halvparten av befolkningen i Norge er enig i at privat fyrverkeri b\u00f8r forbys sporenstreks.\u00a0Likevel er MDG det eneste stortingspartiet i Norge som vil det. Det er vanvittig, sp\u00f8r du meg.<\/p>\n<p class=\"_paragraph_o9xde_4 _paragraph_xtcu6_10 layout-component text-serif-m layout-normal text-serif-m layout-padded\">I 2026 b\u00f8r de andre partiene sp\u00f8rre seg selv: Veier den kortvarige gleden av fyrverkeriet virkelig opp for alle konsekvensene? Jeg mener nei, <a href=\"https:\/\/www.nrk.no\/mr\/berre-miljopartiet-mdg-og-arild-hermstad-som-vil-ha-totalforbod-mot-privat-fyrverkeri-1.16674111\" class=\"_link_o9xde_39\" rel=\"nofollow noopener\" target=\"_blank\">og det er nordmenn flest ogs\u00e5 enig i.<\/a><\/p>\n<p class=\"_paragraph_o9xde_4 _paragraph_xtcu6_10 layout-component text-serif-m layout-normal text-serif-m layout-padded\"><strong class=\"_strong_o9xde_25\">La oss legge igjen fyrverkeriet i 2025.<\/strong><\/p>\n<p>   Dette er en kronikk. Kronikken gir uttrykk for skribentens holdning. Du kan sende inn kronikker og debattinnlegg til <a class=\"_link_jv5ak_10\" href=\"https:\/\/www.vg.no\/nyheter\/i\/16nGzM\/mailto:debatt@vg.no\" rel=\"nofollow noopener\" target=\"_blank\">debatt@vg.no<\/a>. <\/p>\n","protected":false},"excerpt":{"rendered":"MeningerDebattinnlegg Tiden er overmoden for et forbud. Fr\u00f8ya Skjold Sjurs\u00e6ter stortingsrepresentant MDG G\u00c5RSDAGENS MORO: \u2013 La oss legge&hellip;\n","protected":false},"author":2,"featured_media":128128,"comment_status":"","ping_status":"","sticky":false,"template":"","format":"standard","meta":{"footnotes":""},"categories":[10],"tags":[20,21,24,25,10497,15,22,23,13,30,28,29,14,13381,16,26,27,103],"class_list":{"0":"post-128127","1":"post","2":"type-post","3":"status-publish","4":"format-standard","5":"has-post-thumbnail","7":"category-norge","8":"tag-breaking-news","9":"tag-breakingnews","10":"tag-featured-news","11":"tag-featurednews","12":"tag-fyrverkeri","13":"tag-headlines","14":"tag-latest-news","15":"tag-latestnews","16":"tag-news","17":"tag-no","18":"tag-norge","19":"tag-norway","20":"tag-nyheter","21":"tag-nyttarsaften","22":"tag-overskrifter","23":"tag-top-stories","24":"tag-topstories","25":"tag-vgmeninger"},"share_on_mastodon":{"url":"https:\/\/pubeurope.com\/@no\/115833034942937293","error":""},"_links":{"self":[{"href":"https:\/\/www.europesays.com\/no\/wp-json\/wp\/v2\/posts\/128127","targetHints":{"allow":["GET"]}}],"collection":[{"href":"https:\/\/www.europesays.com\/no\/wp-json\/wp\/v2\/posts"}],"about":[{"href":"https:\/\/www.europesays.com\/no\/wp-json\/wp\/v2\/types\/post"}],"author":[{"embeddable":true,"href":"https:\/\/www.europesays.com\/no\/wp-json\/wp\/v2\/users\/2"}],"replies":[{"embeddable":true,"href":"https:\/\/www.europesays.com\/no\/wp-json\/wp\/v2\/comments?post=128127"}],"version-history":[{"count":0,"href":"https:\/\/www.europesays.com\/no\/wp-json\/wp\/v2\/posts\/128127\/revisions"}],"wp:featuredmedia":[{"embeddable":true,"href":"https:\/\/www.europesays.com\/no\/wp-json\/wp\/v2\/media\/128128"}],"wp:attachment":[{"href":"https:\/\/www.europesays.com\/no\/wp-json\/wp\/v2\/media?parent=128127"}],"wp:term":[{"taxonomy":"category","embeddable":true,"href":"https:\/\/www.europesays.com\/no\/wp-json\/wp\/v2\/categories?post=128127"},{"taxonomy":"post_tag","embeddable":true,"href":"https:\/\/www.europesays.com\/no\/wp-json\/wp\/v2\/tags?post=128127"}],"curies":[{"name":"wp","href":"https:\/\/api.w.org\/{rel}","templated":true}]}}