{"id":128132,"date":"2026-01-03T20:29:28","date_gmt":"2026-01-03T20:29:28","guid":{"rendered":"https:\/\/www.europesays.com\/no\/128132\/"},"modified":"2026-01-03T20:29:28","modified_gmt":"2026-01-03T20:29:28","slug":"landet-rundt-kuriosa-fikk-sjokk-av-bensinprisen-matte-kjore-tilbake-og-se-om-vi-sa-riktig","status":"publish","type":"post","link":"https:\/\/www.europesays.com\/no\/128132\/","title":{"rendered":"Landet Rundt, Kuriosa | Fikk sjokk av bensinprisen: \u2013 M\u00e5tte kj\u00f8re tilbake og se om vi s\u00e5 riktig"},"content":{"rendered":"\n<p>(<a rel=\"Follow nofollow noopener\" href=\"https:\/\/www.rb.no\/fikk-sjokk-av-bensinprisen-matte-kjore-tilbake-og-se-om-vi-sa-riktig\/s\/5-43-2645051\" target=\"_blank\">Romerikes Blad<\/a>) \u2013 Vi sto der litt, og s\u00e5 m\u00e5tte vi kj\u00f8re tilbake og se om vi hadde sett riktig, forteller Linn Westergaard.\u00a0<\/p>\n<p>Like f\u00f8r klokka 14.00 f\u00f8rste nytt\u00e5rsdag kj\u00f8rte hun forbi Circle K p\u00e5 Skedsmokorset. Der fikk hun seg en overraskelse da hun s\u00e5 bensin- og dieselprisene.\u00a0<\/p>\n<p>If\u00f8lge skiltet kostet det 99.99 kroner literen for b\u00e5de bensin og diesel. Det har Westergaard aldri sett f\u00f8r.\u00a0<\/p>\n<p>\u2013 Vi kj\u00f8rte bare forbi, men jeg tror ikke jeg hadde villet fylle der. Det var hyggeligere \u00e5 komme til Gjerdrum. Der kosta det bare 18.98 kroner, sier Westergaard.\u00a0<\/p>\n<p>Teknisk feil<\/p>\n<p>Kjetil Foyn, leder for kommunikasjon og b\u00e6rekraft i Circle K, forteller til RB at det er en teknisk feil som er \u00e5rsaken til at prismasta viser feil pris.\u00a0<\/p>\n<p>\u2013 Masta er n\u00e5 skrudd av. Prisen som vises p\u00e5 pumpene er korrekt, og kundene betaler prisen som st\u00e5r p\u00e5 pumpen, sier Foyn.\u00a0<\/p>\n<p>Videre sier han at de n\u00e5 er i gang med \u00e5 rette opp feilen.\u00a0<\/p>\n<p>\u2013 Vi regner med at det ikke er lenge til den viser korrekte gjeldende priser igjen.\u00a0<\/p>\n<p>Klokka 16.49 melder Foyn at masten har blitt fikset.\u00a0<\/p>\n","protected":false},"excerpt":{"rendered":"(Romerikes Blad) \u2013 Vi sto der litt, og s\u00e5 m\u00e5tte vi kj\u00f8re tilbake og se om vi hadde&hellip;\n","protected":false},"author":2,"featured_media":128133,"comment_status":"","ping_status":"","sticky":false,"template":"","format":"standard","meta":{"footnotes":""},"categories":[56],"tags":[36,60,61,1321,3886,62,30,28,29,1510,224],"class_list":{"0":"post-128132","1":"post","2":"type-post","3":"status-publish","4":"format-standard","5":"has-post-thumbnail","7":"category-naeringsliv","8":"tag-art","9":"tag-business","10":"tag-economy","11":"tag-kuriosa","12":"tag-landet-rundt","13":"tag-naeringsliv","14":"tag-no","15":"tag-norge","16":"tag-norway","17":"tag-story","18":"tag-trafikk"},"share_on_mastodon":{"url":"https:\/\/pubeurope.com\/@no\/115833062195408020","error":""},"_links":{"self":[{"href":"https:\/\/www.europesays.com\/no\/wp-json\/wp\/v2\/posts\/128132","targetHints":{"allow":["GET"]}}],"collection":[{"href":"https:\/\/www.europesays.com\/no\/wp-json\/wp\/v2\/posts"}],"about":[{"href":"https:\/\/www.europesays.com\/no\/wp-json\/wp\/v2\/types\/post"}],"author":[{"embeddable":true,"href":"https:\/\/www.europesays.com\/no\/wp-json\/wp\/v2\/users\/2"}],"replies":[{"embeddable":true,"href":"https:\/\/www.europesays.com\/no\/wp-json\/wp\/v2\/comments?post=128132"}],"version-history":[{"count":0,"href":"https:\/\/www.europesays.com\/no\/wp-json\/wp\/v2\/posts\/128132\/revisions"}],"wp:featuredmedia":[{"embeddable":true,"href":"https:\/\/www.europesays.com\/no\/wp-json\/wp\/v2\/media\/128133"}],"wp:attachment":[{"href":"https:\/\/www.europesays.com\/no\/wp-json\/wp\/v2\/media?parent=128132"}],"wp:term":[{"taxonomy":"category","embeddable":true,"href":"https:\/\/www.europesays.com\/no\/wp-json\/wp\/v2\/categories?post=128132"},{"taxonomy":"post_tag","embeddable":true,"href":"https:\/\/www.europesays.com\/no\/wp-json\/wp\/v2\/tags?post=128132"}],"curies":[{"name":"wp","href":"https:\/\/api.w.org\/{rel}","templated":true}]}}