{"id":128148,"date":"2026-01-03T20:56:15","date_gmt":"2026-01-03T20:56:15","guid":{"rendered":"https:\/\/www.europesays.com\/no\/128148\/"},"modified":"2026-01-03T20:56:15","modified_gmt":"2026-01-03T20:56:15","slug":"tone-damli-ser-tilbake-pa-2025","status":"publish","type":"post","link":"https:\/\/www.europesays.com\/no\/128148\/","title":{"rendered":"Tone Damli ser tilbake p\u00e5 2025:"},"content":{"rendered":"<p class=\"kicker \" style=\"\">Tone Damli:<\/p>\n<p>  Sangerens \u00e5r ble sterkt preget av stores\u00f8sterens bortgang. I et r\u00f8rende innlegg ser hun n\u00e5 tilbake p\u00e5 \u00e5ret som \u00abforandret alt\u00bb.<\/p>\n<p>\n    ET T\u00d8FT \u00c5R: I november feiret Tone Damli 20-\u00e5rs jubileum p\u00e5 Chat Noir. N\u00e5 deler hun \u00e5pent om opp- og nedturene i 2025. Foto: Andreas Fadum\/Se og H\u00f8r\n  <\/p>\n<p>Det var i april i \u00e5r at Tone Damli (37) mistet stores\u00f8steren Tale Damli Aaberge. Hun ble 38 \u00e5r gammel.<\/p>\n<p>Den hjerteskj\u00e6rende nyheten delte Tone i et innlegg p\u00e5\u00a0<a href=\"https:\/\/www.instagram.com\/p\/DIRJ36soPOU\/\" target=\"_blank\" rel=\"nofollow noopener\">Instagram<\/a>.\u00a0<\/p>\n<p>    <a itemprop=\"url\" href=\"https:\/\/www.seher.no\/kjendis\/bryter-tausheten-etter-tragedien\/84051302\" rel=\"nofollow noopener\" target=\"_blank\"><\/p>\n<p>        <img loading=\"lazy\" decoding=\"async\" src=\"https:\/\/www.europesays.com\/no\/wp-content\/uploads\/2026\/01\/84051348.webp.webp\" width=\"147\" height=\"98\" title=\"Bryter tausheten etter tragedien\" alt=\"\" class=\"lazyload\" style=\"--aspect-ratio-image: 1.50; \"\/><\/p>\n<p>        Bryter tausheten etter tragedien<\/p>\n<p>    <\/a><\/p>\n<p>\u00abDu valgte \u00e5 ikke v\u00e6re her lenger. Jeg forst\u00e5r det ikke. At jeg ikke har s\u00f8stera mi her, beste fineste Tale-mi\u00bb, innledet hun innlegget.<\/p>\n<p>        <img loading=\"lazy\" decoding=\"async\" src=\"https:\/\/www.europesays.com\/no\/wp-content\/uploads\/2026\/01\/84051495.webp.webp\" width=\"667\" height=\"674\" title=\"STORT SAVN: Tone har delt \u00e5pent om savnet etter s\u00f8steren Tale. N\u00e5 ser hun tilbake p\u00e5 det vanskelige \u00e5ret. Foto: Tor Lindseth \/ Se og H\u00f8r\" alt=\"\" class=\"\" style=\"--aspect-ratio-image: 0.99; \"\/><\/p>\n<p>\n        STORT SAVN: Tone har delt \u00e5pent om savnet etter s\u00f8steren Tale. N\u00e5 ser hun tilbake p\u00e5 det vanskelige \u00e5ret. Foto: Tor Lindseth \/ Se og H\u00f8r\n    <\/p>\n<p>\u00abDet gj\u00f8r s\u00e5 vondt. Hvem er jeg uten deg? Det vakreste smilet, den smittende latteren og den gode energien. Du var s\u00e5 mye for s\u00e5 mange. T\u00e5rene renner. Det er tomt n\u00e5. Elsker deg for alltid\u00bb, fortsatte hun.\u00a0<\/p>\n<p>    Trenger du noen \u00e5 snakke med?<\/p>\n<ul>\n<li>Ved akutt fare for selvmord, ring 113 umiddelbart. Ring heller en gang for mye enn en gang for lite.<\/li>\n<li>Mental Helse tilbyr d\u00f8gn\u00e5pen telefontjeneste og nettjeneste for alle som trenger noen \u00e5 snakke med. Ring 116 123 eller g\u00e5 inn p\u00e5\u00a0<a href=\"http:\/\/sidetmedord.no\/\" target=\"_blank\" rel=\"nofollow noopener\">Sidetmedord.no<\/a>.<\/li>\n<li><a href=\"https:\/\/mentalhelseungdom.no\/fa-hjelp\/\" target=\"_blank\" rel=\"nofollow noopener\">Mental Helse Ungdom tilbyr chat<\/a>\u00a0for unge voksne som trenger noen \u00e5 snakke med.<\/li>\n<li>Kirkens SOS Norge har d\u00f8gn\u00e5pen hjelpetelefon, chat og meldingstjenestene. Ring 22 4000 40 eller g\u00e5 inn p\u00e5\u00a0<a href=\"http:\/\/kirkens-sos.no\/\" target=\"_blank\" rel=\"nofollow noopener\">kirkens-sos.no<\/a>.<\/li>\n<li>Kors p\u00e5 halsen er R\u00f8de Kors sitt samtaletilbud for barn og unge under 18 \u00e5r. De kan kontaktes p\u00e5\u00a0<a href=\"https:\/\/www.korspahalsen.no\/korspahalsen\" target=\"_blank\" rel=\"nofollow noopener\">chat, mail<\/a>\u00a0eller telefonnummer 800 333 21.<\/li>\n<\/ul>\n<p><a href=\"http:\/\/helsenorge.no\/\" target=\"_blank\" rel=\"nofollow noopener\">Helsenorge.no<\/a><\/p>\n<p>      Vis mer<br \/>\n      Vis mindre<\/p>\n<p>I ettertid har Tone delt \u00e5penhjertig om s\u00f8sterens bortgang, og hvor hardt det har preget henne.<\/p>\n<p>        \u00c6RLIG OG USMINKET: Like f\u00f8r p\u00e5ske ble det kjent at Tone Damlis s\u00f8ster, Tale Damli Aaberge, hadde g\u00e5tt bort. I en ny video p\u00e5 Instagram deler Tone \u00e6rlig og usminket om hvordan den siste tiden har v\u00e6rt. VIDEO: Instagram \/ @iamtonedamli \/\/ FOTO: Olav Stubberud \/\/ Reporter: H\u00e5vard Bj\u00f8rnerem<\/p>\n<p>I et nytt innlegg delt p\u00e5 sosiale medier ser hun n\u00e5 tilbake p\u00e5 \u00e5ret som hun selv betegner som: \u00abDet verste \u00e5ret i mitt liv\u00bb.<\/p>\n<p class=\"italic m-italic\" data-lab-italic=\"italic\">\u00abJeg har aldri f\u00f8r kjent p\u00e5 en slik smerte og sorg, samtidig har jeg nok aldri f\u00f8r v\u00e6rt s\u00e5 sterk\u00bb, skriver hun innledningsvis.<\/p>\n<p>        <img loading=\"lazy\" decoding=\"async\" src=\"https:\/\/www.europesays.com\/no\/wp-content\/uploads\/2026\/01\/84051500.webp.webp\" width=\"667\" height=\"1001\" title=\"TRAGEDIE: Tone Damli \u00e5pner opp om smerten og sorgen. Her er s\u00f8strene avbildet sammen i 2009. Foto: Andreas Fadum \/ Se og H\u00f8r\" alt=\"\" class=\"\" style=\"--aspect-ratio-image: 0.67; \"\/><\/p>\n<p>\n        TRAGEDIE: Tone Damli \u00e5pner opp om smerten og sorgen. Her er s\u00f8strene avbildet sammen i 2009. Foto: Andreas Fadum \/ Se og H\u00f8r\n    <\/p>\n<p>\u00ab\u00c5ret har forandret meg, forandret oss, forandret alt. Jeg liker at det er nytt \u00e5r. Jeg liker \u00e5 starte litt p\u00e5 nytt, og jeg skal gj\u00f8re alt jeg kan for at det skal bli et s\u00e5 godt \u00e5r som mulig. Men 2025 har hatt fine ting ved seg ogs\u00e5\u00bb, fortsetter hun.<\/p>\n<p>    <a itemprop=\"url\" href=\"https:\/\/www.seher.no\/kjendis\/familien-er-det-viktigste-i-livet-mitt\/84035257\" rel=\"nofollow noopener\" target=\"_blank\"><\/p>\n<p>        <img loading=\"lazy\" decoding=\"async\" src=\"https:\/\/www.europesays.com\/no\/wp-content\/uploads\/2026\/01\/84040975.webp.webp\" width=\"147\" height=\"98\" title=\"- Familien er det viktigste i livet mitt\" alt=\"\" class=\"lazyload\" style=\"--aspect-ratio-image: 1.50; \"\/><\/p>\n<p>        &#8211; Familien er det viktigste i livet mitt<\/p>\n<p>    <\/a><\/p>\n<p>Sangeren trekker frem familie og venner som noe av det hun har satt stor pris p\u00e5 i \u00e5ret som har g\u00e5tt.\u00a0<\/p>\n<p>Hun er ogs\u00e5 takknemlig for jobben og kollegaer, samt f\u00f8lgerne hennes som har vist henne en enorm st\u00f8tte i den vanskelige tiden.\u00a0<\/p>\n<p>        Under middagen i \u00abMesternes mester\u00bb blir det en emosjonell samtale for skihopper Daniel-Andr\u00e9 Tande n\u00e5r han forteller om lillebrorens selvmord.<\/p>\n<p>Avslutningsvis takker hun ogs\u00e5 forloveden Markus Foss (42) og barna. Paret fant kj\u00e6rligheten i 2013, og siden den gang har de forlovet seg og f\u00e5tt datteren Billie (11) og s\u00f8nnen Marlon (5)<\/p>\n<p>        <img loading=\"lazy\" decoding=\"async\" src=\"https:\/\/www.europesays.com\/no\/wp-content\/uploads\/2026\/01\/84051558.webp.webp\" width=\"686\" height=\"1084\" title=\"MYE KJ\u00c6RLIGHET: Forloveden Markus Foss og barna er Tone spesielt takknemlig for. Her er tobarnsforeldrene avbildet sammen p\u00e5 Elle-gallaen i 2023. Foto: Andreas Fadum\/Se og H\u00f8r\" alt=\"\" class=\"\" style=\"--aspect-ratio-image: 0.63; \"\/><\/p>\n<p>\n        MYE KJ\u00c6RLIGHET: Forloveden Markus Foss og barna er Tone spesielt takknemlig for. Her er tobarnsforeldrene avbildet sammen p\u00e5 Elle-gallaen i 2023. Foto: Andreas Fadum\/Se og H\u00f8r\n    <\/p>\n<p>\u00abMarkus og ungene, oss mot verden\u00a0@makkan_foss. Fortsatt en dag om gangen, men lysten til \u00e5 f\u00e5 det til er der og lysten er god \u00e5 kjenne p\u00e5\u00bb, avslutter hun.\u00a0<\/p>\n<p><script async src=\"\/\/www.instagram.com\/embed.js\"><\/script><\/p>\n","protected":false},"excerpt":{"rendered":"Tone Damli: Sangerens \u00e5r ble sterkt preget av stores\u00f8sterens bortgang. I et r\u00f8rende innlegg ser hun n\u00e5 tilbake&hellip;\n","protected":false},"author":2,"featured_media":128149,"comment_status":"","ping_status":"","sticky":false,"template":"","format":"standard","meta":{"footnotes":""},"categories":[58],"tags":[71,479,30,28,29,6178,11452,3579,72],"class_list":{"0":"post-128148","1":"post","2":"type-post","3":"status-publish","4":"format-standard","5":"has-post-thumbnail","7":"category-underholdning","8":"tag-entertainment","9":"tag-kjendis","10":"tag-no","11":"tag-norge","12":"tag-norway","13":"tag-sorg","14":"tag-tale-damli-aaberge","15":"tag-tone-damli","16":"tag-underholdning"},"share_on_mastodon":{"url":"https:\/\/pubeurope.com\/@no\/115833168407038408","error":""},"_links":{"self":[{"href":"https:\/\/www.europesays.com\/no\/wp-json\/wp\/v2\/posts\/128148","targetHints":{"allow":["GET"]}}],"collection":[{"href":"https:\/\/www.europesays.com\/no\/wp-json\/wp\/v2\/posts"}],"about":[{"href":"https:\/\/www.europesays.com\/no\/wp-json\/wp\/v2\/types\/post"}],"author":[{"embeddable":true,"href":"https:\/\/www.europesays.com\/no\/wp-json\/wp\/v2\/users\/2"}],"replies":[{"embeddable":true,"href":"https:\/\/www.europesays.com\/no\/wp-json\/wp\/v2\/comments?post=128148"}],"version-history":[{"count":0,"href":"https:\/\/www.europesays.com\/no\/wp-json\/wp\/v2\/posts\/128148\/revisions"}],"wp:featuredmedia":[{"embeddable":true,"href":"https:\/\/www.europesays.com\/no\/wp-json\/wp\/v2\/media\/128149"}],"wp:attachment":[{"href":"https:\/\/www.europesays.com\/no\/wp-json\/wp\/v2\/media?parent=128148"}],"wp:term":[{"taxonomy":"category","embeddable":true,"href":"https:\/\/www.europesays.com\/no\/wp-json\/wp\/v2\/categories?post=128148"},{"taxonomy":"post_tag","embeddable":true,"href":"https:\/\/www.europesays.com\/no\/wp-json\/wp\/v2\/tags?post=128148"}],"curies":[{"name":"wp","href":"https:\/\/api.w.org\/{rel}","templated":true}]}}