{"id":128150,"date":"2026-01-03T21:04:07","date_gmt":"2026-01-03T21:04:07","guid":{"rendered":"https:\/\/www.europesays.com\/no\/128150\/"},"modified":"2026-01-03T21:04:07","modified_gmt":"2026-01-03T21:04:07","slug":"funnet-alvorlig-skadet-pa-adresse-i-skien-politiet-jobber-bredt-med-a-finne-ut-av-hva-som-har-skjedd-telemarksavisa","status":"publish","type":"post","link":"https:\/\/www.europesays.com\/no\/128150\/","title":{"rendered":"Funnet alvorlig skadet p\u00e5 adresse i Skien. Politiet jobber bredt med \u00e5 finne ut av hva som har skjedd &#8211; Telemarksavisa"},"content":{"rendered":"<ol>\n<li><a href=\"https:\/\/news.google.com\/rss\/articles\/CBMizgFBVV95cUxNbUpLVXJObmJKY1hIVnU0Z1E3TTNPdUZiOXZDLUlhMmJmWnZCc1Bibjh1bmdheXpLVmYtNUdWUkl5TWFpdkpuNmp6dkpHel9CT0pwak50V3d4VnB2NGJlQUlZWVFMRzU5ckYxSmRza3lDbTZMendZTkxRMlpwSWlxeXUxcGZna2VXbWdWeDZMU2FnWnNXalVfR01QQnZtU0lMOEhBekxmTXBFUG4xMUplSWIyOWxadmkzaUFRbWpRSWs5bkJWXzhVMGlzTDdZUQ?oc=5\" target=\"_blank\" rel=\"nofollow noopener\">Funnet alvorlig skadet p\u00e5 adresse i Skien. Politiet jobber bredt med \u00e5 finne ut av hva som har skjedd<\/a>&nbsp;&nbsp;Telemarksavisa<\/li>\n<li><a href=\"https:\/\/news.google.com\/rss\/articles\/CBMiiwFBVV95cUxNY2tNZ0lxYWtZOVdmY1IyTi1henh5eVhGZnBqU2RKRjB2cEZTZEpWNDNKWS1tX1pEUHFRWERIWFREd0gzQ0tlYnBUeXZTQzhRcXNieG83d2pQVExPeVRIbzk4T3ZkdFlsT2RKMFk4c2F0RFp5Z29hZy1GS3MtbmdUWk9wMjFjLUZfVUJ3?oc=5\" target=\"_blank\" rel=\"nofollow noopener\">Mann kj\u00f8rt til sykehus med alvorlige kuttskader<\/a>&nbsp;&nbsp;VG<\/li>\n<li><a href=\"https:\/\/news.google.com\/rss\/articles\/CBMiggFBVV95cUxPSGhhRHZ0T0EwTWxqS3JZTUlqMkx1eTh3bms5YWlTN19PLXROWDYybkJhTFZjRlpNQ1ZsTkRpVFcxWjBTdmk2eEc4NHhSVHREMXZzODlBZ0ptajduZ1REa0hDN193RVpuSVVhb0M5VS1tZWNrSG1oaVZGSE1Xc1N5ZHpB?oc=5\" target=\"_blank\" rel=\"nofollow noopener\">Skien, Hendelser | Skien: Leter etter mann med politihelikopter<\/a>&nbsp;&nbsp;Telemarksavisa<\/li>\n<li><a href=\"https:\/\/news.google.com\/rss\/articles\/CBMinwFBVV95cUxNTE82SmNzekhZZDVlRVJFZnp0OEZKN2hlZUJ1dnNQS0RpS3BKb1YwdF9GVUM3bXJ2c2RVbUFvVUZMTlpaVU5sLXViM2ZPZ0ZUcWY2UHlNUklFcWJJNUE2Q01iaG9ISTdpVllkNDcwcklHZTBzOTBvVGhHdjh4RWdYRmNDMEFiZzRLSGRQRnhxbnM0S2lwd216c2NoSTRVSzQ?oc=5\" target=\"_blank\" rel=\"nofollow noopener\">Mann til sykehus med alvorlige skader. Politiet s\u00f8ker etter en person<\/a>&nbsp;&nbsp;varden.no<\/li>\n<li><a href=\"https:\/\/news.google.com\/rss\/articles\/CBMipwFBVV95cUxOTG5yWERaOUJJX1c4dUZVVU9ySXJhMXFEQ2x1bEEyUVVYaDVZa2E4RFd6VndCU19PSUg0eng3YURWZXJZSnVzM3VSSUFvcEVaQXlDUlFnNXowQmFpakJ2UHZLb0U3SnIzdTFpSzB1U1ZEVkRoUUZiQ2lVdmh5bG1LOEZVbk1SVjJZZFVDMEswdzZkZmVoNkFzQ1JJMUdUdDl0b2ZTWlNyOA?oc=5\" target=\"_blank\" rel=\"nofollow noopener\">Mann alvorlig skadet etter \u00e5 ha blitt p\u00e5f\u00f8rt knivskader<\/a>&nbsp;&nbsp;NRK<\/li>\n<\/ol>\n","protected":false},"excerpt":{"rendered":"Funnet alvorlig skadet p\u00e5 adresse i Skien. Politiet jobber bredt med \u00e5 finne ut av hva som har&hellip;\n","protected":false},"author":2,"featured_media":128151,"comment_status":"","ping_status":"","sticky":false,"template":"","format":"standard","meta":{"footnotes":""},"categories":[12],"tags":[20,21,24,25,15,22,23,13,30,28,29,14,16,26,27,42,43,44,45],"class_list":{"0":"post-128150","1":"post","2":"type-post","3":"status-publish","4":"format-standard","5":"has-post-thumbnail","7":"category-verden","8":"tag-breaking-news","9":"tag-breakingnews","10":"tag-featured-news","11":"tag-featurednews","12":"tag-headlines","13":"tag-latest-news","14":"tag-latestnews","15":"tag-news","16":"tag-no","17":"tag-norge","18":"tag-norway","19":"tag-nyheter","20":"tag-overskrifter","21":"tag-top-stories","22":"tag-topstories","23":"tag-verden","24":"tag-world","25":"tag-world-news","26":"tag-worldnews"},"share_on_mastodon":{"url":"https:\/\/pubeurope.com\/@no\/115833199869483906","error":""},"_links":{"self":[{"href":"https:\/\/www.europesays.com\/no\/wp-json\/wp\/v2\/posts\/128150","targetHints":{"allow":["GET"]}}],"collection":[{"href":"https:\/\/www.europesays.com\/no\/wp-json\/wp\/v2\/posts"}],"about":[{"href":"https:\/\/www.europesays.com\/no\/wp-json\/wp\/v2\/types\/post"}],"author":[{"embeddable":true,"href":"https:\/\/www.europesays.com\/no\/wp-json\/wp\/v2\/users\/2"}],"replies":[{"embeddable":true,"href":"https:\/\/www.europesays.com\/no\/wp-json\/wp\/v2\/comments?post=128150"}],"version-history":[{"count":0,"href":"https:\/\/www.europesays.com\/no\/wp-json\/wp\/v2\/posts\/128150\/revisions"}],"wp:featuredmedia":[{"embeddable":true,"href":"https:\/\/www.europesays.com\/no\/wp-json\/wp\/v2\/media\/128151"}],"wp:attachment":[{"href":"https:\/\/www.europesays.com\/no\/wp-json\/wp\/v2\/media?parent=128150"}],"wp:term":[{"taxonomy":"category","embeddable":true,"href":"https:\/\/www.europesays.com\/no\/wp-json\/wp\/v2\/categories?post=128150"},{"taxonomy":"post_tag","embeddable":true,"href":"https:\/\/www.europesays.com\/no\/wp-json\/wp\/v2\/tags?post=128150"}],"curies":[{"name":"wp","href":"https:\/\/api.w.org\/{rel}","templated":true}]}}