{"id":128179,"date":"2026-01-03T21:27:16","date_gmt":"2026-01-03T21:27:16","guid":{"rendered":"https:\/\/www.europesays.com\/no\/128179\/"},"modified":"2026-01-03T21:27:16","modified_gmt":"2026-01-03T21:27:16","slug":"leirfjord-hunder-leter-fortsatt-etter-hundene-som-forsvant-pa-1-nyttarsdag","status":"publish","type":"post","link":"https:\/\/www.europesays.com\/no\/128179\/","title":{"rendered":"Leirfjord, Hunder | Leter fortsatt etter hundene som forsvant p\u00e5 1. nytt\u00e5rsdag"},"content":{"rendered":"\n<p>Det forteller Tove-Kristin Ludvigsen til iSandnessj\u00f8en l\u00f8rdag formiddag.<\/p>\n<p>\u2013 Vi lette i hele g\u00e5r ogs\u00e5. Folk har v\u00e6rt fantastiske til \u00e5 stille opp og det er et voldsomt engasjement, sier hun. <\/p>\n<p>De to hundene <a href=\"https:\/\/www.isandnessjoen.no\/ble-skremt-av-fyrverkeri-jeg-har-ikke-sovet-i-natt\/s\/5-108-190521\" rel=\"Follow nofollow noopener\" target=\"_blank\">ble redde <\/a>da det ble skutt opp fyrverkeri ved Kviting i halv nitida om kvelden p\u00e5 1. nytt\u00e5rsdag. Da var Tove-Kristin Ludvigsen akkurat i ferd med \u00e5 ta inn tre hunder. Den ene fulgte med, men de to yngste ble skremt og stakk av. Siden har de v\u00e6rt borte.<\/p>\n<p>Det er ikke hennes egne hunder, men to som hun passer i jula. Hundene er av typen Alaska Husky og skal passes til 6. januar.<\/p>\n<p>\u2013 Det var 14 som m\u00f8tte opp for \u00e5 v\u00e6re med \u00e5 lete i g\u00e5r. Vi fikk lagt ut matdepot til hundene. De trenger jo mat, sier Ludvigsen.<\/p>\n<p>\u2013 Jeg blir s\u00e5 takknemlig for engasjementet. N\u00e5 m\u00e5 vi bare fortsette \u00e5 lete. Politiet er ogs\u00e5 varslet, sier hun. <\/p>\n<p>Hvis noen observerer de to hundene kan de kontakte Tove-Kristin Ludvigsen p\u00e5 telefon 92216717.<\/p>\n<p>Rettelse: I en f\u00f8rste versjon i saken skrev vi at hundene ble borte p\u00e5 nytt\u00e5rsaften. Det korrekte er 1. nytt\u00e5rsdag. <\/p>\n","protected":false},"excerpt":{"rendered":"Det forteller Tove-Kristin Ludvigsen til iSandnessj\u00f8en l\u00f8rdag formiddag. \u2013 Vi lette i hele g\u00e5r ogs\u00e5. Folk har v\u00e6rt&hellip;\n","protected":false},"author":2,"featured_media":128180,"comment_status":"","ping_status":"","sticky":false,"template":"","format":"standard","meta":{"footnotes":""},"categories":[5],"tags":[36,20,21,24,25,10497,15,19,14851,22,23,2688,17,18,13,30,28,29,14,16,1510,26,27],"class_list":{"0":"post-128179","1":"post","2":"type-post","3":"status-publish","4":"format-standard","5":"has-post-thumbnail","7":"category-overskrifter","8":"tag-art","9":"tag-breaking-news","10":"tag-breakingnews","11":"tag-featured-news","12":"tag-featurednews","13":"tag-fyrverkeri","14":"tag-headlines","15":"tag-hovedoppslag","16":"tag-hunder","17":"tag-latest-news","18":"tag-latestnews","19":"tag-leirfjord","20":"tag-main-news","21":"tag-mainnews","22":"tag-news","23":"tag-no","24":"tag-norge","25":"tag-norway","26":"tag-nyheter","27":"tag-overskrifter","28":"tag-story","29":"tag-top-stories","30":"tag-topstories"},"share_on_mastodon":{"url":"https:\/\/pubeurope.com\/@no\/115833290403361231","error":""},"_links":{"self":[{"href":"https:\/\/www.europesays.com\/no\/wp-json\/wp\/v2\/posts\/128179","targetHints":{"allow":["GET"]}}],"collection":[{"href":"https:\/\/www.europesays.com\/no\/wp-json\/wp\/v2\/posts"}],"about":[{"href":"https:\/\/www.europesays.com\/no\/wp-json\/wp\/v2\/types\/post"}],"author":[{"embeddable":true,"href":"https:\/\/www.europesays.com\/no\/wp-json\/wp\/v2\/users\/2"}],"replies":[{"embeddable":true,"href":"https:\/\/www.europesays.com\/no\/wp-json\/wp\/v2\/comments?post=128179"}],"version-history":[{"count":0,"href":"https:\/\/www.europesays.com\/no\/wp-json\/wp\/v2\/posts\/128179\/revisions"}],"wp:featuredmedia":[{"embeddable":true,"href":"https:\/\/www.europesays.com\/no\/wp-json\/wp\/v2\/media\/128180"}],"wp:attachment":[{"href":"https:\/\/www.europesays.com\/no\/wp-json\/wp\/v2\/media?parent=128179"}],"wp:term":[{"taxonomy":"category","embeddable":true,"href":"https:\/\/www.europesays.com\/no\/wp-json\/wp\/v2\/categories?post=128179"},{"taxonomy":"post_tag","embeddable":true,"href":"https:\/\/www.europesays.com\/no\/wp-json\/wp\/v2\/tags?post=128179"}],"curies":[{"name":"wp","href":"https:\/\/api.w.org\/{rel}","templated":true}]}}