{"id":128181,"date":"2026-01-03T21:28:13","date_gmt":"2026-01-03T21:28:13","guid":{"rendered":"https:\/\/www.europesays.com\/no\/128181\/"},"modified":"2026-01-03T21:28:13","modified_gmt":"2026-01-03T21:28:13","slug":"aabrekk-star-over-siste-tour-de-ski-etappe","status":"publish","type":"post","link":"https:\/\/www.europesays.com\/no\/128181\/","title":{"rendered":"Aabrekk st\u00e5r over siste Tour de Ski-etappe"},"content":{"rendered":"\n<p class=\"_lead_o9xde_2 _lead_xtcu6_50 layout-component text-serif-m layout-normal text-serif-l layout-component layout-wide layout-padded _wide_17hqh_1 layout-padded\">Ingrid Bergene Aabrekk blir ikke \u00e5 se i s\u00f8ndagens avslutningsrenn i Tour de Ski. Hun skal trene fram mot NM.<\/p>\n<p><img alt=\"Ingrid Bergene Aabrekk st\u00e5r av Tour de Ski.&#10;Foto: Terje Pedersen \/ NTB\" class=\"_image_qp4xg_65 layout-component layout-wide\" data-fullscreen- data-track-element-type=\"Article image fullscreen\" data-track-name=\"ImageFullscreen\" fetchpriority=\"high\" decoding=\"sync\" loading=\"eager\" height=\"4000\" itemprop=\"image\"  src=\"https:\/\/www.europesays.com\/no\/wp-content\/uploads\/2026\/01\/20418ac9-4258-4b79-9a38-1b0cc4d98ff5.png\"  style=\"object-position:0% 0%\" width=\"6000\"\/>Ingrid Bergene Aabrekk st\u00e5r av Tour de Ski.<br \/>\nFoto: Terje Pedersen \/ NTB<\/p>\n<ul aria-hidden=\"true\" class=\"_images_ntbth_112\">\n<li><a class=\"_link_ntbth_117\" href=\"https:\/\/www.vg.no\/forfatter\/ntb\" style=\"z-index:1\" title=\"NTB\" rel=\"nofollow noopener\" target=\"_blank\"><img alt=\"Bilde av NTB\" class=\"_image_ntbth_93\" fetchpriority=\"low\" loading=\"lazy\" decoding=\"async\" itemprop=\"image\"  src=\"https:\/\/www.europesays.com\/no\/wp-content\/uploads\/2026\/01\/1767475693_603_c33980b0-5d07-4027-84a1-813f90a7c8d6.png\"  width=\"480\"\/><\/a><\/li>\n<\/ul>\n<p> Oppdatert l\u00f8rdag 3. januar kl. 20:31     <\/p>\n<p class=\"_paragraph_o9xde_4 _paragraph_xtcu6_10 layout-component text-serif-m layout-normal text-serif-m layout-padded\"> Det opplyser landslagstrener Sjur Ole Svarstad til <a href=\"https:\/\/www.nrk.no\/sport\/aabrekk-bryter-tour-de-ski-1.17712938\" class=\"_link_o9xde_39\" rel=\"nofollow noopener\" target=\"_blank\">NRK<\/a>. NM arrangeres i Steinkjer om snaut to uker. Der har de norske l\u00f8perne en siste mulighet til \u00e5 overbevise landslagsledelsen i kampen om OL-plass.<\/p>\n<p class=\"_paragraph_o9xde_4 _paragraph_xtcu6_10 layout-component text-serif-m layout-normal text-serif-m layout-padded\">Aabrekk hadde over tolv minutter opp til leder Jessie Diggins f\u00f8r siste etappe opp knallt\u00f8ffe Alpe Cermis i Val di Fiemme. Dermed var hun uansett uten mulighet for en topplassering.<\/p>\n<p class=\"_paragraph_o9xde_4 _paragraph_xtcu6_10 layout-component text-serif-m layout-normal text-serif-m layout-padded\">Aabrekk r\u00f8k ut i kvartfinalen p\u00e5 l\u00f8rdagens sprint i l\u00f8ypene som om en m\u00e5ned skal brukes under OL.<\/p>\n","protected":false},"excerpt":{"rendered":"Ingrid Bergene Aabrekk blir ikke \u00e5 se i s\u00f8ndagens avslutningsrenn i Tour de Ski. Hun skal trene fram&hellip;\n","protected":false},"author":2,"featured_media":128182,"comment_status":"","ping_status":"","sticky":false,"template":"","format":"standard","meta":{"footnotes":""},"categories":[59],"tags":[398,30,28,29,83,82,12662],"class_list":{"0":"post-128181","1":"post","2":"type-post","3":"status-publish","4":"format-standard","5":"has-post-thumbnail","7":"category-sport","8":"tag-langrenn","9":"tag-no","10":"tag-norge","11":"tag-norway","12":"tag-sport","13":"tag-sports","14":"tag-tour-de-ski"},"share_on_mastodon":{"url":"https:\/\/pubeurope.com\/@no\/115833294246228462","error":""},"_links":{"self":[{"href":"https:\/\/www.europesays.com\/no\/wp-json\/wp\/v2\/posts\/128181","targetHints":{"allow":["GET"]}}],"collection":[{"href":"https:\/\/www.europesays.com\/no\/wp-json\/wp\/v2\/posts"}],"about":[{"href":"https:\/\/www.europesays.com\/no\/wp-json\/wp\/v2\/types\/post"}],"author":[{"embeddable":true,"href":"https:\/\/www.europesays.com\/no\/wp-json\/wp\/v2\/users\/2"}],"replies":[{"embeddable":true,"href":"https:\/\/www.europesays.com\/no\/wp-json\/wp\/v2\/comments?post=128181"}],"version-history":[{"count":0,"href":"https:\/\/www.europesays.com\/no\/wp-json\/wp\/v2\/posts\/128181\/revisions"}],"wp:featuredmedia":[{"embeddable":true,"href":"https:\/\/www.europesays.com\/no\/wp-json\/wp\/v2\/media\/128182"}],"wp:attachment":[{"href":"https:\/\/www.europesays.com\/no\/wp-json\/wp\/v2\/media?parent=128181"}],"wp:term":[{"taxonomy":"category","embeddable":true,"href":"https:\/\/www.europesays.com\/no\/wp-json\/wp\/v2\/categories?post=128181"},{"taxonomy":"post_tag","embeddable":true,"href":"https:\/\/www.europesays.com\/no\/wp-json\/wp\/v2\/tags?post=128181"}],"curies":[{"name":"wp","href":"https:\/\/api.w.org\/{rel}","templated":true}]}}