{"id":128197,"date":"2026-01-03T21:50:09","date_gmt":"2026-01-03T21:50:09","guid":{"rendered":"https:\/\/www.europesays.com\/no\/128197\/"},"modified":"2026-01-03T21:50:09","modified_gmt":"2026-01-03T21:50:09","slug":"na-vm-finale-dagbladet","status":"publish","type":"post","link":"https:\/\/www.europesays.com\/no\/128197\/","title":{"rendered":"N\u00c5: VM-finale &#8211; Dagbladet"},"content":{"rendered":"<ol>\n<li><a href=\"https:\/\/news.google.com\/rss\/articles\/CBMiYkFVX3lxTE45cVZzaF9teVJyZjhjVnpfWGZKNXhVYmc5YkNpS2NVOGdIQnd1N0ZUWGtPbndSal93ekgzRHp1c3VJbDVySmw5QVV6V01KczdkR055eGNQcjRyR3J5WENsUkxn?oc=5\" target=\"_blank\" rel=\"nofollow noopener\">N\u00c5: VM-finale<\/a>&nbsp;&nbsp;Dagbladet<\/li>\n<li><a href=\"https:\/\/news.google.com\/rss\/articles\/CBMinAFBVV95cUxQZjZybWprcUNZSEtfd0VfZWtRMGpTNy1rb2QxSXJOaEx0cWNMdzB4ckZYdjJYZ0JjQVFSNldzb21rVDdfX082aUtZQ0g1TmttcXM1TlljVjBTdUJNUVJMR0t5cXRXbHJHdGt4NHpHTVpBM2RNT3ZGZm5NM1ZIRklROUhucDh3LUdaZkFmX1I1VEhTTngwQmc1TzE5V2c?oc=5\" target=\"_blank\" rel=\"nofollow noopener\">Dart: Luke Littler (18) suveren i VM-finalen &#8211; vant for andre \u00e5r p\u00e5 rad<\/a>&nbsp;&nbsp;VG<\/li>\n<li><a href=\"https:\/\/news.google.com\/rss\/articles\/CBMiuAFBVV95cUxOc3ktSjRBMWhlbURzU0JmOFRVcVozQUhuaGg5TVplcHRBVzZtMFRCT3p6Njc0c1UtVXhLLU1UN2JnMGZpWUNCV2ZDMVZudWRPTkZRUjRzUmxtd1FUUV9aM05GU2FrT0p5UVJacGtzcjVJZkVDLThGRklBR3c0LTl4WkQyWkw0Sk02T2d6eGdiRjNicXA5MzF5QnVTa3FYVUVEa2lhYUd0WUNNUFJvWjBPbnFIelgzZ2sw?oc=5\" target=\"_blank\" rel=\"nofollow noopener\">Dartstjernen Luke Littler (18) slo nederlandske Gian Van Veen i VM-finalen i dart<\/a>&nbsp;&nbsp;NRK<\/li>\n<li><a href=\"https:\/\/news.google.com\/rss\/articles\/CBMisAFBVV95cUxQMUI5ajNyNFZlMU1NaUplRnNhX01hLW5OUEo3VGJsUG4zVEl0eENSMlVqMHRHWjhJU1NScFh2UFBKbzFYRDRxR3pWZkE1dElycWNENG51eFVzdHRIQjFjb2stczl2cGNFUURXRHZ1Q1RQa3JPeklqOTkzVFRrbDhsdFM5UGhQTzkxek9LZnFiWGNOZ01nenJvbEJ1am1aVTJ2TjVxOFZkSHJYTlhFMzVaeA?oc=5\" target=\"_blank\" rel=\"nofollow noopener\">Dartfenomenet Luke Littler forsvarte VM-tittelen \u2013 vant rekordstor pengepremie<\/a>&nbsp;&nbsp;TV2.no<\/li>\n<li><a href=\"https:\/\/news.google.com\/rss\/articles\/CBMipwFBVV95cUxOMWg1dUdxMFg2VGNna3BrMVM4V3JQS2RtSWhCQ1ZiLW8xTGpTUVhBdG1YTFppVjR2MVFady02TU9LeDRDb1l5eXJUckhNYkQ1VF8zakZhdDZDLWhodVFUM0c4OWc5V0xfWjN0VVRiVkxfOWNuWmY1MnVIT1BwVHhSY2U0cF84bDRIWlpMWGY0TDc5dDlSY29WR3FOZnc5Zk45dUN3ci1vNA?oc=5\" target=\"_blank\" rel=\"nofollow noopener\">Semifinale i dart-VM: Kan Luke Littler ta seg til finalen igjen?<\/a>&nbsp;&nbsp;Aftenposten<\/li>\n<\/ol>\n","protected":false},"excerpt":{"rendered":"N\u00c5: VM-finale&nbsp;&nbsp;Dagbladet Dart: Luke Littler (18) suveren i VM-finalen &#8211; vant for andre \u00e5r p\u00e5 rad&nbsp;&nbsp;VG Dartstjernen Luke&hellip;\n","protected":false},"author":2,"featured_media":128198,"comment_status":"","ping_status":"","sticky":false,"template":"","format":"standard","meta":{"footnotes":""},"categories":[59],"tags":[10312,14804,30,28,29,83,82],"class_list":{"0":"post-128197","1":"post","2":"type-post","3":"status-publish","4":"format-standard","5":"has-post-thumbnail","7":"category-sport","8":"tag-dart","9":"tag-luke-littler","10":"tag-no","11":"tag-norge","12":"tag-norway","13":"tag-sport","14":"tag-sports"},"share_on_mastodon":{"url":"https:\/\/pubeurope.com\/@no\/115833380724318550","error":""},"_links":{"self":[{"href":"https:\/\/www.europesays.com\/no\/wp-json\/wp\/v2\/posts\/128197","targetHints":{"allow":["GET"]}}],"collection":[{"href":"https:\/\/www.europesays.com\/no\/wp-json\/wp\/v2\/posts"}],"about":[{"href":"https:\/\/www.europesays.com\/no\/wp-json\/wp\/v2\/types\/post"}],"author":[{"embeddable":true,"href":"https:\/\/www.europesays.com\/no\/wp-json\/wp\/v2\/users\/2"}],"replies":[{"embeddable":true,"href":"https:\/\/www.europesays.com\/no\/wp-json\/wp\/v2\/comments?post=128197"}],"version-history":[{"count":0,"href":"https:\/\/www.europesays.com\/no\/wp-json\/wp\/v2\/posts\/128197\/revisions"}],"wp:featuredmedia":[{"embeddable":true,"href":"https:\/\/www.europesays.com\/no\/wp-json\/wp\/v2\/media\/128198"}],"wp:attachment":[{"href":"https:\/\/www.europesays.com\/no\/wp-json\/wp\/v2\/media?parent=128197"}],"wp:term":[{"taxonomy":"category","embeddable":true,"href":"https:\/\/www.europesays.com\/no\/wp-json\/wp\/v2\/categories?post=128197"},{"taxonomy":"post_tag","embeddable":true,"href":"https:\/\/www.europesays.com\/no\/wp-json\/wp\/v2\/tags?post=128197"}],"curies":[{"name":"wp","href":"https:\/\/api.w.org\/{rel}","templated":true}]}}