{"id":128217,"date":"2026-01-03T22:11:06","date_gmt":"2026-01-03T22:11:06","guid":{"rendered":"https:\/\/www.europesays.com\/no\/128217\/"},"modified":"2026-01-03T22:11:06","modified_gmt":"2026-01-03T22:11:06","slug":"tre-himmelbegivenheter-i-kveld-supermane-supersol-og-meteorer-fosna-folket-no","status":"publish","type":"post","link":"https:\/\/www.europesays.com\/no\/128217\/","title":{"rendered":"Tre himmelbegivenheter i kveld: Superm\u00e5ne, supersol og meteorer &#8211; fosna-folket.no"},"content":{"rendered":"<ol>\n<li><a href=\"https:\/\/news.google.com\/rss\/articles\/CBMiqwFBVV95cUxPMm1fRlhZS0cwZHFGYUJXemNiM25TRXV5NlZ4OUZ0TVVBWGxnLXBUX3U4QVhsbDBFaUV5Z1lpdi1zY3h6ZXJuZDg2M2hKNkZ3WlF4a0x6OGczSnF5dnF1SzZGNWhVRHBkblpLY3o5aW83MWFrbXZEVnVHMG1tUzhKTy1vUXZ2N2VHMVFWSnRaZXJPODZwVGw5RkZvZ0RWQWM2aGZfeDdrcmpOeUE?oc=5\" target=\"_blank\" rel=\"nofollow noopener\">Tre himmelbegivenheter i kveld: Superm\u00e5ne, supersol og meteorer<\/a>&nbsp;&nbsp;fosna-folket.no<\/li>\n<li><a href=\"https:\/\/news.google.com\/rss\/articles\/CBMiekFVX3lxTE9IZTlNVmFwWnd4aUo2LVZ1bUpsYkZHT2VSNktsMEdtRGgyOGFpZ2czcGlPbTRBMjZaZGxHdndIc3NpdUpoelR6ZjBzS3p3QWdxQ1E1ajFlRWpOYnlWNjc4bGlQdU0xV1hqV0ZJVFhXRjlObTBxUnRGNURn?oc=5\" target=\"_blank\" rel=\"nofollow noopener\">Se opp: Tre himmelfenomener samtidig<\/a>&nbsp;&nbsp;VG<\/li>\n<li><a href=\"https:\/\/news.google.com\/rss\/articles\/CBMidkFVX3lxTFBLbTE4V1gzVGlCZXVqVEdtaWtkME13RzdlN0p5aGNCY3FQMko2SWVpa3pDMmJkVGg3cXVxaFJBeTFueWhyc1lnWlpTeFVRRWJsbzdJVGwtQ0lDdS0wNnB3NGhPSDcxUnJEQzFJT2pCODZiMmViTVE?oc=5\" target=\"_blank\" rel=\"nofollow noopener\">Slik var superm\u00e5nen l\u00f8rdag kveld<\/a>&nbsp;&nbsp;Helgelands Blad<\/li>\n<li><a href=\"https:\/\/news.google.com\/rss\/articles\/CBMi1wFBVV95cUxOckg4cm5FSHNyT3VXMkNUeXFNMjZCX2lMdTFNcVpYckdCS2NMemdFSkI1ZHNhel9ZQ2J2WWRMRHFsSkZLSHcyQzlqdUg3Q3hTSG9HYTl4d291RnA1MWZweXlWVGd4dHVxcnQzUUZwcjR6U3J3VUNpZWtlR3FTVWpLNFo4T3g1c1JhRTBrWXZ1UXMyaFEzbEhRNmhoajlBeWpMUnRPcWFPVUEtMWJzRVM4US16Ym9uVkhhbUdUeW92cjNQR2tKSDJFaEh3Skl6MWhtd2NKb2RaSQ?oc=5\" target=\"_blank\" rel=\"nofollow noopener\">2026 blir et spektakul\u00e6rt astronomi\u00e5r med superm\u00e5ne, supersol, meteorsverm, form\u00f8rkelser og nordlys<\/a>&nbsp;&nbsp;NRK<\/li>\n<li><a href=\"https:\/\/news.google.com\/rss\/articles\/CBMinAFBVV95cUxOVXBJZU5jZVdGTjdjSUI1bTVnXzNtR0ticThSZkFFRVEtenRqclVMaW13Yzh0WF8zQ2FORWpMSjBqVFBEMlRNX0FWZURaNG1Zc2pIeFJiSzU3aHBWTWw1cUswNzJhc0g5TDJwWmJmZ1RLWWdSUzdleEpsU2tDeERoblNvX1NUNkxzYS1uWEJSNUZnMmtmLXExdlF3UFQ?oc=5\" target=\"_blank\" rel=\"nofollow noopener\">2026 blir et spektakul\u00e6rt himmel\u00e5r \u2013 starter allerede i dag<\/a>&nbsp;&nbsp;Bergens Tidende<\/li>\n<\/ol>\n","protected":false},"excerpt":{"rendered":"Tre himmelbegivenheter i kveld: Superm\u00e5ne, supersol og meteorer&nbsp;&nbsp;fosna-folket.no Se opp: Tre himmelfenomener samtidig&nbsp;&nbsp;VG Slik var superm\u00e5nen l\u00f8rdag kveld&nbsp;&nbsp;Helgelands&hellip;\n","protected":false},"author":2,"featured_media":128218,"comment_status":"","ping_status":"","sticky":false,"template":"","format":"standard","meta":{"footnotes":""},"categories":[57],"tags":[30,28,29,65,63,64,66,70,69,67,68],"class_list":{"0":"post-128217","1":"post","2":"type-post","3":"status-publish","4":"format-standard","5":"has-post-thumbnail","7":"category-vitenskap-og-teknologi","8":"tag-no","9":"tag-norge","10":"tag-norway","11":"tag-science","12":"tag-science-and-technology","13":"tag-scienceandtechnology","14":"tag-technology","15":"tag-teknologi","16":"tag-vitenskap","17":"tag-vitenskap-og-teknologi","18":"tag-vitenskapteknologi"},"share_on_mastodon":{"url":"https:\/\/pubeurope.com\/@no\/115833463267016720","error":""},"_links":{"self":[{"href":"https:\/\/www.europesays.com\/no\/wp-json\/wp\/v2\/posts\/128217","targetHints":{"allow":["GET"]}}],"collection":[{"href":"https:\/\/www.europesays.com\/no\/wp-json\/wp\/v2\/posts"}],"about":[{"href":"https:\/\/www.europesays.com\/no\/wp-json\/wp\/v2\/types\/post"}],"author":[{"embeddable":true,"href":"https:\/\/www.europesays.com\/no\/wp-json\/wp\/v2\/users\/2"}],"replies":[{"embeddable":true,"href":"https:\/\/www.europesays.com\/no\/wp-json\/wp\/v2\/comments?post=128217"}],"version-history":[{"count":0,"href":"https:\/\/www.europesays.com\/no\/wp-json\/wp\/v2\/posts\/128217\/revisions"}],"wp:featuredmedia":[{"embeddable":true,"href":"https:\/\/www.europesays.com\/no\/wp-json\/wp\/v2\/media\/128218"}],"wp:attachment":[{"href":"https:\/\/www.europesays.com\/no\/wp-json\/wp\/v2\/media?parent=128217"}],"wp:term":[{"taxonomy":"category","embeddable":true,"href":"https:\/\/www.europesays.com\/no\/wp-json\/wp\/v2\/categories?post=128217"},{"taxonomy":"post_tag","embeddable":true,"href":"https:\/\/www.europesays.com\/no\/wp-json\/wp\/v2\/tags?post=128217"}],"curies":[{"name":"wp","href":"https:\/\/api.w.org\/{rel}","templated":true}]}}