{"id":128220,"date":"2026-01-03T22:21:08","date_gmt":"2026-01-03T22:21:08","guid":{"rendered":"https:\/\/www.europesays.com\/no\/128220\/"},"modified":"2026-01-03T22:21:08","modified_gmt":"2026-01-03T22:21:08","slug":"dart-luke-littler-18-suveren-i-vm-finalen","status":"publish","type":"post","link":"https:\/\/www.europesays.com\/no\/128220\/","title":{"rendered":"Dart: Luke Littler (18) suveren i VM-finalen"},"content":{"rendered":"\n<p class=\"_lead_o9xde_2 _lead_xtcu6_50 layout-component text-serif-m layout-normal text-serif-l layout-component layout-wide layout-padded _wide_17hqh_1 layout-padded\">Luke \u00abThe Nuke\u00bb Littler storspilte til de grader i VM-finalen mot Gian van Veen (23), tok den st\u00f8rste seieren i en VM-finale p\u00e5 17 \u00e5r \u2013 og vant 13 millioner kroner.<\/p>\n<p> <img class=\"_image_qp4xg_65 layout-component layout-wide\" data-fullscreen- data-track-element-type=\"Article image fullscreen\" data-track-name=\"ImageFullscreen\" fetchpriority=\"high\" decoding=\"sync\" loading=\"eager\" height=\"57\" itemprop=\"image\"  src=\"https:\/\/www.europesays.com\/no\/wp-content\/uploads\/2026\/01\/545be180656903fdf6fa5a855f74a200.jpg\"  style=\"object-position:50% 50%;aspect-ratio:1.75;height:auto;object-fit:cover;width:100%\" width=\"102\"\/>  <\/p>\n<ul aria-hidden=\"true\" class=\"_images_ntbth_112\">\n<li><a class=\"_link_ntbth_117\" href=\"https:\/\/www.vg.no\/forfatter\/henrik-davidsen-hellevik\" style=\"z-index:1\" title=\"Henrik Davidsen Hellevik\" rel=\"nofollow noopener\" target=\"_blank\"><img alt=\"Bilde av Henrik Davidsen Hellevik\" class=\"_image_ntbth_93\" fetchpriority=\"low\" loading=\"lazy\" decoding=\"async\" itemprop=\"image\"  src=\"https:\/\/www.europesays.com\/no\/wp-content\/uploads\/2026\/01\/1767478868_445_5443292c-a647-4269-871c-1f6248707e55.jpeg\"  width=\"480\"\/><\/a><\/li>\n<\/ul>\n<p> Oppdatert l\u00f8rdag 3. januar kl. 23:09     <\/p>\n<p class=\"_paragraph_o9xde_4 _paragraph_xtcu6_10 layout-component text-serif-m layout-normal text-serif-m layout-padded\">\u2013 Det f\u00f8les fantastisk!<\/p>\n<p class=\"_paragraph_o9xde_4 _paragraph_xtcu6_10 layout-component text-serif-m layout-normal text-serif-m layout-padded\">Det sier Littler til Sky Sports etter VM-tittelen var et faktum.<\/p>\n<p class=\"_paragraph_o9xde_4 _paragraph_xtcu6_10 layout-component text-serif-m layout-normal text-serif-m layout-padded\">Til tross for at den nederlandske outsideren Gian van Veen skulle ryste Littler i finalens f\u00f8rste sett, var 18-\u00e5ringen fra Warrington overlegen i resten av kampen.<\/p>\n<p class=\"_paragraph_o9xde_4 _paragraph_xtcu6_10 layout-component text-serif-m layout-normal text-serif-m layout-padded\">Syv strake sett ble fasit, og <a href=\"https:\/\/www.vg.no\/tag\/luke-littler?utm_source=vg-article&amp;utm_medium=auto-tagger&amp;utm_campaign=XMg7L7\" class=\"_link_o9xde_39\" rel=\"nofollow noopener\" target=\"_blank\">Luke Littler<\/a> ble verdensmester for andre \u00e5r p\u00e5 rad. Med sluttresultatet 7\u20131 sikret Littler seg den st\u00f8rste seieren i en VM-finale siden dartlegenden Phil Taylor slo Raymond van Barneveld i 2009 med samme siffer.<\/p>\n<p class=\"_paragraph_o9xde_4 _paragraph_xtcu6_10 layout-component text-serif-m layout-normal text-serif-m layout-padded\">\u2013 Van Veen spiller ikke d\u00e5rlig, men han blir bare malt i stykker, sa Sky Sports\u2019 dartekspert Wayne Mardle underveis.<\/p>\n<p>Luke Littler<\/p>\n<p class=\"_paragraph_o9xde_4 _paragraph_xtcu6_10 _paragraph_16v91_10 layout-component text-serif-m layout-normal text-sans-m layout-padded\">F\u00f8dt: 21. januar 2007 (18 \u00e5r)<\/p>\n<p class=\"_paragraph_o9xde_4 _paragraph_xtcu6_10 _paragraph_16v91_10 layout-component text-serif-m layout-normal text-sans-m layout-padded\">Nasjonalitet: Engelsk<\/p>\n<p class=\"_paragraph_o9xde_4 _paragraph_xtcu6_10 _paragraph_16v91_10 layout-component text-serif-m layout-normal text-sans-m layout-padded\">Kallenavn: \u00abThe Nuke\u00bb<\/p>\n<p class=\"_paragraph_o9xde_4 _paragraph_xtcu6_10 _paragraph_16v91_10 layout-component text-serif-m layout-normal text-sans-m layout-padded\">Verdensranking: 1. plass<\/p>\n<p>Vis mer<\/p>\n<p class=\"_paragraph_o9xde_4 _paragraph_xtcu6_10 layout-component text-serif-m layout-normal text-serif-m layout-padded\">VM-tittelen har ogs\u00e5 sine \u00f8konomiske fordeler. Med seieren vinner Littler i overkant av 13 millioner norske kroner13 millioner norske kroner\u00c9n million britiske pund.. Det er den st\u00f8rste pengepremien utdelt i darthistorien. Gian van Veen f\u00e5r p\u00e5 sin side ca. 5,4 millionerca. 5,4 millioner400 000 britiske pund for sin 2. plass.<\/p>\n<p class=\"_paragraph_o9xde_4 _paragraph_xtcu6_10 layout-component text-serif-m layout-normal text-serif-m layout-padded\">\u2013 Det forandrer jo selvsagt livet mitt. Selvf\u00f8lgelig, svarer Littler p\u00e5 sp\u00f8rsm\u00e5let om hva han skal bruke pengene p\u00e5.<\/p>\n<p class=\"_paragraph_o9xde_4 _paragraph_xtcu6_10 layout-component text-serif-m layout-normal text-serif-m layout-padded\">Ett av finalens store h\u00f8ydepunkt var da 18-\u00e5ringen avgjorde det tredje settet med \u00abbig fish\u00bb\u00abbig fish\u00bb\u00abBig Fish\u00bb er \u00e5 avslutte legget med 170, som er det h\u00f8yeste som g\u00e5r an \u00e5 avslutte med for \u00e5 vinne et leg..<\/p>\n<p class=\"_paragraph_o9xde_4 _paragraph_xtcu6_10 layout-component text-serif-m layout-normal text-serif-m layout-padded\">\u2013 Luke har v\u00e6rt n\u00e5del\u00f8s. Han har ikke v\u00e6rt skudd av et eneste millisekund, kommenterte Mardle.<\/p>\n<p class=\"_paragraph_o9xde_4 _paragraph_xtcu6_10 layout-component text-serif-m layout-normal text-serif-m layout-padded\">Han ble samtidig den syvende som har blitt verdensmester to ganger eller mer. Legenden Phil Taylor tok hele 14 i sin karriere14 i sin karriereRegnes fra VM-formatet som er gjeldende n\u00e5, som har v\u00e6rt siden 1994. Tok ogs\u00e5 to VM-titler f\u00f8r dette., mens nevnte Van Gerwen er nestemann p\u00e5 listen med tre.<\/p>\n<p class=\"_paragraph_o9xde_4 _paragraph_xtcu6_10 layout-component text-serif-m layout-normal text-serif-m layout-padded\">I fjerde sett ble Littler satt ut av en veps p\u00e5 scenen og m\u00e5tte dukke unna. Han kom etter hvert til fatningen igjen og tok hjem settseieren. \u00abAlly Pally-vepsen\u00bb har blitt kjent i \u00e5rets mesterskap som en plage for flere spillere. Den ville ogs\u00e5 f\u00e5 med seg finalekampen.<\/p>\n<p class=\"_paragraph_o9xde_4 _paragraph_xtcu6_10 layout-component text-serif-m layout-normal text-serif-m layout-padded\">Littler har spilt tre strake VM-finaler. Han ble i fjor tidenes yngste verdensmester som 17-\u00e5ring. \u00c5ret f\u00f8r tapte han for landsmann Luke Humphries.<\/p>\n","protected":false},"excerpt":{"rendered":"Luke \u00abThe Nuke\u00bb Littler storspilte til de grader i VM-finalen mot Gian van Veen (23), tok den st\u00f8rste&hellip;\n","protected":false},"author":2,"featured_media":128221,"comment_status":"","ping_status":"","sticky":false,"template":"","format":"standard","meta":{"footnotes":""},"categories":[5],"tags":[20,21,10312,24,25,15,19,22,23,14804,17,18,13,30,28,29,14,16,26,27],"class_list":{"0":"post-128220","1":"post","2":"type-post","3":"status-publish","4":"format-standard","5":"has-post-thumbnail","7":"category-overskrifter","8":"tag-breaking-news","9":"tag-breakingnews","10":"tag-dart","11":"tag-featured-news","12":"tag-featurednews","13":"tag-headlines","14":"tag-hovedoppslag","15":"tag-latest-news","16":"tag-latestnews","17":"tag-luke-littler","18":"tag-main-news","19":"tag-mainnews","20":"tag-news","21":"tag-no","22":"tag-norge","23":"tag-norway","24":"tag-nyheter","25":"tag-overskrifter","26":"tag-top-stories","27":"tag-topstories"},"share_on_mastodon":{"url":"https:\/\/pubeurope.com\/@no\/115833502817430243","error":""},"_links":{"self":[{"href":"https:\/\/www.europesays.com\/no\/wp-json\/wp\/v2\/posts\/128220","targetHints":{"allow":["GET"]}}],"collection":[{"href":"https:\/\/www.europesays.com\/no\/wp-json\/wp\/v2\/posts"}],"about":[{"href":"https:\/\/www.europesays.com\/no\/wp-json\/wp\/v2\/types\/post"}],"author":[{"embeddable":true,"href":"https:\/\/www.europesays.com\/no\/wp-json\/wp\/v2\/users\/2"}],"replies":[{"embeddable":true,"href":"https:\/\/www.europesays.com\/no\/wp-json\/wp\/v2\/comments?post=128220"}],"version-history":[{"count":0,"href":"https:\/\/www.europesays.com\/no\/wp-json\/wp\/v2\/posts\/128220\/revisions"}],"wp:featuredmedia":[{"embeddable":true,"href":"https:\/\/www.europesays.com\/no\/wp-json\/wp\/v2\/media\/128221"}],"wp:attachment":[{"href":"https:\/\/www.europesays.com\/no\/wp-json\/wp\/v2\/media?parent=128220"}],"wp:term":[{"taxonomy":"category","embeddable":true,"href":"https:\/\/www.europesays.com\/no\/wp-json\/wp\/v2\/categories?post=128220"},{"taxonomy":"post_tag","embeddable":true,"href":"https:\/\/www.europesays.com\/no\/wp-json\/wp\/v2\/tags?post=128220"}],"curies":[{"name":"wp","href":"https:\/\/api.w.org\/{rel}","templated":true}]}}