{"id":128234,"date":"2026-01-03T22:30:20","date_gmt":"2026-01-03T22:30:20","guid":{"rendered":"https:\/\/www.europesays.com\/no\/128234\/"},"modified":"2026-01-03T22:30:20","modified_gmt":"2026-01-03T22:30:20","slug":"zach-bryans-bryllup-vekker-oppsikt-bruden-ligner-ekskjaeresten","status":"publish","type":"post","link":"https:\/\/www.europesays.com\/no\/128234\/","title":{"rendered":"Zach Bryans bryllup vekker oppsikt: Bruden ligner ekskj\u00e6resten"},"content":{"rendered":"<p class=\"kicker t20\" style=\"\">Zach Bryan og\u00a0Samantha Leonard:<\/p>\n<p>  Gr\u00fcnder og podkaster kaller blant annet brudgommen for \u00abfullstendig psykopat\u00bb.<\/p>\n<p>\n    NYGIFT: Zach Bryan bekreftet tidligere denne uken at han har giftet seg. Foto: Paul R. Giunta\/NTB\n  <\/p>\n<p id=\"text\" class=\"svelte-1bgec1z\">I samarbeid med<\/p>\n<p>     <img decoding=\"async\" src=\"https:\/\/www.europesays.com\/no\/wp-content\/uploads\/2025\/12\/fishermansFriend.png\" alt=\"kommersiell logo\" class=\"svelte-1bgec1z\"\/>          <\/p>\n<p>Countryartisten Zach Bryan (29) giftet seg nylig med influenseren Samantha Leonard (28). <a href=\"https:\/\/www.seher.no\/kjendis\/na-er-han-gift\/84045337\" rel=\"nofollow noopener\" target=\"_blank\">Det bekreftet 29-\u00e5ringen p\u00e5 nytt\u00e5rsaften.<\/a><\/p>\n<p>    <a itemprop=\"url\" href=\"https:\/\/www.seher.no\/kjendis\/na-er-han-gift\/84045337\" rel=\"nofollow noopener\" target=\"_blank\"><\/p>\n<p>        <img loading=\"lazy\" decoding=\"async\" src=\"https:\/\/www.europesays.com\/no\/wp-content\/uploads\/2026\/01\/1767479415_560_84045541.webp.webp\" width=\"980\" height=\"441\" title=\"N\u00e5 er han gift!\" alt=\"\" class=\"lazyload\" style=\"--aspect-ratio-image: 2.22; \"\/><\/p>\n<p>        N\u00e5 er han gift!<\/p>\n<p>    <\/a><\/p>\n<p>Paret ble f\u00f8rst koblet sammen i juni 2025, og n\u00e5 har lynbryllupet skapt reaksjoner i sosiale medier.<\/p>\n<p class=\"font-weight-bold m-font-weight-bold\" data-lab-font_weight=\"font-weight-bold\">Enkelte mener nemlig at bruden er<a href=\"https:\/\/www.seher.no\/kjendis\/bekrefter-brudd\/82118878\" rel=\"nofollow noopener\" target=\"_blank\"> skremmende lik Bryans ekskj\u00e6reste<\/a> Brianna LaPaglia (26).<\/p>\n<p class=\"font-weight-bold m-font-weight-bold\" data-lab-font_weight=\"font-weight-bold\">En som ikke lot seg vente med \u00e5 kommentere countryartistens bryllup var Barstool Sports-gr\u00fcnderen Dave Portnoy (48).<\/p>\n<p>    <a itemprop=\"url\" href=\"https:\/\/www.seher.no\/kjendis\/har-giftet-seg\/83998129\" rel=\"nofollow noopener\" target=\"_blank\"><\/p>\n<p>        <img loading=\"lazy\" decoding=\"async\" src=\"https:\/\/www.europesays.com\/no\/wp-content\/uploads\/2026\/01\/1767479417_719_83670663.webp.webp\" width=\"980\" height=\"441\" title=\"Har giftet seg\" alt=\"\" class=\"lazyload\" style=\"--aspect-ratio-image: 2.22; \"\/><\/p>\n<p>        Har giftet seg<\/p>\n<p>    <\/a><\/p>\n<p>\u00abDet er umulig at det ikke er en Brianna-robot. Helt umulig\u00bb, skrev 48-\u00e5ringen p\u00e5 <a href=\"https:\/\/x.com\/stoolpresidente\/status\/2007146990719942963?s=20\" rel=\"nofollow\">X<\/a>, og viste til brudens likhet med LaPaglia.<\/p>\n<p>        MATCHENDE: Influenserparet valgte et noe spesielt klesplagg da de ga hverandre sitt ja. Video: Viaplay \/ Thea Hope \/ Kine Falch<\/p>\n<p>Dette er ikke f\u00f8rste gang Portnoy reagerer p\u00e5 likheten mellom de to kvinnene. Da Bryan og Leonards forhold ble kjent i august, brukte han ordet \u00abvanvittig\u00bb for \u00e5 beskrive likhetene.<\/p>\n<p>        <img loading=\"lazy\" decoding=\"async\" src=\"https:\/\/www.europesays.com\/no\/wp-content\/uploads\/2026\/01\/84050837.webp.webp\" width=\"667\" height=\"381\" title=\"REAGERER: Dave Portnoy p\u00e5peker likheten til Bryans brud og ekskj\u00e6resten hans. Foto: Stacy Revere\/NTB\" alt=\"\" class=\"\" style=\"--aspect-ratio-image: 1.75; \"\/><\/p>\n<p>\n        REAGERER: Dave Portnoy p\u00e5peker likheten til Bryans brud og ekskj\u00e6resten hans. Foto: Stacy Revere\/NTB\n    <\/p>\n<p> \u00abHvordan er det i det hele tatt mulig?\u00a0Han gikk og bygde en Brianna 2.0 i laboratoriet\u00bb, sa han til lytterne av podkasten sin\u00a0\u00abThe Unnamed Show\u00bb mens han viste bilder av de to side om side.<\/p>\n<p class=\"font-weight-bold m-font-weight-bold\" data-lab-font_weight=\"font-weight-bold\">Videre sa han at han knapt visste hva han s\u00e5 p\u00e5 og kalte Bryan for en \u00abfullstendig psykopat\u00bb.<\/p>\n<p>    <a itemprop=\"url\" href=\"https:\/\/www.seher.no\/kjendis\/setter-fart-pa-utroryktene\/83459783\" rel=\"nofollow noopener\" target=\"_blank\"><\/p>\n<p>        <img loading=\"lazy\" decoding=\"async\" src=\"https:\/\/www.europesays.com\/no\/wp-content\/uploads\/2026\/01\/1767479420_915_83461474.webp.webp\" width=\"980\" height=\"441\" title=\"Setter fart p\u00e5 utroryktene\" alt=\"\" class=\"lazyload\" style=\"--aspect-ratio-image: 2.22; \"\/><\/p>\n<p>        Setter fart p\u00e5 utroryktene<\/p>\n<p>    <\/a><\/p>\n<p>Bryan og LaPaglia var sammen fra 2023 til 2024. Etter bruddet anklaget LaPaglia eksen for psykisk mishandling.<\/p>\n<p>Hun hevdet ogs\u00e5 at Bryan tilb\u00f8d henne 12 millioner dollar for \u00e5 signere en taushetserkl\u00e6ring etter bruddet \u2013 men hun avslo \u00abblodpengene\u00bb.<\/p>\n<p>        \u00abFLUKTEN FRA BOLIVIA\u00bb: Serien som hadde premiere p\u00e5 TV2 i romjula er basert p\u00e5 tre norske jenter. Dette er den ekte historien bak. Video og bilder: NTB\/Scanpix. Reporter: Trond Markus Gravdal<\/p>\n<p>Bryan har ikke svart direkte p\u00e5 anklagene, som blant annet inkluderte p\u00e5stander om at artisten knuste et glass i raseri og fikk vennene hennes til \u00e5 gr\u00e5te.<\/p>\n","protected":false},"excerpt":{"rendered":"Zach Bryan og\u00a0Samantha Leonard: Gr\u00fcnder og podkaster kaller blant annet brudgommen for \u00abfullstendig psykopat\u00bb. NYGIFT: Zach Bryan bekreftet&hellip;\n","protected":false},"author":2,"featured_media":128235,"comment_status":"","ping_status":"","sticky":false,"template":"","format":"standard","meta":{"footnotes":""},"categories":[58],"tags":[14980,71,4785,479,2543,30,28,29,72,14846],"class_list":{"0":"post-128234","1":"post","2":"type-post","3":"status-publish","4":"format-standard","5":"has-post-thumbnail","7":"category-underholdning","8":"tag-dave-portnoy","9":"tag-entertainment","10":"tag-gift","11":"tag-kjendis","12":"tag-kjendisdesken","13":"tag-no","14":"tag-norge","15":"tag-norway","16":"tag-underholdning","17":"tag-zach-bryan"},"share_on_mastodon":{"url":"https:\/\/pubeurope.com\/@no\/115833538028648672","error":""},"_links":{"self":[{"href":"https:\/\/www.europesays.com\/no\/wp-json\/wp\/v2\/posts\/128234","targetHints":{"allow":["GET"]}}],"collection":[{"href":"https:\/\/www.europesays.com\/no\/wp-json\/wp\/v2\/posts"}],"about":[{"href":"https:\/\/www.europesays.com\/no\/wp-json\/wp\/v2\/types\/post"}],"author":[{"embeddable":true,"href":"https:\/\/www.europesays.com\/no\/wp-json\/wp\/v2\/users\/2"}],"replies":[{"embeddable":true,"href":"https:\/\/www.europesays.com\/no\/wp-json\/wp\/v2\/comments?post=128234"}],"version-history":[{"count":0,"href":"https:\/\/www.europesays.com\/no\/wp-json\/wp\/v2\/posts\/128234\/revisions"}],"wp:featuredmedia":[{"embeddable":true,"href":"https:\/\/www.europesays.com\/no\/wp-json\/wp\/v2\/media\/128235"}],"wp:attachment":[{"href":"https:\/\/www.europesays.com\/no\/wp-json\/wp\/v2\/media?parent=128234"}],"wp:term":[{"taxonomy":"category","embeddable":true,"href":"https:\/\/www.europesays.com\/no\/wp-json\/wp\/v2\/categories?post=128234"},{"taxonomy":"post_tag","embeddable":true,"href":"https:\/\/www.europesays.com\/no\/wp-json\/wp\/v2\/tags?post=128234"}],"curies":[{"name":"wp","href":"https:\/\/api.w.org\/{rel}","templated":true}]}}