{"id":128245,"date":"2026-01-03T22:46:20","date_gmt":"2026-01-03T22:46:20","guid":{"rendered":"https:\/\/www.europesays.com\/no\/128245\/"},"modified":"2026-01-03T22:46:20","modified_gmt":"2026-01-03T22:46:20","slug":"9999-kroner-literen-pa-bensinstasjonen-dette-var-arsaken-2","status":"publish","type":"post","link":"https:\/\/www.europesays.com\/no\/128245\/","title":{"rendered":"99,99 kroner literen p\u00e5 bensinstasjonen \u2013 dette var \u00e5rsaken"},"content":{"rendered":"<p>Mange nordmenn synes prisene har blitt i overkant h\u00f8ye, enten det handler om mat, renter eller drivstoff. Og for dem som fortsatt kj\u00f8rer p\u00e5 bensin eller diesel, er det blitt en vane \u00e5 kaste et raskt blikk opp p\u00e5 pristavla hver gang man passerer en bensinstasjon.<\/p>\n<p class=\"\">Som regel handler det om \u00e5 vurdere om det er verdt \u00e5 svinge inn &#8211; eller kj\u00f8re videre.<\/p>\n<p>        \u00abFLUKTEN FRA BOLIVIA\u00bb: Serien som hadde premiere p\u00e5 TV2 i romjula er basert p\u00e5 tre norske jenter. Dette er den ekte historien bak. Video og bilder: NTB\/Scanpix. Reporter: Trond Markus Gravdal<\/p>\n<p>Ingen er dyrere enn dette \t<\/p>\n<p>Linn Westergaard og samboeren Lars Jong Elstad, som bor i Ullensaker nord for Oslo, kj\u00f8rer ofte forbi bensinstasjonen p\u00e5 Skedsmokorset. F\u00f8rste nytt\u00e5rsdag gjorde hun nettopp det &#8211; og m\u00e5tte br\u00e5tt snu.<\/p>\n<p>&#8211; Vi kj\u00f8rte forbi og s\u00e5 den ville prisen p\u00e5 skiltet, og samboeren min foreslo at vi m\u00e5tte kj\u00f8re tilbake og se om vi faktisk hadde sett riktig, sier Westergaard til DinSide.<\/p>\n<p>Saken ble <a href=\"https:\/\/www.rb.no\/fikk-sjokk-av-bensinprisen-matte-kjore-tilbake-og-se-om-vi-sa-riktig\/s\/5-43-2645051\" rel=\"nofollow noopener\" target=\"_blank\">f\u00f8rst omtalt i Romerikes Blad.<\/a><\/p>\n<p>    <a itemprop=\"url\" href=\"https:\/\/sol.no\/nyheter\/trump-truer-iran-vi-er-klare\/84047449\" rel=\"nofollow noopener\" target=\"_blank\"><\/p>\n<p>        <img loading=\"lazy\" decoding=\"async\" src=\"https:\/\/www.europesays.com\/no\/wp-content\/uploads\/2026\/01\/84047456.webp.webp\" width=\"980\" height=\"441\" title=\"Trump truer Iran: - Vi er klare\" alt=\"\" class=\"lazyload\" style=\"--aspect-ratio-image: 2.22; \"\/><\/p>\n<p>        Trump truer Iran: &#8211; Vi er klare<\/p>\n<p>sol.no<\/p>\n<p>    <\/a><\/p>\n<p>P\u00e5 prismasta sto det nemlig 99,99 kroner literen. B\u00e5de for bensin og diesel.<\/p>\n<p>&#8211; Jeg har aldri sett noe lignende. Men jeg skj\u00f8nte med \u00e9n gang at dette m\u00e5tte v\u00e6re en feil. Det var bare morsomt, og det var derfor jeg tok bilde av det, understreker hun.<\/p>\n<p>Prisbevisst bilist\t<\/p>\n<p>Westergaard kj\u00f8rer bensinbil og er vant til \u00e5 f\u00f8lge med p\u00e5 drivstoffprisene. Som mange andre sjekker hun prisene n\u00e5r hun er p\u00e5 farten &#8211; og sl\u00e5r gjerne til hvis det er ekstra billig.<\/p>\n<p>&#8211; Hvis prisen er god, fyller jeg ofte, selv om tanken ikke er tom. Det er mye \u00e5 spare p\u00e5 det, sier hun.<\/p>\n<p>Derfor la hun ogs\u00e5 umiddelbart merke til tallene p\u00e5 Skedsmokorset.<\/p>\n<p>\u2013 Jeg tror ikke det var noen som tenkte at dette var alvor. Ingen venter jo at bensinen plutselig skal koste hundre kroner literen. Vi fikk oss en god latter, sier hun.<\/p>\n<p>        <img loading=\"lazy\" decoding=\"async\" src=\"https:\/\/www.europesays.com\/no\/wp-content\/uploads\/2026\/01\/1767480378_167_84048510.webp.webp\" width=\"980\" height=\"559\" title=\"HUSKER DU: Dette var normale priser for fem \u00e5r siden. Foto: Odd Roar Lange\" alt=\"\" class=\"\" style=\"--aspect-ratio-image: 1.75; \"\/><\/p>\n<p>\n        HUSKER DU: Dette var normale priser for fem \u00e5r siden. Foto: Odd Roar Lange\n    <\/p>\n<p>Store kontraster\t<\/p>\n<p>Kontrasten ble ekstra tydelig litt senere samme dag.<\/p>\n<p>&#8211; Da vi kom til Gjerdrum, kosta det 18,98 kroner literen. Det f\u00f8ltes plutselig veldig behagelig, sier Westergaard.<\/p>\n<p><a href=\"https:\/\/dinside.dagbladet.no\/motor\/full-priskrig\/83933624\" rel=\"nofollow noopener\" target=\"_blank\">DinSide har nylig fortalt at du kan spare opptil 6500 kroner<\/a> i \u00e5ret p\u00e5 \u00e5 fylle drivstoff n\u00e5r prisen er lavest.\u00a0<\/p>\n<p>Teknisk feil\t<\/p>\n<p>If\u00f8lge Circle K var det heller aldri meningen \u00e5 sette ny prisrekord i romjula.<\/p>\n<p>        <img loading=\"lazy\" decoding=\"async\" src=\"https:\/\/www.europesays.com\/no\/wp-content\/uploads\/2026\/01\/1767480379_693_84048516.webp.webp\" width=\"980\" height=\"559\" title=\"SJEKKER DU? Hvor godt du f\u00f8lger med p\u00e5 prisene avgj\u00f8r hvor mange tusenlapper du kan spare i \u00e5ret. Tallet overrasker nok mange. Foto: Odd Roar Lange\" alt=\"\" class=\"\" style=\"--aspect-ratio-image: 1.75; \"\/><\/p>\n<p>\n        SJEKKER DU? Hvor godt du f\u00f8lger med p\u00e5 prisene avgj\u00f8r hvor mange tusenlapper du kan spare i \u00e5ret. Tallet overrasker nok mange. Foto: Odd Roar Lange\n    <\/p>\n<p>Kjetil Foyn, leder for kommunikasjon og b\u00e6rekraft i Circle K, forklarer til rb.no at den oppsiktsvekkende prisen skyldtes en teknisk feil i prismasta.<\/p>\n<p>\u2013 Masta viste feil pris og ble skrudd av. Prisen som vises p\u00e5 pumpene er korrekt, og kundene betaler alltid prisen som st\u00e5r p\u00e5 pumpen, sier Foyn.<\/p>\n<p>Ingen kunder har alts\u00e5 betalt 99,99 kroner literen, uansett hvor dramatisk det s\u00e5 ut fra veien.<\/p>\n<p>Allerede klokka 16.49 f\u00f8rste nytt\u00e5rsdag meldte Circle K at feilen var rettet.<\/p>\n<p>    <a itemprop=\"url\" href=\"https:\/\/sol.no\/nyheter\/hensynslost-og-farlig\/84049567\" rel=\"nofollow noopener\" target=\"_blank\"><\/p>\n<p>        <img loading=\"lazy\" decoding=\"async\" src=\"https:\/\/www.europesays.com\/no\/wp-content\/uploads\/2026\/01\/84049587.webp.webp\" width=\"980\" height=\"441\" title=\"- Hensynsl\u00f8st og farlig\" alt=\"\" class=\"lazyload\" style=\"--aspect-ratio-image: 2.22; \"\/><\/p>\n<p>        &#8211; Hensynsl\u00f8st og farlig<\/p>\n<p>sol.no<\/p>\n<p>    <\/a><\/p>\n<p>For Westergaard ble det f\u00f8rst og fremst en artig start p\u00e5 det nye \u00e5ret.<\/p>\n<p>\u2013 Det var bare morsomt. Ikke noe mer alvorlig enn det, sier hun.<\/p>\n<p>        Tips meg gjerne om elleville priser<\/p>\n<p class=\"subtitle\">Hei, jeg heter Odd Roar Lange og er reiseekspert og -journalist for DinSide og Dagbladet. Har du et tips eller sp\u00f8rsm\u00e5l om elleville priser p\u00e5 transport, reiser og ferie? Send det gjerne til meg. Tips og sp\u00f8rsm\u00e5l som kan brukes til en reportasje vil bli prioritert.<\/p>\n","protected":false},"excerpt":{"rendered":"Mange nordmenn synes prisene har blitt i overkant h\u00f8ye, enten det handler om mat, renter eller drivstoff. Og&hellip;\n","protected":false},"author":2,"featured_media":127445,"comment_status":"","ping_status":"","sticky":false,"template":"","format":"standard","meta":{"footnotes":""},"categories":[5],"tags":[6593,20,21,14921,24,25,15,19,22,23,17,18,217,13,30,28,29,14,16,4226,26,27],"class_list":{"0":"post-128245","1":"post","2":"type-post","3":"status-publish","4":"format-standard","5":"has-post-thumbnail","7":"category-overskrifter","8":"tag-bensinpris","9":"tag-breaking-news","10":"tag-breakingnews","11":"tag-dieselpris","12":"tag-featured-news","13":"tag-featurednews","14":"tag-headlines","15":"tag-hovedoppslag","16":"tag-latest-news","17":"tag-latestnews","18":"tag-main-news","19":"tag-mainnews","20":"tag-motor","21":"tag-news","22":"tag-no","23":"tag-norge","24":"tag-norway","25":"tag-nyheter","26":"tag-overskrifter","27":"tag-thetravelinspector","28":"tag-top-stories","29":"tag-topstories"},"share_on_mastodon":{"url":"https:\/\/pubeurope.com\/@no\/115833601101044052","error":""},"_links":{"self":[{"href":"https:\/\/www.europesays.com\/no\/wp-json\/wp\/v2\/posts\/128245","targetHints":{"allow":["GET"]}}],"collection":[{"href":"https:\/\/www.europesays.com\/no\/wp-json\/wp\/v2\/posts"}],"about":[{"href":"https:\/\/www.europesays.com\/no\/wp-json\/wp\/v2\/types\/post"}],"author":[{"embeddable":true,"href":"https:\/\/www.europesays.com\/no\/wp-json\/wp\/v2\/users\/2"}],"replies":[{"embeddable":true,"href":"https:\/\/www.europesays.com\/no\/wp-json\/wp\/v2\/comments?post=128245"}],"version-history":[{"count":0,"href":"https:\/\/www.europesays.com\/no\/wp-json\/wp\/v2\/posts\/128245\/revisions"}],"wp:featuredmedia":[{"embeddable":true,"href":"https:\/\/www.europesays.com\/no\/wp-json\/wp\/v2\/media\/127445"}],"wp:attachment":[{"href":"https:\/\/www.europesays.com\/no\/wp-json\/wp\/v2\/media?parent=128245"}],"wp:term":[{"taxonomy":"category","embeddable":true,"href":"https:\/\/www.europesays.com\/no\/wp-json\/wp\/v2\/categories?post=128245"},{"taxonomy":"post_tag","embeddable":true,"href":"https:\/\/www.europesays.com\/no\/wp-json\/wp\/v2\/tags?post=128245"}],"curies":[{"name":"wp","href":"https:\/\/api.w.org\/{rel}","templated":true}]}}