{"id":128250,"date":"2026-01-03T22:52:30","date_gmt":"2026-01-03T22:52:30","guid":{"rendered":"https:\/\/www.europesays.com\/no\/128250\/"},"modified":"2026-01-03T22:52:30","modified_gmt":"2026-01-03T22:52:30","slug":"nyheter-trafikk-trafikkulykke-pa-e6-tre-personer-involvert","status":"publish","type":"post","link":"https:\/\/www.europesays.com\/no\/128250\/","title":{"rendered":"Nyheter, Trafikk | Trafikkulykke p\u00e5 E6 \u2013 tre personer involvert"},"content":{"rendered":"\n<p>Klokken 10.26 melder politiet i Innlandet om at n\u00f8detatene p\u00e5 vei til en trafikkulykke p\u00e5 E6 ved Hjerkinn i Dovre.<\/p>\n<p>En bil med tre personer er involvert. If\u00f8lge politiet er det trolig ikke alvorlig personskade. Trafikken blir ogs\u00e5 trolig lite p\u00e5virket da bilen st\u00e5r utenfor vegen.<\/p>\n<p>Stedet er p\u00e5 E6 ved Hjerkinn, if\u00f8lge politiet.<\/p>\n<p>\u2013 Det framst\u00e5r som en utforkj\u00f8ring hvor det er kj\u00f8rt inn i en stolpe, sier operasjonsleder Vidar Flokenes til GD.<\/p>\n<p>Politiet informerer GD klokken 12.23 om at de tre er uskadet.<\/p>\n<p>\u2013 De var litt kalde, men fikk varmen i seg i en brannbil. De hadde kj\u00f8rt av vegen i forbindelse med oppbremsing. Det er ikke mistanke om rus, sier operasjonslederen.<\/p>\n<p>De tre kommer fra Vestlandet.<\/p>\n<p>Ulykken skal ha skjedd i omr\u00e5det n\u00e6r Hjerkinnhusvegen:<\/p>\n<p>Slik ser det ut p\u00e5 vegene n\u00e5:<\/p>\n<p>            Alle webkamera fra Statens vegvesen<\/p>\n","protected":false},"excerpt":{"rendered":"Klokken 10.26 melder politiet i Innlandet om at n\u00f8detatene p\u00e5 vei til en trafikkulykke p\u00e5 E6 ved Hjerkinn&hellip;\n","protected":false},"author":2,"featured_media":465,"comment_status":"","ping_status":"","sticky":false,"template":"","format":"standard","meta":{"footnotes":""},"categories":[10],"tags":[36,20,21,1434,834,24,25,15,22,23,13,30,28,29,14,16,1510,26,27,224],"class_list":{"0":"post-128250","1":"post","2":"type-post","3":"status-publish","4":"format-standard","5":"has-post-thumbnail","7":"category-norge","8":"tag-art","9":"tag-breaking-news","10":"tag-breakingnews","11":"tag-dovre","12":"tag-e6","13":"tag-featured-news","14":"tag-featurednews","15":"tag-headlines","16":"tag-latest-news","17":"tag-latestnews","18":"tag-news","19":"tag-no","20":"tag-norge","21":"tag-norway","22":"tag-nyheter","23":"tag-overskrifter","24":"tag-story","25":"tag-top-stories","26":"tag-topstories","27":"tag-trafikk"},"share_on_mastodon":{"url":"https:\/\/pubeurope.com\/@no\/115833624603656660","error":""},"_links":{"self":[{"href":"https:\/\/www.europesays.com\/no\/wp-json\/wp\/v2\/posts\/128250","targetHints":{"allow":["GET"]}}],"collection":[{"href":"https:\/\/www.europesays.com\/no\/wp-json\/wp\/v2\/posts"}],"about":[{"href":"https:\/\/www.europesays.com\/no\/wp-json\/wp\/v2\/types\/post"}],"author":[{"embeddable":true,"href":"https:\/\/www.europesays.com\/no\/wp-json\/wp\/v2\/users\/2"}],"replies":[{"embeddable":true,"href":"https:\/\/www.europesays.com\/no\/wp-json\/wp\/v2\/comments?post=128250"}],"version-history":[{"count":0,"href":"https:\/\/www.europesays.com\/no\/wp-json\/wp\/v2\/posts\/128250\/revisions"}],"wp:featuredmedia":[{"embeddable":true,"href":"https:\/\/www.europesays.com\/no\/wp-json\/wp\/v2\/media\/465"}],"wp:attachment":[{"href":"https:\/\/www.europesays.com\/no\/wp-json\/wp\/v2\/media?parent=128250"}],"wp:term":[{"taxonomy":"category","embeddable":true,"href":"https:\/\/www.europesays.com\/no\/wp-json\/wp\/v2\/categories?post=128250"},{"taxonomy":"post_tag","embeddable":true,"href":"https:\/\/www.europesays.com\/no\/wp-json\/wp\/v2\/tags?post=128250"}],"curies":[{"name":"wp","href":"https:\/\/api.w.org\/{rel}","templated":true}]}}