{"id":128268,"date":"2026-01-03T23:29:14","date_gmt":"2026-01-03T23:29:14","guid":{"rendered":"https:\/\/www.europesays.com\/no\/128268\/"},"modified":"2026-01-03T23:29:14","modified_gmt":"2026-01-03T23:29:14","slug":"trafikk-og-samferdsel-ringsaker-rakjorte-rett-forbi-politiet-pa-e6","status":"publish","type":"post","link":"https:\/\/www.europesays.com\/no\/128268\/","title":{"rendered":"Trafikk og samferdsel, Ringsaker | R\u00e5kj\u00f8rte rett forbi politiet p\u00e5 E6"},"content":{"rendered":"\n<p>Ved 23.30-tiden 13. august er kj\u00f8rer en politibetjent UP-patrulje p\u00e5 motorsykkel E6 i Ringsaker.<\/p>\n<p>Fra en kollega i bil f\u00e5r han beskjed om at det kommer tre motorsykler i stor fart bak ham.<\/p>\n<p>Politimotorsykkelen har s\u00e5kalt , og f\u00f8r f\u00f8rste sykkel passerer, starter politibetjenten en gjennomsnittsm\u00e5ling.<\/p>\n<p>Han f\u00f8lger etter motorsyklene p\u00e5 avstand, og avslutter snittm\u00e5lingen etter nesten en mil.<\/p>\n<p>Gjennomsnittm\u00e5lingen viste en hastighet p\u00e5 hele 179km\/t, godt over fartsgrensen p\u00e5 motorvegen<\/p>\n<p>To av motorsyklistene m\u00f8tte i tingretten p\u00e5 Hamar i forrige uke, hvor de erkjente straffskyld. De var imidlertid uenig i hastigheten lagt til grunn av p\u00e5talemyndigheten.<\/p>\n<p>De mente begge at topphastigheten ikke kunne ha v\u00e6rt h\u00f8yere enn 148 km\/t, som ligger akkurat under grensen for f\u00f8rerkorttap ved hastighetsovertredelse i 110-sonen.<\/p>\n<p>De to sj\u00e5f\u00f8rene, en mann i 30-\u00e5rene fra L\u00f8ten og en mann i 40-\u00e5rene fra Hamar, fikk ikke medhold i sine innsigelser mot fartsm\u00e5lingen.<\/p>\n<p>M\u00e5leren var kalibrert i henhold til instruks, og gjennomf\u00f8ringen av m\u00e5lingen ble foretatt i henhold til instruks, sl\u00e5r tingretten fast.<\/p>\n<p>De lokale motorsyklistene var p\u00e5 veg fra Gj\u00f8vik mot Hamar, og har forklart at de kj\u00f8rte s\u00e5kalt \u00abromersk ildmarsj\u00bb.<\/p>\n<p>Dette er visstnok en form for posisjonskj\u00f8ring hvor motorsyklistene bytter plass i rekkef\u00f8lgen p\u00e5 tur, ved at bakerste sykkel kj\u00f8rer forbi de to andre. P\u00e5 tur gjennom Hedmarken skal de ha gjennomf\u00f8rt 6-7 slike plassbytter.<\/p>\n<p>Retten kom fram til at endringene i rekkef\u00f8lge underveis ikke hadde noen betydning for m\u00e5lingen, da gruppen med motorsykler ble m\u00e5lt fra start f\u00f8r f\u00f8rste passerte og slutt etter at siste passerte.<\/p>\n<p>Begge mennene er n\u00e5 d\u00f8mt til 40 timers samfunnsstraff. En av mennene mister lappen en periode, mens den andre slipper dette av personlige \u00e5rsaker.<\/p>\n<p>De to m\u00e5 ut med til sammen 11.000 kroner i saksomkostninger til staten.<\/p>\n<p>  <a href=\"https:\/\/www.h-a.no\/5-139-1808505\" class=\"related-teaser default-story-teaser article--c-eRUmMG article--c-eRUmMG-jKCPdD-design-default article--c-eRUmMG-kpKLOW-cv\" rel=\"nofollow noopener\" target=\"_blank\"><\/p>\n<p>\n            Les ogs\u00e5<\/p>\n<p>              Mannen i 20-\u00e5rene la seg flat da politiet innhentet ham onsdag\n        <\/p>\n<p>  <\/a><\/p>\n<p>  <a href=\"https:\/\/www.h-a.no\/5-139-1687089\" class=\"related-teaser has-image default-story-teaser article--c-eRUmMG article--c-eRUmMG-jKCPdD-design-default\" rel=\"nofollow noopener\" target=\"_blank\"><\/p>\n<p>    <img decoding=\"async\" loading=\"lazy\"  src=\"https:\/\/www.europesays.com\/no\/wp-content\/uploads\/2026\/01\/E6+Stange+desember+03+%282%29.jpg\" alt=\"\" class=\"brick-c-cFOWSL\" style=\"\"\/><\/p>\n<p>\n            Les ogs\u00e5<\/p>\n<p>              Den hvite varebilen fanget politiets oppmerksomhet p\u00e5 E6\n        <\/p>\n<p>  <\/a><\/p>\n<p>  <a href=\"https:\/\/www.h-a.no\/5-139-1882300\" class=\"related-teaser has-image default-story-teaser article--c-eRUmMG article--c-eRUmMG-jKCPdD-design-default\" rel=\"nofollow noopener\" target=\"_blank\"><\/p>\n<p>    <img decoding=\"async\" loading=\"lazy\"  src=\"https:\/\/www.europesays.com\/no\/wp-content\/uploads\/2026\/01\/kolomoen+bru+2.jfif.jpeg\" alt=\"\" class=\"brick-c-cFOWSL\" style=\"\"\/><\/p>\n<p>\n            Les ogs\u00e5<\/p>\n<p>              Over en steinr\u00f8ys forsvant mannen av syne. S\u00e5 fikk politiet \u00f8ye p\u00e5 noe i nabolaget\n        <\/p>\n<p>  <\/a><\/p>\n<p>  <a href=\"https:\/\/www.h-a.no\/5-139-1625126\" class=\"related-teaser has-image default-story-teaser article--c-eRUmMG article--c-eRUmMG-jKCPdD-design-default\" rel=\"nofollow noopener\" target=\"_blank\"><\/p>\n<p>    <img decoding=\"async\" loading=\"lazy\"  src=\"https:\/\/www.europesays.com\/no\/wp-content\/uploads\/2026\/01\/Parkering+3.jpg\" alt=\"\" class=\"brick-c-cFOWSL\" style=\"\"\/><\/p>\n<p>\n            Les ogs\u00e5<\/p>\n<p>              Det som skjedde i parkeringshuset i Hamar skulle f\u00e5 alvorlige f\u00f8lger\n        <\/p>\n<p>  <\/a><\/p>\n","protected":false},"excerpt":{"rendered":"Ved 23.30-tiden 13. august er kj\u00f8rer en politibetjent UP-patrulje p\u00e5 motorsykkel E6 i Ringsaker. Fra en kollega i&hellip;\n","protected":false},"author":2,"featured_media":11810,"comment_status":"","ping_status":"","sticky":false,"template":"","format":"standard","meta":{"footnotes":""},"categories":[10],"tags":[36,20,21,24,25,15,22,23,13,30,28,29,14,16,254,1435,1510,26,27,11524],"class_list":{"0":"post-128268","1":"post","2":"type-post","3":"status-publish","4":"format-standard","5":"has-post-thumbnail","7":"category-norge","8":"tag-art","9":"tag-breaking-news","10":"tag-breakingnews","11":"tag-featured-news","12":"tag-featurednews","13":"tag-headlines","14":"tag-latest-news","15":"tag-latestnews","16":"tag-news","17":"tag-no","18":"tag-norge","19":"tag-norway","20":"tag-nyheter","21":"tag-overskrifter","22":"tag-politi","23":"tag-ringsaker","24":"tag-story","25":"tag-top-stories","26":"tag-topstories","27":"tag-trafikk-og-samferdsel"},"share_on_mastodon":{"url":"https:\/\/pubeurope.com\/@no\/115833770029644346","error":""},"_links":{"self":[{"href":"https:\/\/www.europesays.com\/no\/wp-json\/wp\/v2\/posts\/128268","targetHints":{"allow":["GET"]}}],"collection":[{"href":"https:\/\/www.europesays.com\/no\/wp-json\/wp\/v2\/posts"}],"about":[{"href":"https:\/\/www.europesays.com\/no\/wp-json\/wp\/v2\/types\/post"}],"author":[{"embeddable":true,"href":"https:\/\/www.europesays.com\/no\/wp-json\/wp\/v2\/users\/2"}],"replies":[{"embeddable":true,"href":"https:\/\/www.europesays.com\/no\/wp-json\/wp\/v2\/comments?post=128268"}],"version-history":[{"count":0,"href":"https:\/\/www.europesays.com\/no\/wp-json\/wp\/v2\/posts\/128268\/revisions"}],"wp:featuredmedia":[{"embeddable":true,"href":"https:\/\/www.europesays.com\/no\/wp-json\/wp\/v2\/media\/11810"}],"wp:attachment":[{"href":"https:\/\/www.europesays.com\/no\/wp-json\/wp\/v2\/media?parent=128268"}],"wp:term":[{"taxonomy":"category","embeddable":true,"href":"https:\/\/www.europesays.com\/no\/wp-json\/wp\/v2\/categories?post=128268"},{"taxonomy":"post_tag","embeddable":true,"href":"https:\/\/www.europesays.com\/no\/wp-json\/wp\/v2\/tags?post=128268"}],"curies":[{"name":"wp","href":"https:\/\/api.w.org\/{rel}","templated":true}]}}