{"id":128279,"date":"2026-01-04T00:34:12","date_gmt":"2026-01-04T00:34:12","guid":{"rendered":"https:\/\/www.europesays.com\/no\/128279\/"},"modified":"2026-01-04T00:34:12","modified_gmt":"2026-01-04T00:34:12","slug":"okonomi-og-naeringsliv-forsvaret-laksevag-selskap-til-himmels-pa-to-ar-far-sporsmal-om-hvorfor-vi-ma-vokse-sa-mye","status":"publish","type":"post","link":"https:\/\/www.europesays.com\/no\/128279\/","title":{"rendered":"\u00d8konomi og n\u00e6ringsliv, Forsvaret | Laksev\u00e5g-selskap til himmels p\u00e5 to \u00e5r: \u2013 F\u00e5r sp\u00f8rsm\u00e5l om hvorfor vi m\u00e5 vokse s\u00e5 mye"},"content":{"rendered":"\n<p>Vestdavit er en bergensk suksesshistorie om et lite selskap som vokste til en stor, internasjonal akt\u00f8r.<\/p>\n<p><b>I 2025 har det for alvor tatt av for Rolf Andreas Wigand og hans ansatte, som teller rundt 50 i lokalene i Damsg\u00e5rdsveien. <\/b><\/p>\n<p>Selskapet produserer \u00abdaviter\u00bb. De spesielle kranene brukes til \u00e5 heise livb\u00e5ter og andre sm\u00e5b\u00e5ter opp og ned fra st\u00f8rre fart\u00f8y.<\/p>\n<p>\u2013 Vi startet i det sm\u00e5 p\u00e5 90-tallet, med fiskeindustrien og offshore-industrien som kunder, f\u00f8r vi etter hvert kom inn hos forsvaret. Fellesnevneren er behovet for \u00e5 kunne sette ut b\u00e5ter i krevende v\u00e6rforhold, sier han n\u00e5r BA treffer ham p\u00e5 et seminar i Kulturhuset.<\/p>\n<p>   <img decoding=\"async\" width=\"4032\" height=\"2768\" fetchpriority=\"low\"  loading=\"lazy\"  src=\"https:\/\/www.europesays.com\/no\/wp-content\/uploads\/2026\/01\/Rolf+Wigand+Vestdavit.jpg\" alt=\"\" class=\"brick-c-cFOWSL\" style=\"--brick-image-ratio: 4032 \/ 2768;\"\/><\/p>\n<p>      Rolf Andreas Wigand, daglig leder i Vestdavit.<br \/>\n      Foto: Terje Bringsvor Nilsen\n    <\/p>\n<p>  L\u00e6rer bergensk n\u00e6ringsliv<\/p>\n<p>Temaet for seminaret \u00abHvordan lykkes i forsvarsindustrien?\u00bb er myntet p\u00e5 bergenske bedrifter i en tid der det skal investeres milliarder i forsvar. Dette gir store muligheter for bergensbedriftene n\u00e5r oppdragsmengden og Forsvarets behov for tjenester skyter i v\u00e6ret.<\/p>\n<p>Wigand og Vestdavit sitter p\u00e5 oppskriften for hvordan man b\u00f8r g\u00e5 frem for \u00e5 komme p\u00e5 innsiden i den lukrative forsvarsindustrien, b\u00e5de i Norge og utlandet.<\/p>\n<p>Allerede p\u00e5 90-tallet fikk de innpass, f\u00f8rst med Royal Navy i Storbritannia. Utover 2000-tallet ekspanderte de med nye kontrakter s\u00f8rover i Europa, og i 2012 \u00e5pnet de fabrikk i Polen og flyttet produksjonen dit.<\/p>\n<p>   <img decoding=\"async\" width=\"3024\" height=\"1872\" fetchpriority=\"low\"  loading=\"lazy\"  src=\"https:\/\/www.europesays.com\/no\/wp-content\/uploads\/2026\/01\/VESTDAVIT+KRAN.jpg\" alt=\"\" class=\"brick-c-cFOWSL\" style=\"--brick-image-ratio: 3024 \/ 1872;\"\/><\/p>\n<p>      Slike kraner har blitt vanlige p\u00e5 fart\u00f8y over hele verden.<br \/>\n      Foto: Vestdavit\n    <\/p>\n<p>I 2025 skjedde nok en milep\u00e6l, da amerikanske Fairbanks Morse Defense kj\u00f8pte opp aksjene i bergensfirmaet.<\/p>\n<p>Men if\u00f8lge Wigand har de hele tiden v\u00e6rt opptatt av at de er og blir et bergensfirma.<\/p>\n<p>\u2013 Det tror jeg har v\u00e6rt viktig. Skal du lykkes internasjonalt, er det viktig \u00e5 ha en god hjemmebase. Vi har v\u00e6rt veldig opptatt av \u00e5 ha et bra fotfeste hjemme, og har brukt den basen for \u00e5 vokse i andre land.<\/p>\n<p>   <img decoding=\"async\" width=\"2649\" height=\"1593\" fetchpriority=\"low\"  loading=\"lazy\"  src=\"https:\/\/www.europesays.com\/no\/wp-content\/uploads\/2026\/01\/The+French.JPG\" alt=\"\" class=\"brick-c-cFOWSL\" style=\"--brick-image-ratio: 2649 \/ 1593;\"\/><\/p>\n<p>      Vestdavit-kranene er \u00e5 finne p\u00e5 forsvarsfart\u00f8y over hele verden. Her er et fransk fart\u00f8y.<br \/>\n      Foto: Vestdavit\n    <\/p>\n<p>  Forsvarssatsing gir opptur<\/p>\n<p>De siste \u00e5rene har v\u00e6rt en eneste opptur for Wigand og hans ansatte.<\/p>\n<p>Fra 2022 til 2024 er omsetningen nesten doblet, fra 178 millioner til 350 millioner. Fjor\u00e5ret endte med et driftsresultat p\u00e5 hele 45 millioner kroner.<\/p>\n<p>Det forklarer han nesten utelukkende med den store satsingen p\u00e5 Forsvaret som har skjedd som f\u00f8lge av opprustning etter at Ukraina-krigen br\u00f8t ut.<\/p>\n<p>P\u00e5 seminaret, som blir holdt i samarbeid mellom PwC, First House og Stiegler advokatfirma, ble det presentert prognoser for hvordan denne utviklingen vil fortsette.<\/p>\n<p>PwCs analyser er at veksten vil komme uavhengig av hva som blir utfallet av Ukraina-krigen.<\/p>\n<p>\u2013 Bevilgningene \u00f8ker og det samme gj\u00f8r ettersp\u00f8rselen. Nato sikter n\u00e5 mot at land bruker fem prosent av sitt budsjett p\u00e5 forsvar i 2035. Dette p\u00e5virker alle akt\u00f8rer i forsvarssektoren, og vi snakker om en tredobling fra dagens niv\u00e5, uttalte Anders Brun fra PwC under seminaret.<\/p>\n<p>PWC presenterte det de mener er tre scenarier for en \u00abavslutning\u00bb av Ukraina-krigen.<\/p>\n<ul>\n<li>\n<p>En fortsatt fastl\u00e5st situasjon i Ukraina og ingen reell fred.<\/p>\n<\/li>\n<li>\n<p>En fredsavtale som fryser dagens frontlinjer, med fortsatt spenning.<\/p>\n<\/li>\n<li>\n<p>En \u00abdyp fred\u00bb som ender med regimeskifte i Russland.<\/p>\n<\/li>\n<\/ul>\n<p>Uavhengig av de tre scenariene mener PWC at bevilgningene og satsingen p\u00e5 Forsvaret vil \u00f8ke kraftig i \u00e5rene fremover.<\/p>\n<p>Bygger nye fart\u00f8y<\/p>\n<p>Sj\u00f8forsvaret skal fremover bygge 28 nye standardfart\u00f8yer, seks ub\u00e5ter og fem fregatter. Sistnevnte bygges i Storbrittania, og vil bli av samme type som den britiske marinen bruker.<\/p>\n<p>De nye prosjektene vil potensielt gi mye arbeid p\u00e5 Vestlandet.<\/p>\n<p>I en fullsatt sal hadde Wigand mange r\u00e5d \u00e5 gi til bergensk n\u00e6ringsliv som \u00f8nsker en fot innenfor den raskt voksende forsvarsindustrien.<\/p>\n<p>\u2013 V\u00e5r strategi har v\u00e6rt ganske enkel. Det har v\u00e6rt \u00e5 jobbe for \u00e5 f\u00e5 v\u00e5re eksisterende produkter inn i nye markeder. Den reisen startet for alvor i 2008-09 da vi tok v\u00e5re produkter til Tyskland og fikk napp der. Siden da har vi jobbet oss s\u00f8rover, og v\u00e5rt siste store salg var til mineryddere i Italia, sier han.<\/p>\n<p>75 prosent av omsetningen er n\u00e5 rettet mot milit\u00e6re fart\u00f8y, mens 85 prosent eksporteres til utlandet, ansl\u00e5r Wigand.<\/p>\n<p>Den st\u00f8rste kunden er den amerikanske marinen, men ogs\u00e5 nederlandske, tyske og italienske skip seiler med Vestdavit-kranene. <\/p>\n<p>   <img decoding=\"async\" width=\"2000\" height=\"1333\" fetchpriority=\"low\"  loading=\"lazy\"  src=\"https:\/\/www.europesays.com\/no\/wp-content\/uploads\/2026\/01\/Vestdavit-KVBjornoya-07.jpg\" alt=\"\" class=\"brick-c-cFOWSL\" style=\"--brick-image-ratio: 2000 \/ 1333;\"\/><\/p>\n<p>      Vestdavit spiller en viktig rolle p\u00e5 kystvaktfart\u00f8y for \u00e5 heise opp og ned sm\u00e5b\u00e5ter.<br \/>\n      Foto: Vestdavit\n    <\/p>\n<p>  Vil doble seg<\/p>\n<p>Wigand tror Vestdavit kom inn i forsvarssektoren p\u00e5 et tidspunkt da alt var enklere. I dag er det mer komplisert med sertifiseringer og sikkerhetsgodkjenninger.<\/p>\n<p>\u2013 Det tar lang tid, det krever t\u00e5lmodighet og kapital. Men jobber du m\u00e5lrettet, s\u00e5 kommer resultatet til slutt, mener Wigand.<\/p>\n<p>Med nye amerikanske eiere, ser Vestdavit for seg \u00e5 fortsette den kraftige veksten i \u00e5rene fremover. Milliardsatsing p\u00e5 sj\u00f8forsvar, b\u00e5de i Norge og resten av Nato, er hovedforklaringen.<\/p>\n<p>   <img decoding=\"async\" width=\"2362\" height=\"1478\" fetchpriority=\"low\"  loading=\"lazy\"  src=\"https:\/\/www.europesays.com\/no\/wp-content\/uploads\/2026\/01\/Larrakia+bilde.jpg\" alt=\"\" class=\"brick-c-cFOWSL\" style=\"--brick-image-ratio: 2362 \/ 1478;\"\/><\/p>\n<p>      Vestdavit-kranene finnes ogs\u00e5 p\u00e5 australske marinefart\u00f8y.<br \/>\n      Foto: Vestdavit\n    <\/p>\n<p>\u2013 Vi ser at mulighetsrommet v\u00e5rt \u00f8ker med 20 prosent hvert \u00e5r fremover. Vi har laget en plan som inneb\u00e6rer at vi skal doble selskapet p\u00e5 fem \u00e5r. Det mener vi er n\u00f8dvendig, sier Wigand.<\/p>\n<p>Han f\u00e5r av og til sp\u00f8rsm\u00e5l om hvorfor det er n\u00f8dvendig \u00e5 vokse s\u00e5 raskt.<\/p>\n<p>\u2013 Det m\u00e5 vi gj\u00f8re om vi ikke skal tape til v\u00e5re konkurrenter som vil ta det markedet som oppst\u00e5r fremover. Vi er n\u00f8dt til \u00e5 f\u00f8lge med, sier Wigand, som understreker at den kraftige veksten b\u00e5de vil gi flere arbeidsplasser p\u00e5 produksjonsfabrikken i Polen og hovedkontoret p\u00e5 Laksev\u00e5g.<\/p>\n","protected":false},"excerpt":{"rendered":"Vestdavit er en bergensk suksesshistorie om et lite selskap som vokste til en stor, internasjonal akt\u00f8r. I 2025&hellip;\n","protected":false},"author":2,"featured_media":128280,"comment_status":"","ping_status":"","sticky":false,"template":"","format":"standard","meta":{"footnotes":""},"categories":[10],"tags":[36,444,20,21,24,25,1903,15,22,23,13,30,28,29,14,16,216,10303,1510,26,27],"class_list":{"0":"post-128279","1":"post","2":"type-post","3":"status-publish","4":"format-standard","5":"has-post-thumbnail","7":"category-norge","8":"tag-art","9":"tag-bergen","10":"tag-breaking-news","11":"tag-breakingnews","12":"tag-featured-news","13":"tag-featurednews","14":"tag-forsvaret","15":"tag-headlines","16":"tag-latest-news","17":"tag-latestnews","18":"tag-news","19":"tag-no","20":"tag-norge","21":"tag-norway","22":"tag-nyheter","23":"tag-overskrifter","24":"tag-okonomi-og-naeringsliv","25":"tag-sjoforsvaret","26":"tag-story","27":"tag-top-stories","28":"tag-topstories"},"share_on_mastodon":{"url":"https:\/\/pubeurope.com\/@no\/115834025652950411","error":""},"_links":{"self":[{"href":"https:\/\/www.europesays.com\/no\/wp-json\/wp\/v2\/posts\/128279","targetHints":{"allow":["GET"]}}],"collection":[{"href":"https:\/\/www.europesays.com\/no\/wp-json\/wp\/v2\/posts"}],"about":[{"href":"https:\/\/www.europesays.com\/no\/wp-json\/wp\/v2\/types\/post"}],"author":[{"embeddable":true,"href":"https:\/\/www.europesays.com\/no\/wp-json\/wp\/v2\/users\/2"}],"replies":[{"embeddable":true,"href":"https:\/\/www.europesays.com\/no\/wp-json\/wp\/v2\/comments?post=128279"}],"version-history":[{"count":0,"href":"https:\/\/www.europesays.com\/no\/wp-json\/wp\/v2\/posts\/128279\/revisions"}],"wp:featuredmedia":[{"embeddable":true,"href":"https:\/\/www.europesays.com\/no\/wp-json\/wp\/v2\/media\/128280"}],"wp:attachment":[{"href":"https:\/\/www.europesays.com\/no\/wp-json\/wp\/v2\/media?parent=128279"}],"wp:term":[{"taxonomy":"category","embeddable":true,"href":"https:\/\/www.europesays.com\/no\/wp-json\/wp\/v2\/categories?post=128279"},{"taxonomy":"post_tag","embeddable":true,"href":"https:\/\/www.europesays.com\/no\/wp-json\/wp\/v2\/tags?post=128279"}],"curies":[{"name":"wp","href":"https:\/\/api.w.org\/{rel}","templated":true}]}}