{"id":128290,"date":"2026-01-04T01:02:26","date_gmt":"2026-01-04T01:02:26","guid":{"rendered":"https:\/\/www.europesays.com\/no\/128290\/"},"modified":"2026-01-04T01:02:26","modified_gmt":"2026-01-04T01:02:26","slug":"varsler-om-kraftig-snofokk-vol-no","status":"publish","type":"post","link":"https:\/\/www.europesays.com\/no\/128290\/","title":{"rendered":"Varsler om kraftig sn\u00f8fokk &#8211; vol.no"},"content":{"rendered":"<p><strong>\u2013 Det er jo en snurr med byger som ligger utenfor Vester\u00e5len n\u00e5 som kommer inn mot land i l\u00f8pet av de n\u00e6rmeste timene. Da blir det kraftig sn\u00f8byger og \u00f8kning i vind, sier vakthavende meteorolog, Hanne Beate Skatt\u00f8r.<\/strong><\/p>\n<p>\u2013 Det sammen vil gi lokal sn\u00f8fokk, legger hun til.<\/p>\n<p>Meteorologisk institutt har sendt ut gult farevarsel for sn\u00f8fokk i deler av Nord-Nordland og S\u00f8r-Troms fra l\u00f8rdag ettermiddag.<\/p>\n<p>Skatt\u00f8r sier at det ser ut til \u00e5 bli liten kuling, kanskje opp i stiv kuling.<\/p>\n<p><strong>\u2013 Det kommer inn nordfra og er sakteg\u00e5ende, s\u00e5 det vil ligge i samme omr\u00e5de, rundt Lofoten og Vester\u00e5len f\u00f8rst, s\u00e5 ser det ut som det trekker seg litt s\u00f8rover gjennom natten, sier meteorologen.<\/strong><\/p>\n<p>\u2013 Kan sprekke litt opp utover dagen<\/p>\n<p>Temperaturmessig vil det v\u00e6re rundt tre til fem minusgrader nede langs kysten, og Skatt\u00f8r sier at den ikke vil endre seg noe spesielt p\u00e5 l\u00f8rdag, men at s\u00f8ndagen kan bli noe kaldere.<\/p>\n<p>\u2013 Det ser ut som skydekket kan sprekke litt opp utover dagen p\u00e5 s\u00f8ndag men det er forbig\u00e5ende, s\u00e5 det blir omtrent samme temperatur igjen.<\/p>\n<p><strong>\u2013 Det kommer inn litt mer skyer og sn\u00f8byger igjen p\u00e5 s\u00f8ndag kveld.<\/strong><\/p>\n<p>Hun sier videre at det er viktig \u00e5 v\u00e6re oppmerksom p\u00e5 f\u00f8ret om man skal ut \u00e5 kj\u00f8re:<\/p>\n<p>\u2013 Man kan sjekke status p\u00e5 vegvesen.no f\u00f8r man skal ut p\u00e5 tur.<\/p>\n","protected":false},"excerpt":{"rendered":"\u2013 Det er jo en snurr med byger som ligger utenfor Vester\u00e5len n\u00e5 som kommer inn mot land&hellip;\n","protected":false},"author":2,"featured_media":128291,"comment_status":"","ping_status":"","sticky":false,"template":"","format":"standard","meta":{"footnotes":""},"categories":[10],"tags":[20,21,102,24,25,15,22,23,1202,13,30,28,29,14,16,26,27,1106,7585],"class_list":{"0":"post-128290","1":"post","2":"type-post","3":"status-publish","4":"format-standard","5":"has-post-thumbnail","7":"category-norge","8":"tag-breaking-news","9":"tag-breakingnews","10":"tag-farevarsel","11":"tag-featured-news","12":"tag-featurednews","13":"tag-headlines","14":"tag-latest-news","15":"tag-latestnews","16":"tag-meteorologisk-institutt","17":"tag-news","18":"tag-no","19":"tag-norge","20":"tag-norway","21":"tag-nyheter","22":"tag-overskrifter","23":"tag-top-stories","24":"tag-topstories","25":"tag-vesteralen","26":"tag-vind"},"share_on_mastodon":{"url":"https:\/\/pubeurope.com\/@no\/115834135669816586","error":""},"_links":{"self":[{"href":"https:\/\/www.europesays.com\/no\/wp-json\/wp\/v2\/posts\/128290","targetHints":{"allow":["GET"]}}],"collection":[{"href":"https:\/\/www.europesays.com\/no\/wp-json\/wp\/v2\/posts"}],"about":[{"href":"https:\/\/www.europesays.com\/no\/wp-json\/wp\/v2\/types\/post"}],"author":[{"embeddable":true,"href":"https:\/\/www.europesays.com\/no\/wp-json\/wp\/v2\/users\/2"}],"replies":[{"embeddable":true,"href":"https:\/\/www.europesays.com\/no\/wp-json\/wp\/v2\/comments?post=128290"}],"version-history":[{"count":0,"href":"https:\/\/www.europesays.com\/no\/wp-json\/wp\/v2\/posts\/128290\/revisions"}],"wp:featuredmedia":[{"embeddable":true,"href":"https:\/\/www.europesays.com\/no\/wp-json\/wp\/v2\/media\/128291"}],"wp:attachment":[{"href":"https:\/\/www.europesays.com\/no\/wp-json\/wp\/v2\/media?parent=128290"}],"wp:term":[{"taxonomy":"category","embeddable":true,"href":"https:\/\/www.europesays.com\/no\/wp-json\/wp\/v2\/categories?post=128290"},{"taxonomy":"post_tag","embeddable":true,"href":"https:\/\/www.europesays.com\/no\/wp-json\/wp\/v2\/tags?post=128290"}],"curies":[{"name":"wp","href":"https:\/\/api.w.org\/{rel}","templated":true}]}}