{"id":128292,"date":"2026-01-04T01:05:17","date_gmt":"2026-01-04T01:05:17","guid":{"rendered":"https:\/\/www.europesays.com\/no\/128292\/"},"modified":"2026-01-04T01:05:17","modified_gmt":"2026-01-04T01:05:17","slug":"portrettintervju-med-trine-dehli-cleve-2025","status":"publish","type":"post","link":"https:\/\/www.europesays.com\/no\/128292\/","title":{"rendered":"Portrettintervju med Trine Dehli Cleve 2025"},"content":{"rendered":"<p>Om ikke dansende, entrer den pensjonerte TV-dommeren Grand Caf\u00e9 p\u00e5 elegant vis.Trine Dehli Cleve l\u00f8fter h\u00e5nda, idet hun f\u00e5r \u00f8ye p\u00e5 meg ved bordet som vender ut mot et julepynta Karl Johan.\u00a0<\/p>\n<p>Idet hun henger fra seg den lekre hvite pelsen p\u00e5 stumtjeneren, skynder hun seg \u00e5 presisere:<\/p>\n<p>&#8211; Den er ikke ekte alts\u00e5, det er viktig \u00e5 si.<\/p>\n<p>Den brune Michael Kors-veska plasserer hun ved siden av stolen.<\/p>\n<p>Trine er en morgenfugl. Klokken er derfor ikke mer enn ni n\u00e5r vi m\u00f8tes for en prat om hverdagen og livet.<\/p>\n<p>&#8211; Toget tuter og g\u00e5r, det har bare f\u00e5tt en vogn mindre.\u00a0<\/p>\n<p>For selv om hun etter 19 sesonger har sagt seg forsynt med Skal vi danse-sirkuset og ikke lenger er en del av ekspertstaben til TV 2-programmet, er dagene til 65-\u00e5ringen langt fra kjedelige.\u00a0<\/p>\n<p>&#8211; Jeg har ikke skj\u00f8nt hva familien min har ofret n\u00e5r jeg hver h\u00f8st, l\u00f8rdag etter l\u00f8rdag, har tatt plass bak dommerpanelet.\u00a0<\/p>\n<p>Da programmet hadde ett \u00e5rs pause, f\u00f8r den tyvende sesongen i \u00e5r skulle rulle og g\u00e5 p\u00e5 skjermen, fikk Trine smaken p\u00e5 det gode liv.\u00a0<\/p>\n<p>&#8211; Jeg kjente hvor mye deltagelsen i Skal vi danse har begrenset oss.\u00a0<\/p>\n<p>        <img loading=\"lazy\" decoding=\"async\" src=\"https:\/\/www.europesays.com\/no\/wp-content\/uploads\/2026\/01\/83769797.webp.webp\" width=\"686\" height=\"412\" title=\"RINGREV: Helt fra sesongstarten av danseprogrammet i 2006 og fram til 2023, har Trine delt ut kunnskap og poeng til kjente norske ansikt. Foto: Morten Holm \/ NTB\" alt=\"\" class=\"\" style=\"--aspect-ratio-image: 1.67; \"\/><\/p>\n<p>\n        RINGREV: Helt fra sesongstarten av danseprogrammet i 2006 og fram til 2023, har Trine delt ut kunnskap og poeng til kjente norske ansikt. Foto: Morten Holm \/ NTB\n    <\/p>\n<p>For selv om hun f\u00f8ler seg privilegert og be\u00e6ret for \u00e5 ha f\u00e5tt mulighet til \u00e5 l\u00e6re opp det norske folk til \u00e5 danse, savner hun verken paljetter, poengstaver eller den direktesendte danseparketten.<\/p>\n<p>Mulighetene har derfor n\u00e5 \u00e5pnet seg for at hun og ektemannen, Thomas Dehli Cleve, kan tilbringe like mye tid i leiligheten ved den italienske\u00a0innsj\u00f8en Gardasj\u00f8en som hjemme i Lillestr\u00f8m.<\/p>\n<p>Der driver hun et selvoppstartet eventbyr\u00e5, hvor hun skreddersyr alt fra bryllup og jubileum til venninneturer og familiereiser.\u00a0<\/p>\n<p>&#8211; I flere \u00e5r har vi brukt leiligheten som en hytte, men n\u00e5 er det mer et hjem.\u00a0<\/p>\n<p>Trine kan imidlertid r\u00f8pe at selv om Italia forel\u00f8pig ikke skal bli hjemlandet p\u00e5 fulltid, vurderer paret \u00e5 stasjonere seg n\u00e6rmere Torp flyplass, hvor de hyppige og direkte avgangene tar dem rett til ferieparadiset.\u00a0<\/p>\n<p>Salgsprosessen for huset de bor i n\u00e5 er allerede i full gang.\u00a0<\/p>\n<p>&#8211; Vi har ingen tilknytning til verken T\u00f8nsberg eller Vestfold, men som Thomas sier: \u00abhva er det verste som kan skje?\u00bb. Liker vi oss ikke s\u00e5 flytter vi bare et annet sted.\u00a0<\/p>\n<p>    <a itemprop=\"url\" href=\"https:\/\/www.dagbladet.no\/tema\/overlegens-knekkebrod-grep-ellevilt-vekttap\/84035210\" rel=\"nofollow noopener\" target=\"_blank\"><\/p>\n<p>        <img loading=\"lazy\" decoding=\"async\" src=\"https:\/\/www.europesays.com\/no\/wp-content\/uploads\/2026\/01\/82431949.webp.webp\" width=\"980\" height=\"441\" title=\"Knekkebr\u00f8d-grep: Ellevilt vekttap!\" alt=\"\" class=\"lazyload\" style=\"--aspect-ratio-image: 2.22; \"\/><\/p>\n<p>        Knekkebr\u00f8d-grep: Ellevilt vekttap!<\/p>\n<p>    <\/a><\/p>\n<p>Det er det \u00e5pne sinnet til den tolv \u00e5r yngre mannen som har l\u00e6rt Trine mest i l\u00f8pet av det 28 \u00e5r lange ekteskapet deres.\u00a0<\/p>\n<p>&#8211; Jeg er litt for flink til \u00e5 sette grenser for meg selv, men da kommer Thomas alltid inn fra siden og gir meg troa p\u00e5 alt jeg kan f\u00e5 til.\u00a0<\/p>\n<p>Derfor sitter hun n\u00e5 i sin andre periode som president i Norges Danseforbund, og har v\u00e6rt \u00e5 se i hennes reality-debut i sesong fem av Forr\u00e6der denne h\u00f8sten.\u00a0<\/p>\n<p>Selv om deltagelsen i programmet ikke ble den lengste, er hun glad for at hun kastet seg ut i det.\u00a0<\/p>\n<p>        <img loading=\"lazy\" decoding=\"async\" src=\"https:\/\/www.europesays.com\/no\/wp-content\/uploads\/2026\/01\/83904497.webp.webp\" width=\"686\" height=\"707\" title=\"TREKL\u00d8VERN: Her er hele flokken samlet. Foto: Andreas Fadum.\" alt=\"\" class=\"\" style=\"--aspect-ratio-image: 0.97; \"\/><\/p>\n<p>\n        TREKL\u00d8VERN: Her er hele flokken samlet. Foto: Andreas Fadum.\n    <\/p>\n<p>&#8211; Det er takket v\u00e6re datteren min og Thomas som sa \u00abdette fikser du\u00bb, da jeg ble tvilende til foresp\u00f8rselen.\u00a0<\/p>\n<p>Trine er veldig takknemlig for den lille trekl\u00f8veren sin. Men veien dit var ikke bare enkel.\u00a0<\/p>\n<p>&#8211; N\u00e5r jeg gikk forbi barnefamilier syns jeg at jeg overalt h\u00f8rte foreldre som ba barna skynde seg s\u00e5 de kunne komme seg hjem, man kunne merket stresset deres. Jeg ville bare skrike ut \u00abdu aner ikke hvor heldig du er som i det hele tatt har barn\u00bb.\u00a0<\/p>\n<p>P\u00e5 det tidspunktet var Trine i slutten av 20-\u00e5rene. Hun hadde enn\u00e5 ikke m\u00f8tt Thomas, men lengselen etter familie var stor.\u00a0<\/p>\n<p>Da paret noen \u00e5r senere m\u00f8ttes i dansemilj\u00f8et og etter hvert \u00f8nsket \u00e5 stifte familie, ble prosessen lengre enn ventet. Frykten for at de ikke kunne f\u00e5 barn vokste fram.\u00a0<\/p>\n<p>Overraskelsen ble derfor stor da testen plutselig viste to streker.<\/p>\n<p>        <img loading=\"lazy\" decoding=\"async\" src=\"https:\/\/www.europesays.com\/no\/wp-content\/uploads\/2026\/01\/83976547.webp.webp\" width=\"686\" height=\"577\" title=\"URETTFERDIG: - Jeg har helt sikkert stresset meg hjem med Celine p\u00e5 slep jeg ogs\u00e5. Men n\u00e5r man st\u00e5r p\u00e5 utsiden og s\u00e5 inderlig \u00f8nsker seg et barn s\u00e5 er det lett \u00e5 bli litt urettferdig. Foto: J\u00f8rn H. Moen.\" alt=\"\" class=\"\" style=\"--aspect-ratio-image: 1.19; \"\/><\/p>\n<p>\n        URETTFERDIG: &#8211; Jeg har helt sikkert stresset meg hjem med Celine p\u00e5 slep jeg ogs\u00e5. Men n\u00e5r man st\u00e5r p\u00e5 utsiden og s\u00e5 inderlig \u00f8nsker seg et barn s\u00e5 er det lett \u00e5 bli litt urettferdig. Foto: J\u00f8rn H. Moen.\n    <\/p>\n<p>&#8211; Det var en ren lykke \u00e5 v\u00e6re et steg n\u00e6rmere noe man \u00f8nsket seg s\u00e5 mye.\u00a0<\/p>\n<p>Den etterlengta datteren, Celine, ble f\u00f8dt i 2000. Da var Trine 39 \u00e5r gammel.\u00a0<\/p>\n<p>&#8211; Vi klarte bare henne, men jeg er veldig forn\u00f8yd med det.\u00a0<\/p>\n<p>For selv om Trine p\u00e5 det tidspunktet \u00f8nsket seg flere barn, gjorde omstendighetene det for vanskelig.\u00a0<\/p>\n<p>Mannen hennes m\u00e5tte gjennom en stor ryggoperasjon, som ikke gikk som planlagt.\u00a0<\/p>\n<p>&#8211; Jeg har et minne av Thomas og Celine som begge l\u00e6rte seg \u00e5 g\u00e5 nedover sykehusgangene samtidig.\u00a0<\/p>\n<p>&#8211; Jeg ante rett og slett ikke om jeg kom til \u00e5 f\u00e5 en invalid mann. Da turte jeg ikke ta sjansen p\u00e5 \u00e5 st\u00e5 alene med to sm\u00e5 barn.\u00a0<\/p>\n<p>I motsetning til Trine, som ble sendt p\u00e5 danseskole allerede som 4-\u00e5ring, ble Celine fulgt p\u00e5 alt fra sirkusskoler til alle typer fritidsklubber, f\u00f8r hun selv ytret \u00f8nsket om \u00e5 g\u00e5 i foreldrenes fotspor.\u00a0<\/p>\n<p>        <img loading=\"lazy\" decoding=\"async\" src=\"https:\/\/www.europesays.com\/no\/wp-content\/uploads\/2026\/01\/83904508.webp.webp\" width=\"686\" height=\"961\" title=\"SOM MOR, SOM DATTER: Lidenskapen for dans smittet raskt over p\u00e5 datteren. Foto: Tor Lindseth.\" alt=\"\" class=\"\" style=\"--aspect-ratio-image: 0.71; \"\/><\/p>\n<p>\n        SOM MOR, SOM DATTER: Lidenskapen for dans smittet raskt over p\u00e5 datteren. Foto: Tor Lindseth.\n    <\/p>\n<p>&#8211; Vi \u00f8nsket at hun skulle f\u00e5 skape sin egen vei, og ikke bli sammenlignet med v\u00e5re prestasjoner.\u00a0<\/p>\n<p>Men da dans ble en familieinteresse, hadde de mange lange dager sammen i studio.\u00a0<\/p>\n<p>&#8211; Det har gjort at vi har blitt veldig n\u00e6re.\u00a0<\/p>\n<p>I dag er datteren utdannet kriminolog, og etter et kort mellomstopp hjemme etter endt mastergrad i England, er hun n\u00e5 p\u00e5 vei ut igjen av redet.\u00a0<\/p>\n<p>&#8211; Jeg vet at mange syns det er veldig vemodig n\u00e5r barna flytter ut, men for meg hadde det motsatte v\u00e6rt enda tristere. Det er helt naturlig at barna flytter ut og skaper seg sitt eget liv.\u00a0<\/p>\n<p>Trine syns det er veldig spennende \u00e5 kunne f\u00f8lge datteren p\u00e5 veien og ta del i hennes reise.\u00a0<\/p>\n<p>&#8211; Med to foreldre som har jobbet med dans, ogs\u00e5 vips s\u00e5 ble hun kriminolog, hvor kom det fra liksom?\u00a0<\/p>\n<p>Jeg sp\u00f8r Trine hvor hennes store lidenskap for dans kommer fra.<\/p>\n<p>&#8211; Jeg har bare alltid elsket det. Siden mamma er dansk, var det helt naturlig for henne \u00e5 sende meg p\u00e5 danseskole. Det var som en del av barneoppdragelsen i Danmark.\u00a0<\/p>\n<p>    <a itemprop=\"url\" href=\"https:\/\/www.dagbladet.no\/tema\/pensjonist-som-62-65-aring-erfaringene\/83953393\" rel=\"nofollow noopener\" target=\"_blank\"><\/p>\n<p>        <img loading=\"lazy\" decoding=\"async\" src=\"https:\/\/www.europesays.com\/no\/wp-content\/uploads\/2026\/01\/83953464.webp.webp\" width=\"980\" height=\"441\" title=\"Pensjonist som 62-65-\u00e5ring? Erfaringene\" alt=\"\" class=\"lazyload\" style=\"--aspect-ratio-image: 2.22; \"\/><\/p>\n<p>        Pensjonist som 62-65-\u00e5ring? Erfaringene<\/p>\n<p>    <\/a><\/p>\n<p>Siden den gang har proffdanseren aldri sett seg tilbake.\u00a0<\/p>\n<p>&#8211; Mamma har fortalt meg at da jeg var liten og ble invitert p\u00e5 bursdager, svarte jeg alltid: \u00abjeg kan komme hvis jeg ikke skal p\u00e5 trening\u00bb.<\/p>\n<p>I senere tid var det fester, diskotek og sene kvelder som ble danket ut.\u00a0<\/p>\n<p>&#8211; Det f\u00f8rte til at jeg falt veldig utenfor det sosiale p\u00e5 skolen.\u00a0<\/p>\n<p>Men for Trine var det et valg.\u00a0<\/p>\n<p>&#8211; Jeg hadde som m\u00e5l \u00e5 bli best.\u00a0<\/p>\n<p>Og det ble hun, opptil flere ganger.\u00a0<\/p>\n<p>Talentet fra Lillestr\u00f8m kapret seg hele fire VM-titler, fem titler i EM og tre kongepokaler. I tillegg til 23 \u00f8vrige medaljer i de to f\u00f8rstnevnte mesterskapene.\u00a0<\/p>\n<p>        <img loading=\"lazy\" decoding=\"async\" src=\"https:\/\/www.europesays.com\/no\/wp-content\/uploads\/2026\/01\/83976640.webp.webp\" width=\"686\" height=\"522\" title=\"SIN STRENGESTE SJEF: Veien mot \u00e5 bli best har krevd st\u00e5p\u00e5vilje og et h\u00f8y dedikasjon, men for Trine betydde det alt. Foto: J\u00f8rn. H. Moen.\" alt=\"\" class=\"\" style=\"--aspect-ratio-image: 1.31; \"\/><\/p>\n<p>\n        SIN STRENGESTE SJEF: Veien mot \u00e5 bli best har krevd st\u00e5p\u00e5vilje og et h\u00f8y dedikasjon, men for Trine betydde det alt. Foto: J\u00f8rn. H. Moen.\n    <\/p>\n<p>Da hun som 27-\u00e5ring la opp aktiv karriere bestemte hun seg for \u00e5 ta igjen alt det tapte.\u00a0<\/p>\n<p>&#8211; Jeg skulle dra p\u00e5 fest, drikke og v\u00e6re oppe hele natta. Men jeg skj\u00f8nte fort at det ikke var jeg som hadde g\u00e5tt glipp av noe. Jeg hadde derimot f\u00e5tt enormt mange opplevelser, som jeg aldri ville v\u00e6rt foruten.\u00a0<\/p>\n<p>Men livet har p\u00e5 ingen m\u00e5te bare v\u00e6rt en dans p\u00e5 roser for 65-\u00e5ringen.<\/p>\n<p>Bak glitter og glamour holdt hun i mange \u00e5r en t\u00f8ff familiehistorie utenfor rampelyset.\u00a0<\/p>\n<p>&#8211; Jeg ville ikke fortelle om det s\u00e5 lenge mamma og pappa levde, fordi det i alle de \u00e5r var veldig s\u00e5rt og vondt for dem, omtalte Dagbladet i 2023. Etter at hun for f\u00f8rste gang \u00e5pnet seg opp om den eldste lilles\u00f8steren, i Ellen Arnstads podkast \u00abLivet og ledelse\u00bb.<\/p>\n<p>For i oppveksten var Trine en del av en s\u00f8skenflokk p\u00e5 tre. I dag er de bare to.\u00a0<\/p>\n<p>Da Trines mellomste s\u00f8ster, Lene, kom til verden, viste det seg at hun ble f\u00f8dt med en alvorlig hjerneskade.\u00a0<\/p>\n<p>Hele livet bodde lilles\u00f8steren p\u00e5 Emma Hjorts Hjem, en institusjon for psykisk utviklingsvarierte, som var i drift fra 1898 til 1996.\u00a0<\/p>\n<p>&#8211; Men selv om hun ikke bodde sammen med oss i huset hjemme i Lillestr\u00f8m, var hun alltid en del av familien.\u00a0<\/p>\n<p>Hun forteller at oppveksten med en syk s\u00f8ster gjorde at hun som eldstemann fort ble selvstendig.\u00a0<\/p>\n<p>&#8211; Jeg f\u00f8lte meg p\u00e5 ingen m\u00e5te fors\u00f8mt, men jeg l\u00e6rte raskt \u00e5 ta ansvar.\u00a0<\/p>\n<p>Allerede som 33-\u00e5ring d\u00f8de Lene som f\u00f8lge av skaden.\u00a0<\/p>\n<p>&#8211; Hele livet levde hun p\u00e5 \u00abl\u00e5nt\u00bb tid.\u00a0<\/p>\n<p>Tapet av s\u00f8steren er et vanskelig tema. Det tar lengre tid mellom ordene og svarene blir kortere.<\/p>\n<p>&#8211; Man vil alltid b\u00e6re med seg at man har mistet en s\u00f8ster.\u00a0<\/p>\n<p>H\u00f8sten 2022 skriver seg inn som enda et tungt kapittel i Trines liv.\u00a0<\/p>\n<p>Med bare fire m\u00e5neders mellomrom, mistet hun sine to bautaer i livet.\u00a0<\/p>\n<p>&#8211; Det var en helt uvirkelig tid.\u00a0<\/p>\n<p>P\u00e5 et blunk sto hun uten foreldre.\u00a0<\/p>\n<p>&#8211; Mamma mistet vi egentlig et par \u00e5r f\u00f8r. Da hun ble rammet av b\u00e5de Parkinson og demens.\u00a0<\/p>\n<p>Samtidig som den nevrologiske lidelsen p\u00e5virket hjernens evne til \u00e5 styre bevegelser, kjente hun til slutt ikke igjen sin egen datter.\u00a0<\/p>\n<p>&#8211; Det var utrolig tungt, forteller hun.\u00a0<\/p>\n<p>Etter tapet merket Trine at faren ble mett p\u00e5 livet. At han var tilfreds.\u00a0<\/p>\n<p>&#8211; Han hadde ikke lenger mamma \u00e5 passe p\u00e5, han visste at vi barna hadde det fint og at barnebarna hadde det bra.<\/p>\n<p>Det fikk han til \u00e5 slappe av. Til \u00e5 slippe taket.<\/p>\n<p>Selv om sorgen og savnet alltid kommer til \u00e5 henge ved, har hun med tiden kommet dit at hun gleder seg over det gode minnet.\u00a0<\/p>\n<p>&#8211; Minnet av en mamma og pappa som alltid stilte opp, st\u00f8ttet og heiet meg fram. De var der da jeg trengte noen \u00e5 gr\u00e5te p\u00e5 skulderen til og da jeg trengte noen \u00e5 glede meg sammen med.\u00a0<\/p>\n<p>        <img loading=\"lazy\" decoding=\"async\" src=\"https:\/\/www.europesays.com\/no\/wp-content\/uploads\/2026\/01\/83976663.webp.webp\" width=\"686\" height=\"508\" title=\"VARM I HJERTET: Trine mimrer tilbake til sine to viktigste st\u00f8ttespillere gjennom livet. Foto: J\u00f8rn. H. Moen.\" alt=\"\" class=\"\" style=\"--aspect-ratio-image: 1.35; \"\/><\/p>\n<p>\n        VARM I HJERTET: Trine mimrer tilbake til sine to viktigste st\u00f8ttespillere gjennom livet. Foto: J\u00f8rn. H. Moen.\n    <\/p>\n<p>Hun begynner \u00e5 smile.\u00a0<\/p>\n<p>&#8211; Hjemme har jeg en digital bilderamme som ruller og g\u00e5r hele dagen. Da dukker det stadig opp bilder av dem. Det er fint.\u00a0<\/p>\n<p>De hvite str\u00f8kne skjorteermene griper tak i kaffekoppen. Hun tar en stor slurk, f\u00f8r hun sier:\u00a0<\/p>\n<p>&#8211; Mamma var min st\u00f8rste kritiker.\u00a0<\/p>\n<p>&#8211; Hun var alltid veldig opptatt av kl\u00e6r og utseende. Hun fulgte n\u00f8ye med p\u00e5 hvilke antrekk jeg hadde p\u00e5 under opptakene til Skal vi danse.\u00a0<\/p>\n<p>Tallerknene foran oss er begge tomme.\u00a0<\/p>\n<p>Og selv om Trine vanligvis ikke spiser f\u00f8r godt ut p\u00e5 formiddagen, har vi forsynt oss b\u00e5de en og to ganger av den duftende buff\u00e9en.\u00a0<\/p>\n<p>Det er de fire siste \u00e5ra hun har latt seg inspirere av dietten med bare to m\u00e5ltider om dagen.\u00a0<\/p>\n<p>&#8211; Men i dag klarte jeg ikke \u00e5 dy meg.\u00a0<\/p>\n<p>Vi kler p\u00e5 oss yttert\u00f8yet og trekker ut i vinterkulda, med fotografen p\u00e5 slep.\u00a0<\/p>\n<p>Mens vi trasker ned mot havna til Oslofjorden, fyrer jeg l\u00f8s med noen av de siste sp\u00f8rsm\u00e5lene p\u00e5 blokka.\u00a0<\/p>\n<p>        <img loading=\"lazy\" decoding=\"async\" src=\"https:\/\/www.europesays.com\/no\/wp-content\/uploads\/2026\/01\/83976671.webp.webp\" width=\"686\" height=\"625\" title=\"STILFULL: Pen i t\u00f8yet som alltid trasker Trine nedover Oslo-gatene. Foto: J\u00f8rn. H. Moen.\" alt=\"\" class=\"\" style=\"--aspect-ratio-image: 1.10; \"\/><\/p>\n<p>\n        STILFULL: Pen i t\u00f8yet som alltid trasker Trine nedover Oslo-gatene. Foto: J\u00f8rn. H. Moen.\n    <\/p>\n<p class=\"italic m-italic\" data-lab-italic=\"italic\">&#8211; Hvilken myte om deg selv skulle du gjerne ha rettet opp i?\u00a0<\/p>\n<p>&#8211; Jeg tror nok mange som ikke kjenner meg opplever meg som den strenge dommeren. Men det er jo en rolle jeg har inntatt, hvor jeg snakker fag. Blant dem som kjenner meg blir jeg sett p\u00e5 som alt annet enn streng.<\/p>\n<p class=\"italic m-italic\" data-lab-italic=\"italic\">&#8211; Hva gj\u00f8r du n\u00e5r du slapper av?\u00a0<\/p>\n<p>&#8211; Da drar jeg og Thomas p\u00e5 utflukt. S\u00e6rlig n\u00e5r vi er i Italia. Da kan vi kj\u00f8re rundt til nabobyene og rusle rundt. Hver by med sin unike historie og arkitektur. Det skjer jo ikke her i Norge.\u00a0<\/p>\n<p>Det skjer jo ikke like mye her i Norge, at vi plutselig kj\u00f8rer oss en tur til Drammen, ler hun.\u00a0<\/p>\n<p class=\"italic m-italic\" data-lab-italic=\"italic\">&#8211; Hva er det beste og verste med alderen du er i n\u00e5?<\/p>\n<p>&#8211; Det beste m\u00e5 v\u00e6re erfaringen og alt man har tatt med seg fra livets l\u00f8p. Det verste er derimot vondtene som f\u00f8lger med et liv med stor belastning. Jeg merker at jeg ikke er 20 \u00e5r lengre, selv om jeg bank i bordet har blitt forsk\u00e5net for alvorlig sykdom.\u00a0<\/p>\n<p>Den bitende kulda setter seg i de solbrune kinna, n\u00e5r hun smiler til kamera nede ved Aker Brygge.\u00a0<\/p>\n<p>&#8211; Brrr, sier hun og rister l\u00f8s i noen store dansebevegelser.\u00a0<\/p>\n<p>        <img loading=\"lazy\" decoding=\"async\" src=\"https:\/\/www.europesays.com\/no\/wp-content\/uploads\/2026\/01\/83976673.webp.webp\" width=\"686\" height=\"522\" title=\"LENGTER ETTER VARMEN: Selv om Trine er glad i b\u00e5de ski og vinterstid, syns hun den norske vinteren er litt for lang. Foto: J\u00f8rn. H. Moen.\" alt=\"\" class=\"\" style=\"--aspect-ratio-image: 1.31; \"\/><\/p>\n<p>\n        LENGTER ETTER VARMEN: Selv om Trine er glad i b\u00e5de ski og vinterstid, syns hun den norske vinteren er litt for lang. Foto: J\u00f8rn. H. Moen.\n    <\/p>\n","protected":false},"excerpt":{"rendered":"Om ikke dansende, entrer den pensjonerte TV-dommeren Grand Caf\u00e9 p\u00e5 elegant vis.Trine Dehli Cleve l\u00f8fter h\u00e5nda, idet hun&hellip;\n","protected":false},"author":2,"featured_media":128293,"comment_status":"","ping_status":"","sticky":false,"template":"","format":"standard","meta":{"footnotes":""},"categories":[58],"tags":[71,479,30,28,29,218,7240,2280,6178,12817,72],"class_list":{"0":"post-128292","1":"post","2":"type-post","3":"status-publish","4":"format-standard","5":"has-post-thumbnail","7":"category-underholdning","8":"tag-entertainment","9":"tag-kjendis","10":"tag-no","11":"tag-norge","12":"tag-norway","13":"tag-pluss","14":"tag-portrett","15":"tag-skal-vi-danse","16":"tag-sorg","17":"tag-trine-dehli-cleve","18":"tag-underholdning"},"share_on_mastodon":{"url":"https:\/\/pubeurope.com\/@no\/115834147542381540","error":""},"_links":{"self":[{"href":"https:\/\/www.europesays.com\/no\/wp-json\/wp\/v2\/posts\/128292","targetHints":{"allow":["GET"]}}],"collection":[{"href":"https:\/\/www.europesays.com\/no\/wp-json\/wp\/v2\/posts"}],"about":[{"href":"https:\/\/www.europesays.com\/no\/wp-json\/wp\/v2\/types\/post"}],"author":[{"embeddable":true,"href":"https:\/\/www.europesays.com\/no\/wp-json\/wp\/v2\/users\/2"}],"replies":[{"embeddable":true,"href":"https:\/\/www.europesays.com\/no\/wp-json\/wp\/v2\/comments?post=128292"}],"version-history":[{"count":0,"href":"https:\/\/www.europesays.com\/no\/wp-json\/wp\/v2\/posts\/128292\/revisions"}],"wp:featuredmedia":[{"embeddable":true,"href":"https:\/\/www.europesays.com\/no\/wp-json\/wp\/v2\/media\/128293"}],"wp:attachment":[{"href":"https:\/\/www.europesays.com\/no\/wp-json\/wp\/v2\/media?parent=128292"}],"wp:term":[{"taxonomy":"category","embeddable":true,"href":"https:\/\/www.europesays.com\/no\/wp-json\/wp\/v2\/categories?post=128292"},{"taxonomy":"post_tag","embeddable":true,"href":"https:\/\/www.europesays.com\/no\/wp-json\/wp\/v2\/tags?post=128292"}],"curies":[{"name":"wp","href":"https:\/\/api.w.org\/{rel}","templated":true}]}}