{"id":12831,"date":"2025-08-20T05:35:21","date_gmt":"2025-08-20T05:35:21","guid":{"rendered":"https:\/\/www.europesays.com\/no\/12831\/"},"modified":"2025-08-20T05:35:21","modified_gmt":"2025-08-20T05:35:21","slug":"india-med-spark-mot-trump-modi-takker-vennen-putin","status":"publish","type":"post","link":"https:\/\/www.europesays.com\/no\/12831\/","title":{"rendered":"India med spark mot Trump: Modi takker \u00abvennen\u00bb Putin"},"content":{"rendered":"<p>Modi er klar til \u00e5 bes\u00f8ke Kina og holde m\u00f8ter med president Xi Jinping under Shanghai Cooperation Organisation-toppm\u00f8tet. Jaishankar sier diskusjonene forventes \u00e5 bidra til \u00e5 bygge et stabilt og fremtidsrettet forhold mellom India og Kina.<\/p>\n<p class=\"subhead\" data-element-type=\"subhead\" data-element-label=\"Mellomtittel\">Irritert handelsr\u00e5dgiver<\/p>\n<p>F\u00f8r Russland gikk inn i Ukraina i februar 2022, sto landet for mindre enn \u00e9n prosent av indisk r\u00e5oljeimport. N\u00e5 importerer India mer enn 1,5 millioner fat pr. dag, over 30 prosent av total import. Da har <a href=\"https:\/\/www.finansavisen.no\/shipping\/2025\/08\/14\/8285732\/kutter-i-russisk-olje?internal_source=markedsnytt_frontpage_widget\" rel=\"nofollow noopener\" target=\"_blank\">importen likevel falt<\/a> etter Trumps tolltrusler, etter at India i f\u00f8rste halv\u00e5r i snitt importerte\u00a02,0 millioner fat pr. dag.\u00a0<\/p>\n<p>Trumps handelsr\u00e5dgiver\u00a0Peter Navarro er <a href=\"https:\/\/www.finansavisen.no\/politikk\/2025\/08\/18\/8286328\/trump-radgiver-peter-navarro-advarer-india-mot-russiske-oljekjop\" rel=\"nofollow noopener\" target=\"_blank\">likevel ikke forn\u00f8yd<\/a> og kritiserer India for \u00e5 bruke amerikanske dollar til \u00e5 kj\u00f8pe russisk olje, og hevder handelen drives av profittjaget hos Indias oljelobby, ikke av innenlands behov.<\/p>\n<p><b>\u00abUSA har et massivt handelsunderskudd med India \u2013 n\u00e6rmere 50 milliarder dollar \u00e5rlig. Og her er poenget: India bruker disse amerikanske dollarene til \u00e5 kj\u00f8pe russisk olje\u00bb, skriver Navarro i et debattinnlegg i <a href=\"https:\/\/www.ft.com\/content\/286160e0-c0e6-4899-ad5c-3aa6dce85e82\" rel=\"nofollow noopener\" target=\"_blank\">Financial Times<\/a>.<br \/><\/b><\/p>\n<p>Navarro p\u00e5peker ogs\u00e5 at Russland sto for over en tredjedel av Indias v\u00e5penimport mellom 2020 og 2024. Selv om India n\u00e5 i \u00f8kende grad kj\u00f8per forsvarsmateriell fra USA, Frankrike og Israel, krever landet ofte teknologioverf\u00f8ring og lokal produksjon som betingelse. Dette kan f\u00f8re til at avansert amerikansk milit\u00e6rteknologi havner hos et India som styrker b\u00e5ndene til Russland og Kina.<\/p>\n<p>Navarro anklager Biden-administrasjonen for \u00e5 ha ignorert situasjonen og hevder Trumps politikk konfronterer den.<\/p>\n<p><img decoding=\"async\" class=\"lazyload \" src=\"https:\/\/www.europesays.com\/no\/wp-content\/uploads\/2025\/08\/1755668121_853_pipe\"  data- alt=\"\"\/><\/p>\n<p>IT&#8217;S COMPLICATED: Donald Trump og\u00a0Narendra Modi hadde tilsynelatende et ganske godt forhold f\u00f8r, men etter at den amerikanske presidenten begynte med tolltrusler har forholdet surnet. <strong>Foto: Bloomberg<\/strong><\/p>\n<p class=\"subhead\" data-element-type=\"subhead\" data-element-label=\"Mellomtittel\">Droppet v\u00e5penkj\u00f8p<\/p>\n<p class=\"\">USA og India skulle ha hatt handelssamtaler i august, men de er utsatt p\u00e5 ubestemt tid. India skulle ogs\u00e5 kj\u00f8pe v\u00e5pen fra USA, men har <a href=\"https:\/\/www.finansavisen.no\/makro\/2025\/08\/08\/8284271\/setter-vapenkjop-fra-usa-pa-pause\" rel=\"nofollow noopener\" target=\"_blank\">satt det p\u00e5 pause<\/a> etter at de nye tollsatsene p\u00e5 indiske eksportvarer, som n\u00e5 er p\u00e5 50 prosent &#8211; blant de h\u00f8yeste USA har overfor noen handelspartner.<\/p>\n<p>India hadde planer om \u00e5 sende forsvarsminister Rajnath Singh til Washington for \u00e5 kunngj\u00f8re v\u00e5penkj\u00f8pene, men turen ble i stedet for avlyst.\u00a0<\/p>\n<p><b>V\u00e5penkj\u00f8pene kan fortsatt bli gjennomf\u00f8rt, men ikke like raskt som forventet.<br \/><\/b><\/p>\n<p>Kilder sier til Reuters at India fortsatt er \u00e5pen for \u00e5 redusere oljeimporten fra Russland og inng\u00e5 avtaler andre steder, inkludert USA, hvis de kan f\u00e5 lignende priser. Imidlertid gj\u00f8r Trumps trusler og en \u00f8kende\u00a0anti-amerikansk nasjonalisme i India det\u00a0politisk vanskelig for Modi \u00e5 gj\u00f8re en overgang fra Russland til USA.<\/p>\n","protected":false},"excerpt":{"rendered":"Modi er klar til \u00e5 bes\u00f8ke Kina og holde m\u00f8ter med president Xi Jinping under Shanghai Cooperation Organisation-toppm\u00f8tet.&hellip;\n","protected":false},"author":2,"featured_media":12832,"comment_status":"","ping_status":"","sticky":false,"template":"","format":"standard","meta":{"footnotes":""},"categories":[12],"tags":[20,21,55,24,25,15,120,413,22,23,793,13,30,28,29,14,16,26,27,42,186,43,44,45],"class_list":{"0":"post-12831","1":"post","2":"type-post","3":"status-publish","4":"format-standard","5":"has-post-thumbnail","7":"category-verden","8":"tag-breaking-news","9":"tag-breakingnews","10":"tag-donald-trump","11":"tag-featured-news","12":"tag-featurednews","13":"tag-headlines","14":"tag-india","15":"tag-kina","16":"tag-latest-news","17":"tag-latestnews","18":"tag-narendra-modi","19":"tag-news","20":"tag-no","21":"tag-norge","22":"tag-norway","23":"tag-nyheter","24":"tag-overskrifter","25":"tag-top-stories","26":"tag-topstories","27":"tag-verden","28":"tag-vladimir-putin","29":"tag-world","30":"tag-world-news","31":"tag-worldnews"},"share_on_mastodon":{"url":"","error":""},"_links":{"self":[{"href":"https:\/\/www.europesays.com\/no\/wp-json\/wp\/v2\/posts\/12831","targetHints":{"allow":["GET"]}}],"collection":[{"href":"https:\/\/www.europesays.com\/no\/wp-json\/wp\/v2\/posts"}],"about":[{"href":"https:\/\/www.europesays.com\/no\/wp-json\/wp\/v2\/types\/post"}],"author":[{"embeddable":true,"href":"https:\/\/www.europesays.com\/no\/wp-json\/wp\/v2\/users\/2"}],"replies":[{"embeddable":true,"href":"https:\/\/www.europesays.com\/no\/wp-json\/wp\/v2\/comments?post=12831"}],"version-history":[{"count":0,"href":"https:\/\/www.europesays.com\/no\/wp-json\/wp\/v2\/posts\/12831\/revisions"}],"wp:featuredmedia":[{"embeddable":true,"href":"https:\/\/www.europesays.com\/no\/wp-json\/wp\/v2\/media\/12832"}],"wp:attachment":[{"href":"https:\/\/www.europesays.com\/no\/wp-json\/wp\/v2\/media?parent=12831"}],"wp:term":[{"taxonomy":"category","embeddable":true,"href":"https:\/\/www.europesays.com\/no\/wp-json\/wp\/v2\/categories?post=12831"},{"taxonomy":"post_tag","embeddable":true,"href":"https:\/\/www.europesays.com\/no\/wp-json\/wp\/v2\/tags?post=12831"}],"curies":[{"name":"wp","href":"https:\/\/api.w.org\/{rel}","templated":true}]}}