{"id":128311,"date":"2026-01-04T03:30:12","date_gmt":"2026-01-04T03:30:12","guid":{"rendered":"https:\/\/www.europesays.com\/no\/128311\/"},"modified":"2026-01-04T03:30:12","modified_gmt":"2026-01-04T03:30:12","slug":"trafikk-ringerike-alvorlig-trafikkulykke-i-ringerike-2","status":"publish","type":"post","link":"https:\/\/www.europesays.com\/no\/128311\/","title":{"rendered":"Trafikk, Ringerike | Alvorlig trafikkulykke i Ringerike"},"content":{"rendered":"<p> (<a href=\"https:\/\/www.ringblad.no\" rel=\"nofollow noopener\" target=\"_blank\">Ringerikes Blad<\/a>) <\/p>\n<p>Ved 22.30-tiden l\u00f8rdag kveld rykker n\u00f8detatene ut til melding om en trafikkulykke i \u00c5dalsveien. <\/p>\n<p>Veien g\u00e5r mellom H\u00f8nefoss og Nes i \u00c5dal. Ulykken skal ha skjedd mellom Bjonvika og Nes i \u00c5dal.<\/p>\n<p>\u2013 Hendelsen framst\u00e5r alvorlig. Det er iverksatt HLR p\u00e5 en person som er involvert i hendelsen, skrev politiet i den f\u00f8rste meldingen.<\/p>\n<p>Ved 22.45-tiden melder politiet at Luftambulansen er p\u00e5 vei til ulykkesstedet. Nesten 20 minutter senere, like over 23.20, melder politiet at Luftambulansen lander p\u00e5 stedet og at veien sperres helt.<\/p>\n","protected":false},"excerpt":{"rendered":"(Ringerikes Blad) Ved 22.30-tiden l\u00f8rdag kveld rykker n\u00f8detatene ut til melding om en trafikkulykke i \u00c5dalsveien. Veien g\u00e5r&hellip;\n","protected":false},"author":2,"featured_media":128312,"comment_status":"","ping_status":"","sticky":false,"template":"","format":"standard","meta":{"footnotes":""},"categories":[10],"tags":[11717,36,20,21,24,25,15,22,23,13,30,28,29,14,16,2032,1510,26,27,224],"class_list":{"0":"post-128311","1":"post","2":"type-post","3":"status-publish","4":"format-standard","5":"has-post-thumbnail","7":"category-norge","8":"tag-adal","9":"tag-art","10":"tag-breaking-news","11":"tag-breakingnews","12":"tag-featured-news","13":"tag-featurednews","14":"tag-headlines","15":"tag-latest-news","16":"tag-latestnews","17":"tag-news","18":"tag-no","19":"tag-norge","20":"tag-norway","21":"tag-nyheter","22":"tag-overskrifter","23":"tag-ringerike","24":"tag-story","25":"tag-top-stories","26":"tag-topstories","27":"tag-trafikk"},"share_on_mastodon":{"url":"https:\/\/pubeurope.com\/@no\/115834717631039822","error":""},"_links":{"self":[{"href":"https:\/\/www.europesays.com\/no\/wp-json\/wp\/v2\/posts\/128311","targetHints":{"allow":["GET"]}}],"collection":[{"href":"https:\/\/www.europesays.com\/no\/wp-json\/wp\/v2\/posts"}],"about":[{"href":"https:\/\/www.europesays.com\/no\/wp-json\/wp\/v2\/types\/post"}],"author":[{"embeddable":true,"href":"https:\/\/www.europesays.com\/no\/wp-json\/wp\/v2\/users\/2"}],"replies":[{"embeddable":true,"href":"https:\/\/www.europesays.com\/no\/wp-json\/wp\/v2\/comments?post=128311"}],"version-history":[{"count":0,"href":"https:\/\/www.europesays.com\/no\/wp-json\/wp\/v2\/posts\/128311\/revisions"}],"wp:featuredmedia":[{"embeddable":true,"href":"https:\/\/www.europesays.com\/no\/wp-json\/wp\/v2\/media\/128312"}],"wp:attachment":[{"href":"https:\/\/www.europesays.com\/no\/wp-json\/wp\/v2\/media?parent=128311"}],"wp:term":[{"taxonomy":"category","embeddable":true,"href":"https:\/\/www.europesays.com\/no\/wp-json\/wp\/v2\/categories?post=128311"},{"taxonomy":"post_tag","embeddable":true,"href":"https:\/\/www.europesays.com\/no\/wp-json\/wp\/v2\/tags?post=128311"}],"curies":[{"name":"wp","href":"https:\/\/api.w.org\/{rel}","templated":true}]}}