{"id":128313,"date":"2026-01-04T03:36:07","date_gmt":"2026-01-04T03:36:07","guid":{"rendered":"https:\/\/www.europesays.com\/no\/128313\/"},"modified":"2026-01-04T03:36:07","modified_gmt":"2026-01-04T03:36:07","slug":"trafikk-adal-stor-utrykning-til-e16-medisinsk-nodstilfelle","status":"publish","type":"post","link":"https:\/\/www.europesays.com\/no\/128313\/","title":{"rendered":"Trafikk, \u00c5dal | Stor utrykning til E16: \u2013 Medisinsk n\u00f8dstilfelle"},"content":{"rendered":"\n<p>Det ble f\u00f8rst meldt om en <a href=\"https:\/\/www.ringblad.no\/incoming\/5-45-2162397.html\" rel=\"Follow nofollow noopener\" target=\"_blank\">alvorlig trafikkulykke<\/a> p\u00e5 stedet. Like f\u00f8r midnatt forteller politibetjent Erik S\u00f8rensen at det dreier seg om noe annet. <\/p>\n<p>\u2013 Vi fikk melding om at det var en bil som hadde stanset i veibanen, og at det muligens var et medisinsk n\u00f8dstilfelle hos f\u00f8rer. Da blir alle n\u00f8detatene sendt til stedet. <\/p>\n<p>\u2013 Det er flere andre bilister som har stoppet for \u00e5 hjelpe til, og de startet hjerte- og lungeredning (HLR) med AMK p\u00e5 tr\u00e5den. Det er veldig bra at folk tar det ansvaret og initiativet. <\/p>\n<p>En luftambulanse landet senere i n\u00e6rheten av stedet. S\u00f8rensen forteller at de ivaretar et familiemedlem som var i bilen sammen med sj\u00e5f\u00f8ren. <\/p>\n<p>\u2013 Vi har sperret veien inntil videre for \u00e5 gj\u00f8re de unders\u00f8kelsene vi trenger, og s\u00e5 vil den bli \u00e5pnet igjen.<\/p>\n<p>Klokken 00.26 ble E16 \u00e5pnet. <\/p>\n","protected":false},"excerpt":{"rendered":"Det ble f\u00f8rst meldt om en alvorlig trafikkulykke p\u00e5 stedet. Like f\u00f8r midnatt forteller politibetjent Erik S\u00f8rensen at&hellip;\n","protected":false},"author":2,"featured_media":128314,"comment_status":"","ping_status":"","sticky":false,"template":"","format":"standard","meta":{"footnotes":""},"categories":[12],"tags":[11717,36,20,21,295,24,25,15,22,23,13,30,28,29,14,16,1510,26,27,224,42,43,44,45],"class_list":{"0":"post-128313","1":"post","2":"type-post","3":"status-publish","4":"format-standard","5":"has-post-thumbnail","7":"category-verden","8":"tag-adal","9":"tag-art","10":"tag-breaking-news","11":"tag-breakingnews","12":"tag-e16","13":"tag-featured-news","14":"tag-featurednews","15":"tag-headlines","16":"tag-latest-news","17":"tag-latestnews","18":"tag-news","19":"tag-no","20":"tag-norge","21":"tag-norway","22":"tag-nyheter","23":"tag-overskrifter","24":"tag-story","25":"tag-top-stories","26":"tag-topstories","27":"tag-trafikk","28":"tag-verden","29":"tag-world","30":"tag-world-news","31":"tag-worldnews"},"share_on_mastodon":{"url":"https:\/\/pubeurope.com\/@no\/115834741290687164","error":""},"_links":{"self":[{"href":"https:\/\/www.europesays.com\/no\/wp-json\/wp\/v2\/posts\/128313","targetHints":{"allow":["GET"]}}],"collection":[{"href":"https:\/\/www.europesays.com\/no\/wp-json\/wp\/v2\/posts"}],"about":[{"href":"https:\/\/www.europesays.com\/no\/wp-json\/wp\/v2\/types\/post"}],"author":[{"embeddable":true,"href":"https:\/\/www.europesays.com\/no\/wp-json\/wp\/v2\/users\/2"}],"replies":[{"embeddable":true,"href":"https:\/\/www.europesays.com\/no\/wp-json\/wp\/v2\/comments?post=128313"}],"version-history":[{"count":0,"href":"https:\/\/www.europesays.com\/no\/wp-json\/wp\/v2\/posts\/128313\/revisions"}],"wp:featuredmedia":[{"embeddable":true,"href":"https:\/\/www.europesays.com\/no\/wp-json\/wp\/v2\/media\/128314"}],"wp:attachment":[{"href":"https:\/\/www.europesays.com\/no\/wp-json\/wp\/v2\/media?parent=128313"}],"wp:term":[{"taxonomy":"category","embeddable":true,"href":"https:\/\/www.europesays.com\/no\/wp-json\/wp\/v2\/categories?post=128313"},{"taxonomy":"post_tag","embeddable":true,"href":"https:\/\/www.europesays.com\/no\/wp-json\/wp\/v2\/tags?post=128313"}],"curies":[{"name":"wp","href":"https:\/\/api.w.org\/{rel}","templated":true}]}}