{"id":128315,"date":"2026-01-04T03:37:19","date_gmt":"2026-01-04T03:37:19","guid":{"rendered":"https:\/\/www.europesays.com\/no\/128315\/"},"modified":"2026-01-04T03:37:19","modified_gmt":"2026-01-04T03:37:19","slug":"tromso-ulykker-og-hendelser-to-til-sykehus-etter-frontulykke-i-tromso","status":"publish","type":"post","link":"https:\/\/www.europesays.com\/no\/128315\/","title":{"rendered":"Troms\u00f8, Ulykker og hendelser | To til sykehus etter frontulykke i Troms\u00f8"},"content":{"rendered":"\n<p>L\u00f8rdag kveld frontkolliderte to biler p\u00e5 Fylkesvei 91 ved Breivikeidet i Troms\u00f8. Veien blir stengt inntil videre. <\/p>\n<p>Totalt var tre personer involvert i frontkollisjonen. To av dem ble flydd med luftambulanse til Universitetssykehuset Nordland. <\/p>\n<p>\u2013 En av de involverte i ulykken er en mann i slutten av 40-\u00e5rene. De andre har jeg ikke f\u00e5tt inn opplysninger p\u00e5, forteller operasjonsleder i Troms politidistrikt Rune Nilsen til Nettavisen. <\/p>\n<p>Det er store materiale skader p\u00e5 bilene. Operasjonslederen\u00f8nsker ikke si noe om skadeomfanget p\u00e5 de involverte. <\/p>\n<p>Hendelsesforl\u00f8pet er uvisst for politiet, som n\u00e5 er p\u00e5 stedet for \u00e5 etterforske. <\/p>\n<p>\u2013 Vi fikk inn meldingen 18.48 av en person som hadde kommet til skadestedet, forteller Nilsen til Nettavisen. <\/p>\n<p>Klokken 19.02 meldte politiet at alle skal ha kommet seg ut av kj\u00f8ret\u00f8yene selv. <\/p>\n","protected":false},"excerpt":{"rendered":"L\u00f8rdag kveld frontkolliderte to biler p\u00e5 Fylkesvei 91 ved Breivikeidet i Troms\u00f8. Veien blir stengt inntil videre. Totalt&hellip;\n","protected":false},"author":2,"featured_media":3844,"comment_status":"","ping_status":"","sticky":false,"template":"","format":"standard","meta":{"footnotes":""},"categories":[10],"tags":[20,21,24,25,15,22,23,13,30,28,29,14,16,26,27],"class_list":{"0":"post-128315","1":"post","2":"type-post","3":"status-publish","4":"format-standard","5":"has-post-thumbnail","7":"category-norge","8":"tag-breaking-news","9":"tag-breakingnews","10":"tag-featured-news","11":"tag-featurednews","12":"tag-headlines","13":"tag-latest-news","14":"tag-latestnews","15":"tag-news","16":"tag-no","17":"tag-norge","18":"tag-norway","19":"tag-nyheter","20":"tag-overskrifter","21":"tag-top-stories","22":"tag-topstories"},"share_on_mastodon":{"url":"https:\/\/pubeurope.com\/@no\/115834745175698300","error":""},"_links":{"self":[{"href":"https:\/\/www.europesays.com\/no\/wp-json\/wp\/v2\/posts\/128315","targetHints":{"allow":["GET"]}}],"collection":[{"href":"https:\/\/www.europesays.com\/no\/wp-json\/wp\/v2\/posts"}],"about":[{"href":"https:\/\/www.europesays.com\/no\/wp-json\/wp\/v2\/types\/post"}],"author":[{"embeddable":true,"href":"https:\/\/www.europesays.com\/no\/wp-json\/wp\/v2\/users\/2"}],"replies":[{"embeddable":true,"href":"https:\/\/www.europesays.com\/no\/wp-json\/wp\/v2\/comments?post=128315"}],"version-history":[{"count":0,"href":"https:\/\/www.europesays.com\/no\/wp-json\/wp\/v2\/posts\/128315\/revisions"}],"wp:featuredmedia":[{"embeddable":true,"href":"https:\/\/www.europesays.com\/no\/wp-json\/wp\/v2\/media\/3844"}],"wp:attachment":[{"href":"https:\/\/www.europesays.com\/no\/wp-json\/wp\/v2\/media?parent=128315"}],"wp:term":[{"taxonomy":"category","embeddable":true,"href":"https:\/\/www.europesays.com\/no\/wp-json\/wp\/v2\/categories?post=128315"},{"taxonomy":"post_tag","embeddable":true,"href":"https:\/\/www.europesays.com\/no\/wp-json\/wp\/v2\/tags?post=128315"}],"curies":[{"name":"wp","href":"https:\/\/api.w.org\/{rel}","templated":true}]}}