{"id":128316,"date":"2026-01-04T03:43:09","date_gmt":"2026-01-04T03:43:09","guid":{"rendered":"https:\/\/www.europesays.com\/no\/128316\/"},"modified":"2026-01-04T03:43:09","modified_gmt":"2026-01-04T03:43:09","slug":"dette-smaker-av-en-gigantisk-utenrikspolitisk-blunder","status":"publish","type":"post","link":"https:\/\/www.europesays.com\/no\/128316\/","title":{"rendered":"\u2013 Dette smaker av en gigantisk utenrikspolitisk blunder"},"content":{"rendered":"<p>    Dette smaker av en gigantisk utenrikspolitisk blunder, sier en USA-ekspert etter at Trump kunngjorde at USA skal ta over kontrollen i Venezuela inntil videre.<\/p>\n<p>\n        USAs president Donald Trump p\u00e5 pressekonferansen l\u00f8rdag.<br \/>\n        Foto: Alex Brandon \/ AP \/ NTB\n    <\/p>\n<p class=\"kicker tertiary color_mobile_tertiary\" style=\"\">Verden<\/p>\n<p>\u2013 Wow. Han sier USA skal styre Venezuela. Det er et stort sp\u00f8rsm\u00e5l hva som konkret ligger i det. Hvordan skal han styre Venezuela uten \u00e5 g\u00e5 inn med amerikanske bakkestyrker for \u00e5 sikre kontrollen? skriver USA-ekspert Hilmar Mjelde i en epost til NTB.<\/p>\n<p>USAs president Donald Trump m\u00f8tte pressen l\u00f8rdag kveld norsk tid for \u00e5 redegj\u00f8re for situasjonen etter USAs angrep p\u00e5 Venezuela. Der kunngjorde Trump at USA tar over kontrollen over Venezuela inntil videre.<\/p>\n<p>\u2013 Trump gj\u00f8r n\u00e5 det motsatte av det han alltid har sagt at America First betyr, og det han kritiserte sine forgjengerne for.<\/p>\n<p>\u2013 Dette smaker av en gigantisk utenrikspolitisk blunder, mener Mjelde.<\/p>\n<p>\u2013 Kan g\u00e5 skeis p\u00e5 alskens m\u00e5ter<\/p>\n<p>Mjelde mener Trump har tatt p\u00e5 seg en gigantisk og ekstremt vanskelig oppgave. <\/p>\n<p>\u2013 Dette kan komme til \u00e5 ta all hans tid og fokus resten av presidentskapet hans, dersom situasjonen i Venezuela kommer ut av kontroll.<\/p>\n<p>\u2013 USA har veldig begrenset evne til \u00e5 styre og ordne opp i andre land, selv n\u00e5r de g\u00e5r inn med masse bakkestyrker. Jeg sp\u00f8r meg hvilke planer USA har for \u00e5 lykkes med dette, hvis de ikke er villig til \u00e5 sette inn den amerikanske h\u00e6ren. Dette kan g\u00e5 skeis p\u00e5 alskens m\u00e5ter, mener Mjelde.<\/p>\n<p>\u2013 Ikke noe han ble valgt for<\/p>\n<p>Amerikanske senatorer fra begge sider har allerede stilt sp\u00f8rsm\u00e5l ved lovligheten av Venezuela-angrepet. If\u00f8lge USAs grunnlov er det bare Kongressen som kan erkl\u00e6re krig.<\/p>\n<p>\u2013 Trump har ikke forberedt den amerikanske befolkningen p\u00e5 dette. Det var ikke noe han ble valgt for \u00e5 gj\u00f8re, p\u00e5peker Mjelde.<\/p>\n<p>\u2013 Han har ikke forberedt landet p\u00e5 at amerikanske soldater blir drept i Venezuela fremover.<\/p>\n<p>        <a itemprop=\"url\" class=\"\" href=\"https:\/\/www.dagsavisen.no\/nyheter\/slik-reagerer-verden-pa-usas-angrep-pa-venezuela\/10133208\" data-k5a-url=\"https:\/\/www.dagsavisen.no\/a\/10133208\" rel=\"nofollow noopener\" target=\"_blank\"><\/p>\n<p>            Slik reagerer verden p\u00e5 USAs angrep p\u00e5 Venezuela<\/p>\n<p>        <\/a><\/p>\n<p>        <a itemprop=\"url\" class=\"\" href=\"https:\/\/www.dagsavisen.no\/nyheter\/derfor-angriper-usa-venezuela\/10133316\" data-k5a-url=\"https:\/\/www.dagsavisen.no\/a\/10133316\" rel=\"nofollow noopener\" target=\"_blank\"><\/p>\n<p>            Derfor angriper USA Venezuela<\/p>\n<p>        <\/a><\/p>\n","protected":false},"excerpt":{"rendered":"Dette smaker av en gigantisk utenrikspolitisk blunder, sier en USA-ekspert etter at Trump kunngjorde at USA skal ta&hellip;\n","protected":false},"author":2,"featured_media":128317,"comment_status":"","ping_status":"","sticky":false,"template":"","format":"standard","meta":{"footnotes":""},"categories":[12],"tags":[20,21,24,25,15,22,23,13,30,28,29,14,16,26,27,42,43,44,45],"class_list":{"0":"post-128316","1":"post","2":"type-post","3":"status-publish","4":"format-standard","5":"has-post-thumbnail","7":"category-verden","8":"tag-breaking-news","9":"tag-breakingnews","10":"tag-featured-news","11":"tag-featurednews","12":"tag-headlines","13":"tag-latest-news","14":"tag-latestnews","15":"tag-news","16":"tag-no","17":"tag-norge","18":"tag-norway","19":"tag-nyheter","20":"tag-overskrifter","21":"tag-top-stories","22":"tag-topstories","23":"tag-verden","24":"tag-world","25":"tag-world-news","26":"tag-worldnews"},"share_on_mastodon":{"url":"https:\/\/pubeurope.com\/@no\/115834768752557840","error":""},"_links":{"self":[{"href":"https:\/\/www.europesays.com\/no\/wp-json\/wp\/v2\/posts\/128316","targetHints":{"allow":["GET"]}}],"collection":[{"href":"https:\/\/www.europesays.com\/no\/wp-json\/wp\/v2\/posts"}],"about":[{"href":"https:\/\/www.europesays.com\/no\/wp-json\/wp\/v2\/types\/post"}],"author":[{"embeddable":true,"href":"https:\/\/www.europesays.com\/no\/wp-json\/wp\/v2\/users\/2"}],"replies":[{"embeddable":true,"href":"https:\/\/www.europesays.com\/no\/wp-json\/wp\/v2\/comments?post=128316"}],"version-history":[{"count":0,"href":"https:\/\/www.europesays.com\/no\/wp-json\/wp\/v2\/posts\/128316\/revisions"}],"wp:featuredmedia":[{"embeddable":true,"href":"https:\/\/www.europesays.com\/no\/wp-json\/wp\/v2\/media\/128317"}],"wp:attachment":[{"href":"https:\/\/www.europesays.com\/no\/wp-json\/wp\/v2\/media?parent=128316"}],"wp:term":[{"taxonomy":"category","embeddable":true,"href":"https:\/\/www.europesays.com\/no\/wp-json\/wp\/v2\/categories?post=128316"},{"taxonomy":"post_tag","embeddable":true,"href":"https:\/\/www.europesays.com\/no\/wp-json\/wp\/v2\/tags?post=128316"}],"curies":[{"name":"wp","href":"https:\/\/api.w.org\/{rel}","templated":true}]}}