{"id":128318,"date":"2026-01-04T03:48:07","date_gmt":"2026-01-04T03:48:07","guid":{"rendered":"https:\/\/www.europesays.com\/no\/128318\/"},"modified":"2026-01-04T03:48:07","modified_gmt":"2026-01-04T03:48:07","slug":"tre-himmelbegivenheter-lordag-supermane-supersol-og-meteorer-s-n-no","status":"publish","type":"post","link":"https:\/\/www.europesays.com\/no\/128318\/","title":{"rendered":"Tre himmelbegivenheter l\u00f8rdag: Superm\u00e5ne, supersol og meteorer &#8211; s-n.no"},"content":{"rendered":"<ol>\n<li><a href=\"https:\/\/news.google.com\/rss\/articles\/CBMinwFBVV95cUxQVXFTdTZIc3JJNzRaa3RJME8wVmVaZF82aFFCWllNWm1sM2tfTE1uLTJZQUowNjJzV211Tk5YeFZnaGNYUTFuTHpHZXBWZjZYcGk5NXFqTDNGV1cxVXJYMXJiSEpwU2xROWNPTVJ1d0dBX1R0TEdTcjA0Nzg3bGlVUjFXYTYxaVJibFU5eTFhbS1RS1h0QzlWcVUxMjU3WlU?oc=5\" target=\"_blank\" rel=\"nofollow noopener\">Tre himmelbegivenheter l\u00f8rdag: Superm\u00e5ne, supersol og meteorer<\/a>&nbsp;&nbsp;s-n.no<\/li>\n<li><a href=\"https:\/\/news.google.com\/rss\/articles\/CBMiekFVX3lxTE9IZTlNVmFwWnd4aUo2LVZ1bUpsYkZHT2VSNktsMEdtRGgyOGFpZ2czcGlPbTRBMjZaZGxHdndIc3NpdUpoelR6ZjBzS3p3QWdxQ1E1ajFlRWpOYnlWNjc4bGlQdU0xV1hqV0ZJVFhXRjlObTBxUnRGNURn?oc=5\" target=\"_blank\" rel=\"nofollow noopener\">Se opp: Tre himmelfenomener samtidig<\/a>&nbsp;&nbsp;VG<\/li>\n<li><a href=\"https:\/\/news.google.com\/rss\/articles\/CBMi1wFBVV95cUxOckg4cm5FSHNyT3VXMkNUeXFNMjZCX2lMdTFNcVpYckdCS2NMemdFSkI1ZHNhel9ZQ2J2WWRMRHFsSkZLSHcyQzlqdUg3Q3hTSG9HYTl4d291RnA1MWZweXlWVGd4dHVxcnQzUUZwcjR6U3J3VUNpZWtlR3FTVWpLNFo4T3g1c1JhRTBrWXZ1UXMyaFEzbEhRNmhoajlBeWpMUnRPcWFPVUEtMWJzRVM4US16Ym9uVkhhbUdUeW92cjNQR2tKSDJFaEh3Skl6MWhtd2NKb2RaSQ?oc=5\" target=\"_blank\" rel=\"nofollow noopener\">2026 blir et spektakul\u00e6rt astronomi\u00e5r med superm\u00e5ne, supersol, meteorsverm, form\u00f8rkelser og nordlys<\/a>&nbsp;&nbsp;NRK<\/li>\n<li><a href=\"https:\/\/news.google.com\/rss\/articles\/CBMib0FVX3lxTFB2QWtWX0VkYXRIREljYWhhNl9WZ09VdFhUSEF5dlIxczFTZjE1ZjBwMzlUVWhSckRRLWNsdm1Jb0FYeUpQWTVhZFJuNFE2X2haVUoxRE0wSHdwTmRNaTA3Vk5FS1hoR1VEOTBDRUphSQ?oc=5\" target=\"_blank\" rel=\"nofollow noopener\">L\u00f8rdag kveld m\u00e5 du se opp!<\/a>&nbsp;&nbsp;TV2.no<\/li>\n<li><a href=\"https:\/\/news.google.com\/rss\/articles\/CBMinAFBVV95cUxOVXBJZU5jZVdGTjdjSUI1bTVnXzNtR0ticThSZkFFRVEtenRqclVMaW13Yzh0WF8zQ2FORWpMSjBqVFBEMlRNX0FWZURaNG1Zc2pIeFJiSzU3aHBWTWw1cUswNzJhc0g5TDJwWmJmZ1RLWWdSUzdleEpsU2tDeERoblNvX1NUNkxzYS1uWEJSNUZnMmtmLXExdlF3UFQ?oc=5\" target=\"_blank\" rel=\"nofollow noopener\">2026 blir et spektakul\u00e6rt himmel\u00e5r<\/a>&nbsp;&nbsp;Bergens Tidende<\/li>\n<\/ol>\n","protected":false},"excerpt":{"rendered":"Tre himmelbegivenheter l\u00f8rdag: Superm\u00e5ne, supersol og meteorer&nbsp;&nbsp;s-n.no Se opp: Tre himmelfenomener samtidig&nbsp;&nbsp;VG 2026 blir et spektakul\u00e6rt astronomi\u00e5r med&hellip;\n","protected":false},"author":2,"featured_media":128319,"comment_status":"","ping_status":"","sticky":false,"template":"","format":"standard","meta":{"footnotes":""},"categories":[57],"tags":[30,28,29,65,63,64,66,70,69,67,68],"class_list":{"0":"post-128318","1":"post","2":"type-post","3":"status-publish","4":"format-standard","5":"has-post-thumbnail","7":"category-vitenskap-og-teknologi","8":"tag-no","9":"tag-norge","10":"tag-norway","11":"tag-science","12":"tag-science-and-technology","13":"tag-scienceandtechnology","14":"tag-technology","15":"tag-teknologi","16":"tag-vitenskap","17":"tag-vitenskap-og-teknologi","18":"tag-vitenskapteknologi"},"share_on_mastodon":{"url":"https:\/\/pubeurope.com\/@no\/115834788407071871","error":""},"_links":{"self":[{"href":"https:\/\/www.europesays.com\/no\/wp-json\/wp\/v2\/posts\/128318","targetHints":{"allow":["GET"]}}],"collection":[{"href":"https:\/\/www.europesays.com\/no\/wp-json\/wp\/v2\/posts"}],"about":[{"href":"https:\/\/www.europesays.com\/no\/wp-json\/wp\/v2\/types\/post"}],"author":[{"embeddable":true,"href":"https:\/\/www.europesays.com\/no\/wp-json\/wp\/v2\/users\/2"}],"replies":[{"embeddable":true,"href":"https:\/\/www.europesays.com\/no\/wp-json\/wp\/v2\/comments?post=128318"}],"version-history":[{"count":0,"href":"https:\/\/www.europesays.com\/no\/wp-json\/wp\/v2\/posts\/128318\/revisions"}],"wp:featuredmedia":[{"embeddable":true,"href":"https:\/\/www.europesays.com\/no\/wp-json\/wp\/v2\/media\/128319"}],"wp:attachment":[{"href":"https:\/\/www.europesays.com\/no\/wp-json\/wp\/v2\/media?parent=128318"}],"wp:term":[{"taxonomy":"category","embeddable":true,"href":"https:\/\/www.europesays.com\/no\/wp-json\/wp\/v2\/categories?post=128318"},{"taxonomy":"post_tag","embeddable":true,"href":"https:\/\/www.europesays.com\/no\/wp-json\/wp\/v2\/tags?post=128318"}],"curies":[{"name":"wp","href":"https:\/\/api.w.org\/{rel}","templated":true}]}}