{"id":128320,"date":"2026-01-04T03:50:36","date_gmt":"2026-01-04T03:50:36","guid":{"rendered":"https:\/\/www.europesays.com\/no\/128320\/"},"modified":"2026-01-04T03:50:36","modified_gmt":"2026-01-04T03:50:36","slug":"ukraina-allierte-motes-i-kyiv","status":"publish","type":"post","link":"https:\/\/www.europesays.com\/no\/128320\/","title":{"rendered":"Ukraina-allierte m\u00f8tes i Kyiv"},"content":{"rendered":"<p>  Ukraina er vertskap for et m\u00f8te med flere allierte i Kyiv l\u00f8rdag. Rundt 15 land deltar i samtalene, sammen med representanter fra EU og Nato.<\/p>\n<p>\n    Ukrainas president Volodymyr Zelenskyj og USAs spesialutsending Steve Witkoff m\u00f8ttes i Berlin f\u00f8r jul. N\u00e5 m\u00f8tes rundt 15 land til fredssamtaler i Kyiv sammen med representanter fra EU og Nato. Foto: Cornelius Poppe \/ NTB\n  <\/p>\n<p>Det opplyser Ukrainas president Volodymyr Zelenskyj. En amerikansk delegasjon deltar via videolink.<\/p>\n<p>Ledende akt\u00f8rer i den s\u00e5kalte \u00abkoalisjonen av villige\u00bb ventes \u00e5 m\u00f8tes i Frankrike neste uke, etter m\u00f8tene i Kyiv.<\/p>\n<p>Samtalene blir holdt etter at Zelenskyj i sin nytt\u00e5rstale sa at en USA-meglet fredsplan er \u00ab90 prosent\u00bb klar, men han understreket at viktige territorielle sp\u00f8rsm\u00e5l fortsatt gjenst\u00e5r.<\/p>\n<p>    <a itemprop=\"url\" href=\"https:\/\/sol.no\/nyheter\/minst-sju-eksplosjoner-og-fly-i-lav-hoyde-i-caracas\/84050267\" rel=\"nofollow noopener\" target=\"_blank\"><\/p>\n<p>        <img loading=\"lazy\" decoding=\"async\" src=\"https:\/\/www.europesays.com\/no\/wp-content\/uploads\/2026\/01\/84050272.webp.webp\" width=\"980\" height=\"441\" title=\"AP: Minst sju eksplosjoner og fly i lav h\u00f8yde i Caracas\" alt=\"\" class=\"lazyload\" style=\"--aspect-ratio-image: 2.22; \"\/><\/p>\n<p>        AP: Minst sju eksplosjoner og fly i lav h\u00f8yde i Caracas<\/p>\n<p>sol.no<\/p>\n<p>    <\/a><\/p>\n<p>Saboterer\t<\/p>\n<p>Russland kontrollerer rundt en femdel av Ukraina og har gjennomf\u00f8rt nesten daglige angrep med raketter og droner, som har drept tusenvis av sivile og tvunget millioner p\u00e5 flukt.<\/p>\n<p>Ukrainske myndigheter har gjentatte ganger sagt at Russland ikke er interessert i fred og bevisst fors\u00f8ker \u00e5 sabotere diplomatiske initiativer for \u00e5 kunne ta mer ukrainsk territorium. If\u00f8lge en analyse gjort av nyhetsbyr\u00e5et AFP tok Russland mer ukrainsk land i fjor enn noe annet \u00e5r siden fullskalainvasjonen i 2022.<\/p>\n<p>Russland har samtidig anklaget Ukraina for \u00e5 ha utf\u00f8rt et \u00abterrorangrep\u00bb etter at et angrep mot et hotell i Kherson skal ha drept 28 mennesker som feiret nytt\u00e5r. Moskva har advart om at angrepet vil f\u00e5 konsekvenser. Ukraina avviser anklagen og sier m\u00e5let var en milit\u00e6r samling som var stengt for sivile. AFP har ikke kunnet verifisere opplysningene fra noen av partene.<\/p>\n<p>    <a itemprop=\"url\" href=\"https:\/\/sol.no\/nyheter\/hensynslost-og-farlig\/84049567\" rel=\"nofollow noopener\" target=\"_blank\"><\/p>\n<p>        <img loading=\"lazy\" decoding=\"async\" src=\"https:\/\/www.europesays.com\/no\/wp-content\/uploads\/2026\/01\/1767498636_133_84049587.webp.webp\" width=\"980\" height=\"441\" title=\"- Hensynsl\u00f8st og farlig\" alt=\"\" class=\"lazyload\" style=\"--aspect-ratio-image: 2.22; \"\/><\/p>\n<p>        &#8211; Hensynsl\u00f8st og farlig<\/p>\n<p>sol.no<\/p>\n<p>    <\/a><\/p>\n<p>Evakuering\t<\/p>\n<p>Etter at USAs spesialutsending Steve Witkoff sa at fredsarbeidet er tilbake p\u00e5 sporet, har Ukraina beordret evakuering av over 3000 barn og foreldre fra frontn\u00e6re omr\u00e5der i regionene Zaporizjzja og Dnipropetrovsk, der russiske styrker rykker fram.<\/p>\n<p>If\u00f8lge Ukrainas gjenoppbyggingsminister Oleksij Kuleba er over 150.000 mennesker evakuert fra omr\u00e5der n\u00e6r fronten siden 1. juni.<\/p>\n<p>I Kharkiv opplyser lokale myndigheter at nok et lik ble hentet ut av ruinene etter et luftangrep l\u00f8rdag morgen. Minst to personer, blant dem et tre \u00e5r gammelt barn, ble drept og 19 s\u00e5ret.<\/p>\n<p>        I mars i fjor ble eksdiplomaten Arsenij Konovlaov (38) p\u00e5grepet av den russiske sikkerhetstjenesten FSB, siktet for forr\u00e6deri. Det russiske, statlige nyhetsbyr\u00e5et Tass publiserte fredag video av arrestasjonen.<\/p>\n<p>Omstridt fredsplan\t<\/p>\n<p>I henhold til et USA-st\u00f8ttet utkast til fredsavtale skal Ukraina avst\u00e5 deler av Donbas-regionen i \u00f8st og samtidig forplikte seg til \u00e5 ikke s\u00f8ke Nato-medlemskap. Zelenskyj har sagt at Ukraina har f\u00e5tt gjennomslag for enkelte endringer, blant annet at okkuperte omr\u00e5der ikke skal anerkjennes som russiske.<\/p>\n<p>Russiske styrker erobret if\u00f8lge analyser rundt 5.600 kvadratkilometer ukrainsk territorium i 2025 \u2013 mer enn de to foreg\u00e5ende \u00e5rene til sammen, men langt mindre enn det f\u00f8rste invasjons\u00e5ret.<\/p>\n<p>President Vladimir Putin har gjentatte ganger sagt at Russland vil fors\u00f8ke \u00e5 ta resten av omr\u00e5dene som Moskva hevder er russiske dersom forhandlingene mislykkes.<\/p>\n<p>        HEMMELIG: Antikorrupsjonsstiftelsen til avd\u00f8de Aleksej Navalnyj publiserte tirsdag 30. desember videoer som angivelig viser Vladimir Putins nye palass. Video: Youtube \/ NavalnyRu<\/p>\n<p>Endringer\t<\/p>\n<p>Zelenskyj har ogs\u00e5 gjort endringer i regjeringen i forkant av et toppm\u00f8te i Frankrike 6. januar. Han opplyste fredag at han har tilbudt forsvarsministerposten til den 34 \u00e5r gamle digitaliseringsministeren Mykhajlo Fedorov.<\/p>\n<p>Samtidig er etterretningssjef Kyrylo Budanov utnevnt til leder for presidentens kontor, etter at Zelenskys n\u00e6re allierte Andrij Jermak trakk seg i november.<\/p>\n<p>\u2013 Ukraina trenger n\u00e5 sterkere fokus p\u00e5 sikkerhet, utviklingen av forsvars- og sikkerhetsstyrkene og det diplomatiske sporet, sa Zelenskyj.<\/p>\n","protected":false},"excerpt":{"rendered":"Ukraina er vertskap for et m\u00f8te med flere allierte i Kyiv l\u00f8rdag. Rundt 15 land deltar i samtalene,&hellip;\n","protected":false},"author":2,"featured_media":128321,"comment_status":"","ping_status":"","sticky":false,"template":"","format":"standard","meta":{"footnotes":""},"categories":[12],"tags":[20,21,279,24,25,15,3137,22,23,233,13,30,28,29,14,16,188,26,27,2002,42,488,43,44,45],"class_list":{"0":"post-128320","1":"post","2":"type-post","3":"status-publish","4":"format-standard","5":"has-post-thumbnail","7":"category-verden","8":"tag-breaking-news","9":"tag-breakingnews","10":"tag-eu","11":"tag-featured-news","12":"tag-featurednews","13":"tag-headlines","14":"tag-kyiv","15":"tag-latest-news","16":"tag-latestnews","17":"tag-nato","18":"tag-news","19":"tag-no","20":"tag-norge","21":"tag-norway","22":"tag-nyheter","23":"tag-overskrifter","24":"tag-russland","25":"tag-top-stories","26":"tag-topstories","27":"tag-ukraina-krigen","28":"tag-verden","29":"tag-volodymyr-zelenskyj","30":"tag-world","31":"tag-world-news","32":"tag-worldnews"},"share_on_mastodon":{"url":"https:\/\/pubeurope.com\/@no\/115834796273993936","error":""},"_links":{"self":[{"href":"https:\/\/www.europesays.com\/no\/wp-json\/wp\/v2\/posts\/128320","targetHints":{"allow":["GET"]}}],"collection":[{"href":"https:\/\/www.europesays.com\/no\/wp-json\/wp\/v2\/posts"}],"about":[{"href":"https:\/\/www.europesays.com\/no\/wp-json\/wp\/v2\/types\/post"}],"author":[{"embeddable":true,"href":"https:\/\/www.europesays.com\/no\/wp-json\/wp\/v2\/users\/2"}],"replies":[{"embeddable":true,"href":"https:\/\/www.europesays.com\/no\/wp-json\/wp\/v2\/comments?post=128320"}],"version-history":[{"count":0,"href":"https:\/\/www.europesays.com\/no\/wp-json\/wp\/v2\/posts\/128320\/revisions"}],"wp:featuredmedia":[{"embeddable":true,"href":"https:\/\/www.europesays.com\/no\/wp-json\/wp\/v2\/media\/128321"}],"wp:attachment":[{"href":"https:\/\/www.europesays.com\/no\/wp-json\/wp\/v2\/media?parent=128320"}],"wp:term":[{"taxonomy":"category","embeddable":true,"href":"https:\/\/www.europesays.com\/no\/wp-json\/wp\/v2\/categories?post=128320"},{"taxonomy":"post_tag","embeddable":true,"href":"https:\/\/www.europesays.com\/no\/wp-json\/wp\/v2\/tags?post=128320"}],"curies":[{"name":"wp","href":"https:\/\/api.w.org\/{rel}","templated":true}]}}