{"id":128326,"date":"2026-01-04T04:14:08","date_gmt":"2026-01-04T04:14:08","guid":{"rendered":"https:\/\/www.europesays.com\/no\/128326\/"},"modified":"2026-01-04T04:14:08","modified_gmt":"2026-01-04T04:14:08","slug":"vanskelig-a-vaere-utover","status":"publish","type":"post","link":"https:\/\/www.europesays.com\/no\/128326\/","title":{"rendered":"\u2013 Vanskelig \u00e5 v\u00e6re ut\u00f8ver"},"content":{"rendered":"\n<ul class=\"_list_o9xde_3 _list_64s2r_85 _unordered_o9xde_106 text-sans-m\">\n<li class=\"_item_o9xde_30\">Mattis Stenshagen kritiserer landslagstreneren for uklarhet i OL-uttaksprosessen.<\/li>\n<li class=\"_item_o9xde_30\">Han har vist sterke resultater i verdenscupen, men har ikke f\u00e5tt OL-klarsignal og m\u00e5 bevise seg i NM.<\/li>\n<li class=\"_item_o9xde_30\">TV 2-ekspert Petter Skinstad st\u00f8tter kritikken mot landslagsledelsen.<\/li>\n<\/ul>\n<p>Vis mer <\/p>\n<p class=\"_paragraph_o9xde_4 _paragraph_xtcu6_10 layout-component text-serif-m layout-normal text-serif-m layout-padded\">Stenshagen \u2013 som har levert seier og pallplasser i verdenscupen den siste m\u00e5neden (se faktaboks lengre ned) \u2013 var temmelig oppgitt etter den nest siste etappen av Tour de Ski.<\/p>\n<p class=\"_paragraph_o9xde_4 _paragraph_xtcu6_10 layout-component text-serif-m layout-normal text-serif-m layout-padded\">Han har enn\u00e5 ikke f\u00e5tt OL-klarsignal og n\u00e5 avsl\u00f8rer Stenshagen at han s\u00e5 sent som for noen dager siden i stedet fikk beskjed om \u00e5 reise p\u00e5 NM for \u00e5 bevise enda mer:<\/p>\n<p class=\"_paragraph_o9xde_4 _paragraph_xtcu6_10 layout-component text-serif-m layout-normal text-serif-m layout-padded\">\u2013 Hvert \u00e5r lager dedeLangrennsledelsen i Norges Skiforbund. en sesonginformasjonsesonginformasjonSesonginformasjonen er et f\u00f8rende dokument for uttak i b\u00e5de verdenscup og til mesterskap, som er vedtatt av ledelsen i norsk langrenn. som skal v\u00e6re et rammeverk, der det st\u00e5r at NM skal brukes i spesielle tvilstilfeller. Hvis formen jeg har vist den siste tiden er et spesielt tilfelle, s\u00e5 skj\u00f8nner jeg lite av det, sier Stenshagen.<\/p>\n<p class=\"_paragraph_o9xde_4 _paragraph_xtcu6_10 layout-component text-serif-m layout-normal text-serif-m layout-padded\">Han fortsetter:<\/p>\n<p class=\"_paragraph_o9xde_4 _paragraph_xtcu6_10 layout-component text-serif-m layout-normal text-serif-m layout-padded\">\u2013 Hvis ledelsen ikke skal forholde seg til rammeverket som de selv har laget, da begynner det \u00e5 bli vanskelig \u00e5 v\u00e6re ut\u00f8ver.<\/p>\n<p>Dette er stridens kjerne i debatt om OL-uttaket:Disse er tatt ut \u2013 og disse plassene er det kamp om:<\/p>\n<p class=\"_paragraph_o9xde_4 _paragraph_xtcu6_10 _paragraph_16v91_10 layout-component text-serif-m layout-normal text-sans-m layout-padded\" itemprop=\"text\">Det er som vanlig full debatt om det norske OL-uttaket p\u00e5 herresiden.<\/p>\n<p class=\"_paragraph_o9xde_4 _paragraph_xtcu6_10 _paragraph_16v91_10 layout-component text-serif-m layout-normal text-sans-m layout-padded\" itemprop=\"text\">Fem ut\u00f8vere er allerede tatt uter allerede tatt utJohannes H\u00f8sflot Kl\u00e6bo, Erik Valnes, Einar Hedegart, Martin L\u00f8wstr\u00f8m Nyenget og Harald \u00d8stberg Amundsen er tatt ut til OL..<\/p>\n<p class=\"_paragraph_o9xde_4 _paragraph_xtcu6_10 _paragraph_16v91_10 layout-component text-serif-m layout-normal text-sans-m layout-padded\" itemprop=\"text\">Troppen skal kompletteres med ytterligere tre, hvorav en sprinteren sprinterDet virker \u00e5 st\u00e5 mellom sprinterne Ansgar Evensen og Oskar Opstad Vike. og to distansel\u00f8pere.<\/p>\n<p>\u00d8nsker klarsignal for forberedelser:<\/p>\n<p class=\"_paragraph_o9xde_4 _paragraph_xtcu6_10 _paragraph_16v91_10 layout-component text-serif-m layout-normal text-sans-m layout-padded\" itemprop=\"text\">To ut\u00f8vere utenfor landslag, nettopp Stenshagen og Emil Iversen, virker \u00e5 v\u00e6re n\u00e6rmest de to siste distanseplassene til OL. <\/p>\n<p class=\"_paragraph_o9xde_4 _paragraph_xtcu6_10 _paragraph_16v91_10 layout-component text-serif-m layout-normal text-sans-m layout-padded\" itemprop=\"text\">De har uttalt at de gjerne vil ha tidlig klarsignal til lekene i Italia i februarvil ha tidlig klarsignal til lekene i Italia i februarDe \u00f8nsker tidlig klarsignal for \u00e5 legge inn en god treningsperiode og forberede seg til OL p\u00e5 best mulig m\u00e5te som de som allerede er tatt ut til OL..<\/p>\n<p class=\"_paragraph_o9xde_4 _paragraph_xtcu6_10 _paragraph_16v91_10 layout-component text-serif-m layout-normal text-sans-m layout-padded\" itemprop=\"text\">N\u00e5r Tour de Ski er over s\u00f8ndag har norske ut\u00f8vere g\u00e5tt mange verdenscuprenn og det er bare en m\u00e5ned igjen til OL starter.<\/p>\n<p>Vil sende ut\u00f8vere til NM for flere uttaksrenn:<\/p>\n<p class=\"_paragraph_o9xde_4 _paragraph_xtcu6_10 _paragraph_16v91_10 layout-component text-serif-m layout-normal text-sans-m layout-padded\" itemprop=\"text\">Men landslagstrener Eirik Myhr Nossum ville ikke love noen ting og mener NM i midten av januar \u2013 nesten to uker etter Tour de Ski \u2013 ogs\u00e5 er en<a href=\"https:\/\/www.vg.no\/sport\/i\/JOowm6\/langrennseksperter-mener-ol-troppen-boer-tas-ut-rett-etter-tour-de-ski-utoevere-trygler-om-tidlig-ol-beskjed\" data-track-element-type=\"Link\" data-track-id=\"link:JOowm6\" class=\"_link_o9xde_39\" rel=\"nofollow noopener\" target=\"_blank\"> viktig del av uttaksprosessen til OL<\/a>.<\/p>\n<p>Dette sier Norges Skiforbunds egne regler \u2013 og tvilstilfellene:<\/p>\n<p class=\"_paragraph_o9xde_4 _paragraph_xtcu6_10 _paragraph_16v91_10 layout-component text-serif-m layout-normal text-sans-m layout-padded\" itemprop=\"text\">Stenshagen og Skinstad p\u00e5peker at klart og tydelig st\u00e5r i den s\u00e5kalte sesonginformasjonensesonginformasjonenSesonginformasjonen er et f\u00f8rende dokument for uttak i b\u00e5de verdenscup og til mesterskap, som er vedtatt av ledelsen i norsk langrenn. til langrenn at det f\u00f8rst og fremst er verdenscupresultater i 2025\/2026 som teller mest.<\/p>\n<p class=\"_paragraph_o9xde_4 _paragraph_xtcu6_10 _paragraph_16v91_10 layout-component text-serif-m layout-normal text-sans-m layout-padded\" itemprop=\"text\">I tillegg heter det at siste del av uttaket skal offentliggj\u00f8res etter Tour de Ski \u2013 ikke etter NM, men at NM kan brukes i spesielle tvilstilfeller.<\/p>\n<p>Dette er utfordrerne:<\/p>\n<p class=\"_paragraph_o9xde_4 _paragraph_xtcu6_10 _paragraph_16v91_10 layout-component text-serif-m layout-normal text-sans-m layout-padded\" itemprop=\"text\">Den ut\u00f8veren som per dags dato virker n\u00e6rmest \u00e5 utfordre Stenshagen og Iversen er landslagsl\u00f8peren Andreas Fjorden Ree. <\/p>\n<p class=\"_paragraph_o9xde_4 _paragraph_xtcu6_10 _paragraph_16v91_10 layout-component text-serif-m layout-normal text-sans-m layout-padded\" itemprop=\"text\">I tillegg er landslagsl\u00f8per Simen Hegstad Kr\u00fcger nevnt som en OL-kandidat, men han har sv\u00e6rt f\u00e5 verdenscupresultater \u00e5 vise til i \u00e5r.<\/p>\n<p class=\"_paragraph_o9xde_4 _paragraph_xtcu6_10 layout-component text-serif-m layout-normal text-serif-m layout-padded\"><strong class=\"_strong_o9xde_25\">At landslagstrener <a href=\"https:\/\/www.vg.no\/tag\/eirik-myhr-nossum?utm_source=vg-article&amp;utm_medium=auto-tagger&amp;utm_campaign=5p0q5e\" class=\"_link_o9xde_39\" rel=\"nofollow noopener\" target=\"_blank\">Eirik Myhr Nossum<\/a> fortsatt vil gj\u00f8re NM til en viktig del av OL-uttaksprosessen, og etter mange verdenscupresultater \u00e5pner for at det fortsatt er tvilstilfeller igjen til OL, gj\u00f8r at Stenshagen og TV 2-ekspert Petter Skinstad reagerer kraftig.<\/strong><\/p>\n<p><img decoding=\"async\" alt=\"Bilde av Petter Skinstad\" class=\"_image_ygndg_42\" height=\"27\" itemprop=\"image\" loading=\"lazy\"  src=\"https:\/\/www.europesays.com\/no\/wp-content\/uploads\/2026\/01\/77ddeb81-108c-4640-a90f-bc661d7c6074.jpeg\"  width=\"40\"\/><strong class=\"_name_ygndg_51 title-serif-xs\">Petter Skinstad<\/strong><\/p>\n<p class=\"_paragraph_o9xde_4 text-sans-m _description_ygndg_56\">Langrennsekspert i TV 2<\/p>\n<p class=\"_paragraph_o9xde_4 _paragraph_xtcu6_10 layout-component text-serif-m layout-normal text-serif-m layout-padded\">\u2013 Jeg synes svaret er b\u00e5de p\u00e5fallende, og rett og slett skremmende, sier Skinstad til VG.<\/p>\n<p class=\"_paragraph_o9xde_4 _paragraph_xtcu6_10 layout-component text-serif-m layout-normal text-serif-m layout-padded\">Nossum var ikke til stede i pressesonen etter den femte av seks etapper i Tour de Ski l\u00f8rdag, men er blitt forelagt kritikken fra Skinstad. Han har ingen kommentar.<\/p>\n<p class=\"_paragraph_o9xde_4 _paragraph_xtcu6_10 layout-component text-serif-m layout-normal text-serif-m layout-padded\">I pressesonen var imidlertid Norges andre landslagstrener, Arild Monsen:<\/p>\n<p class=\"_paragraph_o9xde_4 _paragraph_xtcu6_10 layout-component text-serif-m layout-normal text-serif-m layout-padded\"><strong class=\"_strong_o9xde_25\">\u2013 Stenshagen sier han har f\u00e5tt beskjed om at han m\u00e5 til NM og mener dere ikke f\u00f8lger deres egen sesonginformasjon, hva har du \u00e5 si til ham?<\/strong><\/p>\n<p class=\"_paragraph_o9xde_4 _paragraph_xtcu6_10 layout-component text-serif-m layout-normal text-serif-m layout-padded\">\u2013 Jeg har ikke mer svar. Jeg har ikke noe mer svar til Mattis der jeg st\u00e5r n\u00e5. Jeg kjenner at det&#8230; Det har jeg ikke. Men OL-uttaket, det kommer det.<\/p>\n<p><img decoding=\"async\" alt=\"Bilde av Arild Monsen\" class=\"_image_ygndg_42\" height=\"27\" itemprop=\"image\" loading=\"lazy\"  src=\"https:\/\/www.europesays.com\/no\/wp-content\/uploads\/2026\/01\/630410c6-2ac7-461d-976d-b8574fb8f873.png\"  width=\"40\"\/><strong class=\"_name_ygndg_51 title-serif-xs\">Arild Monsen<\/strong><\/p>\n<p class=\"_paragraph_o9xde_4 text-sans-m _description_ygndg_56\">Landslagstrener, Norge<\/p>\n<p class=\"_paragraph_o9xde_4 _paragraph_xtcu6_10 layout-component text-serif-m layout-normal text-serif-m layout-padded\"><strong class=\"_strong_o9xde_25\">\u2013 Hvorfor er dette s\u00e5 vanskelig \u00e5 prate om n\u00e5r dere f\u00e5r kritikk s\u00e5 \u00e5pent ogs\u00e5?<\/strong><\/p>\n<p class=\"_paragraph_o9xde_4 _paragraph_xtcu6_10 layout-component text-serif-m layout-normal text-serif-m layout-padded\">\u2013 Jeg har har ikke mer \u00e5 si til det. Det kommer ikke noe godt ut av det. Jeg har ikke mer kommentarer til det, sier Monsen.<\/p>\n<p class=\"_paragraph_o9xde_4 _paragraph_xtcu6_10 layout-component text-serif-m layout-normal text-serif-m layout-padded\">Det ble drama for en av de svenske profilene p\u00e5 l\u00f8rdagens sprint i Val di Fiemme:<\/p>\n<p class=\"_paragraph_o9xde_4 _paragraph_xtcu6_10 layout-component text-serif-m layout-normal text-serif-m layout-padded\">Da VG sp\u00f8r Stenshagen om han har snakket med landslagstreneren om saken, svarer han slik:<\/p>\n<p class=\"_paragraph_o9xde_4 _paragraph_xtcu6_10 layout-component text-serif-m layout-normal text-serif-m layout-padded\">\u2013 Nei, det siste jeg h\u00f8rte var at jeg m\u00e5tte g\u00e5 NM. S\u00e5 f\u00e5r vi se om jeg tar turen eller ikke. Men jeg skal melde inn en ny prat etter helgen.<\/p>\n<p class=\"_paragraph_o9xde_4 _paragraph_xtcu6_10 layout-component text-serif-m layout-normal text-serif-m layout-padded\"><strong class=\"_strong_o9xde_25\">\u2013 S\u00e5 du vurderer \u00e5 bare droppe NM selv om de har sagt du skal g\u00e5 det?<\/strong><\/p>\n<p class=\"_paragraph_o9xde_4 _paragraph_xtcu6_10 layout-component text-serif-m layout-normal text-serif-m layout-padded\">\u2013 Jeg kommer til \u00e5 ta en vurdering etter helgen. F\u00f8ler jeg at jeg er inne p\u00e5 OL-laget, s\u00e5 vil jeg har forutsetninger for \u00e5 lade opp som de jeg skal konkurrere mot.<\/p>\n<p class=\"_paragraph_o9xde_4 _paragraph_xtcu6_10 layout-component text-serif-m layout-normal text-serif-m layout-padded\"><strong class=\"_strong_o9xde_25\">\u2013 N\u00e5r h\u00f8rte du at du m\u00e5tte til NM?<\/strong><\/p>\n<p class=\"_paragraph_o9xde_4 _paragraph_xtcu6_10 layout-component text-serif-m layout-normal text-serif-m layout-padded\">\u2013 Det er et par dager sidenet par dager sidenStenshagen bekrefter at han fikk den nedsl\u00e5ende beskjeden etter at han vant 10 kilometer i klassisk stil under Tour de Ski.. S\u00e5 gikk jeg en jaktstart det luktet svidd av, s\u00e5 f\u00e5r vi se om de har forandret mening.<\/p>\n<p>Individuelle verdenscupresultater p\u00e5 distanse for ikke-uttatte OL-kandidater:Mattis Stenshagen:<\/p>\n<p class=\"_paragraph_o9xde_4 _paragraph_xtcu6_10 _paragraph_16v91_10 layout-component text-serif-m layout-normal text-sans-m layout-padded\" itemprop=\"text\"><strong class=\"_strong_o9xde_25\">Ruka:<\/strong><\/p>\n<p class=\"_paragraph_o9xde_4 _paragraph_xtcu6_10 _paragraph_16v91_10 layout-component text-serif-m layout-normal text-sans-m layout-padded\" itemprop=\"text\">10 kilometer klassisk: Nummer syv.<\/p>\n<p class=\"_paragraph_o9xde_4 _paragraph_xtcu6_10 _paragraph_16v91_10 layout-component text-serif-m layout-normal text-sans-m layout-padded\" itemprop=\"text\">20 kilometer fellesstart i fristil: Nummer syv.<\/p>\n<p class=\"_paragraph_o9xde_4 _paragraph_xtcu6_10 _paragraph_16v91_10 layout-component text-serif-m layout-normal text-sans-m layout-padded\" itemprop=\"text\"><strong class=\"_strong_o9xde_25\">Trondheim:<\/strong><\/p>\n<p class=\"_paragraph_o9xde_4 _paragraph_xtcu6_10 _paragraph_16v91_10 layout-component text-serif-m layout-normal text-sans-m layout-padded\" itemprop=\"text\">20 kilometer med skibytte: Nummer fire.<\/p>\n<p class=\"_paragraph_o9xde_4 _paragraph_xtcu6_10 _paragraph_16v91_10 layout-component text-serif-m layout-normal text-sans-m layout-padded\" itemprop=\"text\">10 kilometer fristil individuell start: Nummer 12.<\/p>\n<p class=\"_paragraph_o9xde_4 _paragraph_xtcu6_10 _paragraph_16v91_10 layout-component text-serif-m layout-normal text-sans-m layout-padded\" itemprop=\"text\"><strong class=\"_strong_o9xde_25\">Davos:<\/strong><\/p>\n<p class=\"_paragraph_o9xde_4 _paragraph_xtcu6_10 _paragraph_16v91_10 layout-component text-serif-m layout-normal text-sans-m layout-padded\" itemprop=\"text\">10 kilometer fristil individuell start: Tredjeplass.<\/p>\n<p class=\"_paragraph_o9xde_4 _paragraph_xtcu6_10 _paragraph_16v91_10 layout-component text-serif-m layout-normal text-sans-m layout-padded\" itemprop=\"text\"><strong class=\"_strong_o9xde_25\">Toblach (Tour de Ski):<\/strong><\/p>\n<p class=\"_paragraph_o9xde_4 _paragraph_xtcu6_10 _paragraph_16v91_10 layout-component text-serif-m layout-normal text-sans-m layout-padded\" itemprop=\"text\">10 kilometer individuell start i klassisk: Seier.<\/p>\n<p class=\"_paragraph_o9xde_4 _paragraph_xtcu6_10 _paragraph_16v91_10 layout-component text-serif-m layout-normal text-sans-m layout-padded\" itemprop=\"text\">5 kilometer fristil heat-start: Nummer 15.<\/p>\n<p class=\"_paragraph_o9xde_4 _paragraph_xtcu6_10 _paragraph_16v91_10 layout-component text-serif-m layout-normal text-sans-m layout-padded\" itemprop=\"text\">20 kilometer jaktstart i klassisk: Ble nummer to, hadde femte beste l\u00f8pstid.<\/p>\n<p>Emil Iversen:<\/p>\n<p class=\"_paragraph_o9xde_4 _paragraph_xtcu6_10 _paragraph_16v91_10 layout-component text-serif-m layout-normal text-sans-m layout-padded\" itemprop=\"text\"><strong class=\"_strong_o9xde_25\">Trondheim:<\/strong><\/p>\n<p class=\"_paragraph_o9xde_4 _paragraph_xtcu6_10 _paragraph_16v91_10 layout-component text-serif-m layout-normal text-sans-m layout-padded\" itemprop=\"text\">20 kilometer med skibytte: Tredjeplass.<\/p>\n<p class=\"_paragraph_o9xde_4 _paragraph_xtcu6_10 _paragraph_16v91_10 layout-component text-serif-m layout-normal text-sans-m layout-padded\" itemprop=\"text\">10 kilometer fristil individuell start: Nummer fire.<\/p>\n<p class=\"_paragraph_o9xde_4 _paragraph_xtcu6_10 _paragraph_16v91_10 layout-component text-serif-m layout-normal text-sans-m layout-padded\" itemprop=\"text\"><strong class=\"_strong_o9xde_25\">Davos:<\/strong><\/p>\n<p class=\"_paragraph_o9xde_4 _paragraph_xtcu6_10 _paragraph_16v91_10 layout-component text-serif-m layout-normal text-sans-m layout-padded\" itemprop=\"text\">10 kilometer fristil individuell start: Nummer syv.<\/p>\n<p class=\"_paragraph_o9xde_4 _paragraph_xtcu6_10 _paragraph_16v91_10 layout-component text-serif-m layout-normal text-sans-m layout-padded\" itemprop=\"text\"><strong class=\"_strong_o9xde_25\">Toblach (Tour de Ski):<\/strong><\/p>\n<p class=\"_paragraph_o9xde_4 _paragraph_xtcu6_10 _paragraph_16v91_10 layout-component text-serif-m layout-normal text-sans-m layout-padded\" itemprop=\"text\">10 kilometer individuell start i klassisk: Tredjeplass.<\/p>\n<p class=\"_paragraph_o9xde_4 _paragraph_xtcu6_10 _paragraph_16v91_10 layout-component text-serif-m layout-normal text-sans-m layout-padded\" itemprop=\"text\">5 kilometer fristil heat-start: Nummer \u00e5tte.<\/p>\n<p class=\"_paragraph_o9xde_4 _paragraph_xtcu6_10 _paragraph_16v91_10 layout-component text-serif-m layout-normal text-sans-m layout-padded\" itemprop=\"text\">20 kilometer jaktstart i klassisk: Ble nummer fem, hadde sjette beste l\u00f8pstid.<\/p>\n<p>Andreas Fjorden Ree:<\/p>\n<p class=\"_paragraph_o9xde_4 _paragraph_xtcu6_10 _paragraph_16v91_10 layout-component text-serif-m layout-normal text-sans-m layout-padded\" itemprop=\"text\"><strong class=\"_strong_o9xde_25\">Ruka:<\/strong><\/p>\n<p class=\"_paragraph_o9xde_4 _paragraph_xtcu6_10 _paragraph_16v91_10 layout-component text-serif-m layout-normal text-sans-m layout-padded\" itemprop=\"text\">10 kilometer klassisk individuell start: Nummer fire.<\/p>\n<p class=\"_paragraph_o9xde_4 _paragraph_xtcu6_10 _paragraph_16v91_10 layout-component text-serif-m layout-normal text-sans-m layout-padded\" itemprop=\"text\">20 kilometer fellesstart i fristil: Nummer 17.<\/p>\n<p class=\"_paragraph_o9xde_4 _paragraph_xtcu6_10 _paragraph_16v91_10 layout-component text-serif-m layout-normal text-sans-m layout-padded\" itemprop=\"text\"><strong class=\"_strong_o9xde_25\">Trondheim:<\/strong><\/p>\n<p class=\"_paragraph_o9xde_4 _paragraph_xtcu6_10 _paragraph_16v91_10 layout-component text-serif-m layout-normal text-sans-m layout-padded\" itemprop=\"text\">20 kilometer fellesstart med skibytte: Nummer \u00e5tte.<\/p>\n<p class=\"_paragraph_o9xde_4 _paragraph_xtcu6_10 _paragraph_16v91_10 layout-component text-serif-m layout-normal text-sans-m layout-padded\" itemprop=\"text\">10 kilometer fristil individuell start: Annenplass.<\/p>\n<p class=\"_paragraph_o9xde_4 _paragraph_xtcu6_10 _paragraph_16v91_10 layout-component text-serif-m layout-normal text-sans-m layout-padded\" itemprop=\"text\"><strong class=\"_strong_o9xde_25\">Davos:<\/strong><\/p>\n<p class=\"_paragraph_o9xde_4 _paragraph_xtcu6_10 _paragraph_16v91_10 layout-component text-serif-m layout-normal text-sans-m layout-padded\" itemprop=\"text\">10 kilometer fristil individuell start: Nummer 8.<\/p>\n<p class=\"_paragraph_o9xde_4 _paragraph_xtcu6_10 _paragraph_16v91_10 layout-component text-serif-m layout-normal text-sans-m layout-padded\" itemprop=\"text\"><strong class=\"_strong_o9xde_25\">Toblach (Tour de Ski):<\/strong><\/p>\n<p class=\"_paragraph_o9xde_4 _paragraph_xtcu6_10 _paragraph_16v91_10 layout-component text-serif-m layout-normal text-sans-m layout-padded\" itemprop=\"text\">10 kilometer klassisk individuell start: Nummer 27.<\/p>\n<p class=\"_paragraph_o9xde_4 _paragraph_xtcu6_10 _paragraph_16v91_10 layout-component text-serif-m layout-normal text-sans-m layout-padded\" itemprop=\"text\">5 kilometer fristil heat-start: Nummer 9.<\/p>\n<p class=\"_paragraph_o9xde_4 _paragraph_xtcu6_10 _paragraph_16v91_10 layout-component text-serif-m layout-normal text-sans-m layout-padded\" itemprop=\"text\">20 kilometer jaktstart i klassisk: Ble nummer 17, hadde tredje beste l\u00f8pstid.<\/p>\n<p>Simen Hegstad Kr\u00fcger:<\/p>\n<p class=\"_paragraph_o9xde_4 _paragraph_xtcu6_10 _paragraph_16v91_10 layout-component text-serif-m layout-normal text-sans-m layout-padded\" itemprop=\"text\"><strong class=\"_strong_o9xde_25\">Trondheim:<\/strong><\/p>\n<p class=\"_paragraph_o9xde_4 _paragraph_xtcu6_10 _paragraph_16v91_10 layout-component text-serif-m layout-normal text-sans-m layout-padded\" itemprop=\"text\">20 kilometer med skibytte: Nummer ti.<\/p>\n<p class=\"_paragraph_o9xde_4 _paragraph_xtcu6_10 _paragraph_16v91_10 layout-component text-serif-m layout-normal text-sans-m layout-padded\" itemprop=\"text\">10 kilometer fristil individuell start: Nummer 17.<\/p>\n<p class=\"_paragraph_o9xde_4 _paragraph_xtcu6_10 _paragraph_16v91_10 layout-component text-serif-m layout-normal text-sans-m layout-padded\" itemprop=\"text\"><strong class=\"_strong_o9xde_25\">Toblach (Tour de Ski):<\/strong><\/p>\n<p class=\"_paragraph_o9xde_4 _paragraph_xtcu6_10 _paragraph_16v91_10 layout-component text-serif-m layout-normal text-sans-m layout-padded\" itemprop=\"text\">10 kilometer klassisk individuell start: Nummer 31.<\/p>\n<p class=\"_paragraph_o9xde_4 _paragraph_xtcu6_10 _paragraph_16v91_10 layout-component text-serif-m layout-normal text-sans-m layout-padded\" itemprop=\"text\">5 kilometer fristil heat-start: Nummer 24.<\/p>\n<p class=\"_paragraph_o9xde_4 _paragraph_xtcu6_10 _paragraph_16v91_10 layout-component text-serif-m layout-normal text-sans-m layout-padded\" itemprop=\"text\">20 kilometer jaktstart i klassisk: Ble nummer 20, hadde nest beste l\u00f8pstid.<\/p>\n<p class=\"_paragraph_o9xde_4 _paragraph_xtcu6_10 _paragraph_16v91_10 layout-component text-serif-m layout-normal text-sans-m layout-padded\" itemprop=\"text\">PS: Kr\u00fcger var syk under verdenscup\u00e5pningen i Ruka. Til rennet i Davos ble han vraket.<\/p>\n<p class=\"_paragraph_o9xde_4 _paragraph_xtcu6_10 layout-component text-serif-m layout-normal text-serif-m layout-padded\"><strong class=\"_strong_o9xde_25\">\u2013 Blir du provosert?<\/strong><\/p>\n<p class=\"_paragraph_o9xde_4 _paragraph_xtcu6_10 layout-component text-serif-m layout-normal text-serif-m layout-padded\">\u2013 Nei, men jeg blir skuffet n\u00e5r de velger \u00e5 ikke forholde seg til et rammeverk de selv har laget. Det rammeverket er laget for forutsigbarhet for oss ut\u00f8vere. N\u00e5r det plutselig ikke betyr noe, da begynner du \u00e5 lure.<\/p>\n<p class=\"_paragraph_o9xde_4 _paragraph_xtcu6_10 layout-component text-serif-m layout-normal text-serif-m layout-padded\"><strong class=\"_strong_o9xde_25\">\u2013 Hva sa du til landslagstrener Nossum?<\/strong><\/p>\n<p class=\"_paragraph_o9xde_4 _paragraph_xtcu6_10 layout-component text-serif-m layout-normal text-serif-m layout-padded\">\u2013 Jeg var mest opptatt av Tour de Ski og ville ikke la det forstyrre forberedelsene for mye.<\/p>\n<p class=\"_paragraph_o9xde_4 _paragraph_xtcu6_10 layout-component text-serif-m layout-normal text-serif-m layout-padded\"><strong class=\"_strong_o9xde_25\">\u2013 S\u00e5 du er ikke litt frustrert?<\/strong><\/p>\n<p class=\"_paragraph_o9xde_4 _paragraph_xtcu6_10 layout-component text-serif-m layout-normal text-serif-m layout-padded\">\u2013 Jeg har v\u00e6rt med p\u00e5 dette i mange \u00e5r, det er ikke noe nytt for meg at det ofte er hardere kvalifiseringskrav n\u00e5r du ikke er p\u00e5 landslag. Det er s\u00e5nn det oppleves. Vi f\u00e5r kjempe p\u00e5 videre.<\/p>\n<p class=\"_paragraph_o9xde_4 _paragraph_xtcu6_10 layout-component text-serif-m layout-normal text-serif-m layout-padded\">Johannes H\u00f8sflot Kl\u00e6bo var ikke kjempeforn\u00f8yd med denne man\u00f8veren etter ett av rennene i Tour de Ski.<\/p>\n<p class=\"_paragraph_o9xde_4 _paragraph_xtcu6_10 layout-component text-serif-m layout-normal text-serif-m layout-padded\">Skinstad er i hvert fall klar p\u00e5 at verdenscupresultater teller og at Iversen, Stenshagen og alle andre skal f\u00e5 en avklaring etter Tour de Ski.<\/p>\n<p class=\"_paragraph_o9xde_4 _paragraph_xtcu6_10 layout-component text-serif-m layout-normal text-serif-m layout-padded\">\u2013 Denne sesonginformasjonen er vedtatt av ledelsen i norsk langrenn, som ogs\u00e5 er lederne til Eirik Myhr Nossum. Forholder han seg ikke til det ledelsen har bestemt? Hva synes egentlig langrennskomit\u00e9langrennskomit\u00e9Langrennskomiteen i Norges Skiforbund er norsk langrenns eget styre. De skal gjerne rent formelt godkjenne uttak til ulike renn i for eksempel verdenscup eller mesterskap., landslagssjef og daglig leder i norsk langrenn om det? sp\u00f8r Skinstad.<\/p>\n<p class=\"_paragraph_o9xde_4 _paragraph_xtcu6_10 layout-component text-serif-m layout-normal text-serif-m layout-padded\">\u2013 Hvilke andre kriterier skal norske langrennsl\u00f8pere forholde seg til enn det som er vedtatt av styret i norsk langrenn, og som er kommunisert i god tid f\u00f8r sesongen?<\/p>\n<p class=\"_paragraph_o9xde_4 _paragraph_xtcu6_10 layout-component text-serif-m layout-normal text-serif-m layout-padded\">Langrennsgutta brukte julen godt, men noen klesvalg vakte oppsikt:<\/p>\n<p class=\"_paragraph_o9xde_4 _paragraph_xtcu6_10 layout-component text-serif-m layout-normal text-serif-m layout-padded\">Skinstad er ogs\u00e5 klar p\u00e5 at det i hans \u00f8yne ikke er snakk om at det er noen tvilstilfeller for \u00e5 ta ut resten av distansel\u00f8perne til OL.<\/p>\n<p class=\"_paragraph_o9xde_4 _paragraph_xtcu6_10 layout-component text-serif-m layout-normal text-serif-m layout-padded\">\u2013 At Nossums egne ut\u00f8vere ikke har prestert som han \u00f8nsker er ikke et spesielt tilfelle. Da m\u00e5 han svelge den stoltheten og minnes om at n\u00e5r sesongen er i gang er han ansvarlig for alle l\u00f8pere som er ute p\u00e5 verdenscup, og ikke bare de han har trent selv, sier Skinstad.<\/p>\n<p>Dette er ut\u00f8vere som b\u00f8r vektlegges som \u00abspesielle tilfeller\u00bb. mener Skinstad:<\/p>\n<ul class=\"_list_o9xde_3 _list_xtcu6_9 _list_16v91_9 _unordered_o9xde_106 layout-component text-serif-m layout-normal text-sans-m layout-padded\">\n<li class=\"_item_o9xde_30\">Mathilde Myhrvold har f\u00e5tt skulderen ut av ledd.<\/li>\n<li class=\"_item_o9xde_30\">Eller at Oskar Opstad Vike m\u00e5tte trekke seg fra Tour de Ski.<\/li>\n<\/ul>\n<p class=\"_paragraph_o9xde_4 _paragraph_xtcu6_10 _paragraph_16v91_10 layout-component text-serif-m layout-normal text-sans-m layout-padded\">\u2013 Deres skader gj\u00f8r det riktig \u00e5 vente med den siste sprintplassen til etter NM. At folk ikke er i form er ikke spesielt. Det er tvert i mot helt normalt.<\/p>\n<p>Vis mer<\/p>\n<p class=\"_paragraph_o9xde_4 _paragraph_xtcu6_10 layout-component text-serif-m layout-normal text-serif-m layout-padded\">Skinstad mener landslagsledelsen bruker sesonginformasjonen \u00absom en bibel\u00bb n\u00e5r det passer dem selv. <\/p>\n<p class=\"_paragraph_o9xde_4 _paragraph_xtcu6_10 layout-component text-serif-m layout-normal text-serif-m layout-padded\">\u2013 N\u00e5r det derimot st\u00e5r noe der som ikke passer dem, da overser de den fullstendig og finner p\u00e5 egne uttakskriterier. S\u00e5nn kan vi ikke ha det i et idrettsdemokrati, og s\u00e5nn tror jeg heller ikke den folkevalgte ledelsen i norsk langrenn vil ha det, sier Skinstad.<\/p>\n<p class=\"_paragraph_o9xde_4 _paragraph_xtcu6_10 layout-component text-serif-m layout-normal text-serif-m layout-padded\">Andreas Fjorden Ree mener det n\u00e5 er snakk om spesielle tilfeller i herretroppen og at NM b\u00f8r bety noe for \u00e5 komplettere OL-troppen.<\/p>\n<p class=\"_paragraph_o9xde_4 _paragraph_xtcu6_10 layout-component text-serif-m layout-normal text-serif-m layout-padded\">\u2013 Det er tett om de siste plassene. Det er greit \u00e5 f\u00e5 noen spesifikke konkurranser og resultat derfra. Det er flere med gode resultater her, sier han.<\/p>\n<p class=\"_paragraph_o9xde_4 _paragraph_xtcu6_10 layout-component text-serif-m layout-normal text-serif-m layout-padded\">PS: Tour de Ski avsluttes med 10 kilometer fellesstart for kvinner og menn, der de skal klatre de siste kilometerne opp \u00abmonsterbakken\u00bb i Val di Fiemme. Herrene starter 11.30 s\u00f8ndag, mens damene begynner klokken 15.30.<\/p>\n<p class=\"_paragraph_o9xde_4 _paragraph_xtcu6_10 layout-component text-serif-m layout-normal text-serif-m layout-padded\">Det var Johannes H\u00f8sflot Kl\u00e6bo som vant l\u00f8rdagens Tour de Ski-sprint, som ogs\u00e5 var generalpr\u00f8ven til OL. Han vant p\u00e5 imponerende vis:<\/p>\n","protected":false},"excerpt":{"rendered":"Mattis Stenshagen kritiserer landslagstreneren for uklarhet i OL-uttaksprosessen. Han har vist sterke resultater i verdenscupen, men har ikke&hellip;\n","protected":false},"author":2,"featured_media":128327,"comment_status":"","ping_status":"","sticky":false,"template":"","format":"standard","meta":{"footnotes":""},"categories":[59],"tags":[7330,398,30,28,29,83,82,399],"class_list":{"0":"post-128326","1":"post","2":"type-post","3":"status-publish","4":"format-standard","5":"has-post-thumbnail","7":"category-sport","8":"tag-eirik-myhr-nossum","9":"tag-langrenn","10":"tag-no","11":"tag-norge","12":"tag-norway","13":"tag-sport","14":"tag-sports","15":"tag-vintersport"},"share_on_mastodon":{"url":"https:\/\/pubeurope.com\/@no\/115834890666244561","error":""},"_links":{"self":[{"href":"https:\/\/www.europesays.com\/no\/wp-json\/wp\/v2\/posts\/128326","targetHints":{"allow":["GET"]}}],"collection":[{"href":"https:\/\/www.europesays.com\/no\/wp-json\/wp\/v2\/posts"}],"about":[{"href":"https:\/\/www.europesays.com\/no\/wp-json\/wp\/v2\/types\/post"}],"author":[{"embeddable":true,"href":"https:\/\/www.europesays.com\/no\/wp-json\/wp\/v2\/users\/2"}],"replies":[{"embeddable":true,"href":"https:\/\/www.europesays.com\/no\/wp-json\/wp\/v2\/comments?post=128326"}],"version-history":[{"count":0,"href":"https:\/\/www.europesays.com\/no\/wp-json\/wp\/v2\/posts\/128326\/revisions"}],"wp:featuredmedia":[{"embeddable":true,"href":"https:\/\/www.europesays.com\/no\/wp-json\/wp\/v2\/media\/128327"}],"wp:attachment":[{"href":"https:\/\/www.europesays.com\/no\/wp-json\/wp\/v2\/media?parent=128326"}],"wp:term":[{"taxonomy":"category","embeddable":true,"href":"https:\/\/www.europesays.com\/no\/wp-json\/wp\/v2\/categories?post=128326"},{"taxonomy":"post_tag","embeddable":true,"href":"https:\/\/www.europesays.com\/no\/wp-json\/wp\/v2\/tags?post=128326"}],"curies":[{"name":"wp","href":"https:\/\/api.w.org\/{rel}","templated":true}]}}