{"id":128330,"date":"2026-01-04T04:19:12","date_gmt":"2026-01-04T04:19:12","guid":{"rendered":"https:\/\/www.europesays.com\/no\/128330\/"},"modified":"2026-01-04T04:19:12","modified_gmt":"2026-01-04T04:19:12","slug":"tromso-ryaforbindelsen-bompengesjokk-med-motsatt-fortegn-blir-gratis-45-ar-for-tiden","status":"publish","type":"post","link":"https:\/\/www.europesays.com\/no\/128330\/","title":{"rendered":"Troms\u00f8, Ryaforbindelsen | Bompengesjokk med motsatt fortegn: Blir gratis 4,5 \u00e5r f\u00f8r tiden"},"content":{"rendered":"\n<p>Mens mange veiprosjekter ofte drar ut i tid, har bilistene p\u00e5 fylkesvei 858 f\u00e5tt en sjelden gladmelding. Bompengeselskap Nord bekrefter n\u00e5 at innkrevingen avsluttes i februar 2026.<\/p>\n<p>If\u00f8lge en oppdatering sendt ut til bilister med AutoPASS-avtale, er den planlagte stoppdatoen satt til 26. februar 2026.<\/p>\n<p>Da innkrevingen startet opp i september 2011, var rammen fra Stortinget en innkrevingsperiode p\u00e5 19 \u00e5r. Det ville betydd at bilistene m\u00e5tte betale bompenger helt frem til h\u00f8sten 2030. N\u00e5 viser fasiten at l\u00e5nene er nedbetalt langt raskere enn antatt.<\/p>\n<p>\u2013 Bompengeprosjektet regner med \u00e5 avslutte sin innkreving hele 4,5 \u00e5r tidligere enn estimert. Den 26. februar er det planlagt stopp, opplyser SkyttelPASS i meldingen.<\/p>\n<p>Mens Ryaforbindelsen n\u00e5 takker for seg, viser ferske tall fra Bompengeselskap Nord at bilister i andre deler av landsdelen m\u00e5 betale i noen \u00e5r til.<\/p>\n<p>Slik er de oppdaterte prognosene for n\u00e5r bommene skal fjernes p\u00e5 de andre store prosjektene i nord:<\/p>\n<ul>\n<li>E6 H\u00e5logalandsbrua: Innkrevingen ansl\u00e5s \u00e5 vare til v\u00e5ren 2028.<\/li>\n<li>E6 Helgeland: B\u00e5de strekningen Grane\u2013Vefsn, E6 Forsmo og Fusta-prosjektet har ansl\u00e5tt sluttstrek h\u00f8sten 2028.<\/li>\n<li>Bypakke Bod\u00f8: Her skal innkrevingen etter planen p\u00e5g\u00e5 i snart ti \u00e5r til, med en sluttdato satt til 15. oktober 2035.<\/li>\n<\/ul>\n","protected":false},"excerpt":{"rendered":"Mens mange veiprosjekter ofte drar ut i tid, har bilistene p\u00e5 fylkesvei 858 f\u00e5tt en sjelden gladmelding. Bompengeselskap&hellip;\n","protected":false},"author":2,"featured_media":128331,"comment_status":"","ping_status":"","sticky":false,"template":"","format":"standard","meta":{"footnotes":""},"categories":[10],"tags":[36,20,21,24,25,15,22,23,13,30,28,29,14,16,14982,1510,26,27,2409,263],"class_list":{"0":"post-128330","1":"post","2":"type-post","3":"status-publish","4":"format-standard","5":"has-post-thumbnail","7":"category-norge","8":"tag-art","9":"tag-breaking-news","10":"tag-breakingnews","11":"tag-featured-news","12":"tag-featurednews","13":"tag-headlines","14":"tag-latest-news","15":"tag-latestnews","16":"tag-news","17":"tag-no","18":"tag-norge","19":"tag-norway","20":"tag-nyheter","21":"tag-overskrifter","22":"tag-ryaforbindelsen","23":"tag-story","24":"tag-top-stories","25":"tag-topstories","26":"tag-troms","27":"tag-tromso"},"share_on_mastodon":{"url":"https:\/\/pubeurope.com\/@no\/115834910338363998","error":""},"_links":{"self":[{"href":"https:\/\/www.europesays.com\/no\/wp-json\/wp\/v2\/posts\/128330","targetHints":{"allow":["GET"]}}],"collection":[{"href":"https:\/\/www.europesays.com\/no\/wp-json\/wp\/v2\/posts"}],"about":[{"href":"https:\/\/www.europesays.com\/no\/wp-json\/wp\/v2\/types\/post"}],"author":[{"embeddable":true,"href":"https:\/\/www.europesays.com\/no\/wp-json\/wp\/v2\/users\/2"}],"replies":[{"embeddable":true,"href":"https:\/\/www.europesays.com\/no\/wp-json\/wp\/v2\/comments?post=128330"}],"version-history":[{"count":0,"href":"https:\/\/www.europesays.com\/no\/wp-json\/wp\/v2\/posts\/128330\/revisions"}],"wp:featuredmedia":[{"embeddable":true,"href":"https:\/\/www.europesays.com\/no\/wp-json\/wp\/v2\/media\/128331"}],"wp:attachment":[{"href":"https:\/\/www.europesays.com\/no\/wp-json\/wp\/v2\/media?parent=128330"}],"wp:term":[{"taxonomy":"category","embeddable":true,"href":"https:\/\/www.europesays.com\/no\/wp-json\/wp\/v2\/categories?post=128330"},{"taxonomy":"post_tag","embeddable":true,"href":"https:\/\/www.europesays.com\/no\/wp-json\/wp\/v2\/tags?post=128330"}],"curies":[{"name":"wp","href":"https:\/\/api.w.org\/{rel}","templated":true}]}}