{"id":128343,"date":"2026-01-04T05:23:08","date_gmt":"2026-01-04T05:23:08","guid":{"rendered":"https:\/\/www.europesays.com\/no\/128343\/"},"modified":"2026-01-04T05:23:08","modified_gmt":"2026-01-04T05:23:08","slug":"venezuelanere-i-landflyktighet-feirer-usas-maduro-aksjon","status":"publish","type":"post","link":"https:\/\/www.europesays.com\/no\/128343\/","title":{"rendered":"Venezuelanere i landflyktighet feirer USAs Maduro-aksjon"},"content":{"rendered":"\n<p class=\"_lead_o9xde_2 _lead_xtcu6_50 layout-component text-serif-m layout-normal text-serif-l layout-component layout-wide layout-padded _wide_17hqh_1 layout-padded\">Tusenvis av venezuelanerne som har flyktet fra landet under styret til Nicol\u00e1s Maduro, har samlet seg i byer over hele verden for \u00e5 feire at han er avsatt.<\/p>\n<p>Venezuelanere danser og feirer i gatene i Santiago i Chile etter at amerikanske styrker gikk til aksjon og fanget Venezuelas president l\u00f8rdag.  Foto: Esteban Felix \/ AP \/ NTB<\/p>\n<ul aria-hidden=\"true\" class=\"_images_ntbth_112\">\n<li><a class=\"_link_ntbth_117\" href=\"https:\/\/www.vg.no\/forfatter\/ntb\" style=\"z-index:1\" title=\"NTB\" rel=\"nofollow noopener\" target=\"_blank\"><img alt=\"Bilde av NTB\" class=\"_image_ntbth_93\" fetchpriority=\"low\" loading=\"lazy\" decoding=\"async\" itemprop=\"image\"  src=\"https:\/\/www.europesays.com\/no\/wp-content\/uploads\/2026\/01\/1767504188_906_c33980b0-5d07-4027-84a1-813f90a7c8d6.png\"  width=\"480\"\/><\/a><\/li>\n<\/ul>\n<p> Oppdatert s\u00f8ndag 4. januar kl. 05:29     <\/p>\n<p class=\"_paragraph_o9xde_4 _paragraph_xtcu6_10 layout-component text-serif-m layout-normal text-serif-m layout-padded\">Nesten \u00e5tte millioner venezuelanerne har flyktet fra \u00f8konomisk kollaps og undertrykkelse under Maduro, og nyheten om at han er tatt til fange og avsatt av amerikanske styrker blir feiret over hele verden.<\/p>\n<p class=\"_paragraph_o9xde_4 _paragraph_xtcu6_10 layout-component text-serif-m layout-normal text-serif-m layout-padded\">Tusenvis samlet seg i hovedstedene i Chile, Mexico, Argentina og i Miami i USA, der de danset, klemte hverandre og viftet med venezuelanske flagg.<\/p>\n<p class=\"_paragraph_o9xde_4 _paragraph_xtcu6_10 layout-component text-serif-m layout-normal text-serif-m layout-padded\">I Miami samlet tusenvis seg, der de sang og kysset det venezuelanske flagget. I Spania, som er hjemsted for rundt 400.000 venezuelanere, kom tusenvis sammen i Madrid for \u00e5 feire.<\/p>\n<p>   Stille for Machado<\/p>\n<p class=\"_paragraph_o9xde_4 _paragraph_xtcu6_10 layout-component text-serif-m layout-normal text-serif-m layout-padded\"><a href=\"https:\/\/www.vg.no\/tag\/venezuela?utm_source=vg-article&amp;utm_medium=auto-tagger&amp;utm_campaign=5p0gmX\" class=\"_link_o9xde_39\" rel=\"nofollow noopener\" target=\"_blank\">Venezuelas<\/a> visepresident Delcy Rodr\u00edguez har sagt hun er klar til \u00e5 samarbeide med Washington, if\u00f8lge USAs president Donald Trump. Han sier opposisjonsleder og fredsprisvinner Mar\u00eda Corina Machado \u00abikke har st\u00f8tten eller respekten i landet\u00bb til \u00e5 v\u00e6re president.<\/p>\n<p class=\"_paragraph_o9xde_4 _paragraph_xtcu6_10 layout-component text-serif-m layout-normal text-serif-m layout-padded\">Under markeringen i Madrid ble imidlertid en melding fra Machado spilt over h\u00f8yttaleren, og folkemengden ble stille da hun i meldingen sa at \u00abVenezuela skal bli fritt.\u00bb<\/p>\n<p class=\"_paragraph_o9xde_4 _paragraph_xtcu6_10 layout-component text-serif-m layout-normal text-serif-m layout-padded\">I hovedstaden Bogota i Colombia, som huser nesten tre millioner venezuelanere \u2013 flere enn noe annet land \u2013 smilte fris\u00f8ren Kevin Zambrano bredt da han fortalte AFP at han var \u00abGlad, glad, glad\u00bb for \u00e5 se Maduro forsvinne.<\/p>\n<p class=\"_paragraph_o9xde_4 _paragraph_xtcu6_10 layout-component text-serif-m layout-normal text-serif-m layout-padded\">\u2013 Guddommelig rettferdighet, sa sikkerhetsvakten Yeiner Ben\u00edtez, som flyktet fra Venezuela i 2022.<\/p>\n<p>   Ikke alle forn\u00f8yde<\/p>\n<p class=\"_paragraph_o9xde_4 _paragraph_xtcu6_10 layout-component text-serif-m layout-normal text-serif-m layout-padded\">Ikke alle er imidlertid forn\u00f8yde med det de ser p\u00e5 som amerikansk intervensjon.<\/p>\n<p class=\"_paragraph_o9xde_4 _paragraph_xtcu6_10 layout-component text-serif-m layout-normal text-serif-m layout-padded\">I Mexico City og Buenos Aires samlet grupper seg ved de amerikanske ambassadene der for \u00e5 gj\u00f8re sin protest kjent. I Mexico ble det viftet med bannere med slagord som \u00abNei til krig\u00bb, mens i Argentinas hovedstad ropte folk \u00abUt, yankeer, ut!\u00bb<\/p>\n<p class=\"_paragraph_o9xde_4 _paragraph_xtcu6_10 layout-component text-serif-m layout-normal text-serif-m layout-padded\">I Los Angeles og flere andre amerikanske byer var det ogs\u00e5 demonstrasjoner som ford\u00f8mte USAs aksjon.<\/p>\n","protected":false},"excerpt":{"rendered":"Tusenvis av venezuelanerne som har flyktet fra landet under styret til Nicol\u00e1s Maduro, har samlet seg i byer&hellip;\n","protected":false},"author":2,"featured_media":128344,"comment_status":"","ping_status":"","sticky":false,"template":"","format":"standard","meta":{"footnotes":""},"categories":[5],"tags":[20,21,55,24,25,15,19,22,23,17,18,13,4037,30,28,29,14,16,26,27,95],"class_list":{"0":"post-128343","1":"post","2":"type-post","3":"status-publish","4":"format-standard","5":"has-post-thumbnail","7":"category-overskrifter","8":"tag-breaking-news","9":"tag-breakingnews","10":"tag-donald-trump","11":"tag-featured-news","12":"tag-featurednews","13":"tag-headlines","14":"tag-hovedoppslag","15":"tag-latest-news","16":"tag-latestnews","17":"tag-main-news","18":"tag-mainnews","19":"tag-news","20":"tag-nicolas-maduro","21":"tag-no","22":"tag-norge","23":"tag-norway","24":"tag-nyheter","25":"tag-overskrifter","26":"tag-top-stories","27":"tag-topstories","28":"tag-venezuela"},"share_on_mastodon":{"url":"https:\/\/pubeurope.com\/@no\/115835162007217277","error":""},"_links":{"self":[{"href":"https:\/\/www.europesays.com\/no\/wp-json\/wp\/v2\/posts\/128343","targetHints":{"allow":["GET"]}}],"collection":[{"href":"https:\/\/www.europesays.com\/no\/wp-json\/wp\/v2\/posts"}],"about":[{"href":"https:\/\/www.europesays.com\/no\/wp-json\/wp\/v2\/types\/post"}],"author":[{"embeddable":true,"href":"https:\/\/www.europesays.com\/no\/wp-json\/wp\/v2\/users\/2"}],"replies":[{"embeddable":true,"href":"https:\/\/www.europesays.com\/no\/wp-json\/wp\/v2\/comments?post=128343"}],"version-history":[{"count":0,"href":"https:\/\/www.europesays.com\/no\/wp-json\/wp\/v2\/posts\/128343\/revisions"}],"wp:featuredmedia":[{"embeddable":true,"href":"https:\/\/www.europesays.com\/no\/wp-json\/wp\/v2\/media\/128344"}],"wp:attachment":[{"href":"https:\/\/www.europesays.com\/no\/wp-json\/wp\/v2\/media?parent=128343"}],"wp:term":[{"taxonomy":"category","embeddable":true,"href":"https:\/\/www.europesays.com\/no\/wp-json\/wp\/v2\/categories?post=128343"},{"taxonomy":"post_tag","embeddable":true,"href":"https:\/\/www.europesays.com\/no\/wp-json\/wp\/v2\/tags?post=128343"}],"curies":[{"name":"wp","href":"https:\/\/api.w.org\/{rel}","templated":true}]}}