{"id":128361,"date":"2026-01-04T06:51:16","date_gmt":"2026-01-04T06:51:16","guid":{"rendered":"https:\/\/www.europesays.com\/no\/128361\/"},"modified":"2026-01-04T06:51:16","modified_gmt":"2026-01-04T06:51:16","slug":"okonomi-og-naeringsliv-handel-dette-byr-2026-pa-nye-treningssentre-og-burgerkjede","status":"publish","type":"post","link":"https:\/\/www.europesays.com\/no\/128361\/","title":{"rendered":"\u00d8konomi og n\u00e6ringsliv, Handel | Dette byr 2026 p\u00e5: Nye treningssentre og burgerkjede"},"content":{"rendered":"\n<p>Selv om \u00e5ret s\u00e5 vidt har kommet i gang, er flere nye treningssentre, restauranter og lignende allerede klare for \u00e5 \u00e5pne de n\u00e6rmeste m\u00e5nedene.<\/p>\n<p>Her er en oversikt over noen av nyetableringene i Asker og B\u00e6rum i \u00e5ret som kommer.<\/p>\n<p>Ny McDonald&#8217;s<\/p>\n<p>Nye Nadderud stadion reiser seg i rekordfart langs Gamle Ringeriksvei p\u00e5 Bekkestua.<\/p>\n<p>En <a href=\"https:\/\/www.budstikka.no\/denne-burgergiganten-skal-apne-pa-nadderud\/s\/5-55-2158289\" rel=\"Follow nofollow noopener\" target=\"_blank\">ny McDonald&#8217;s-restaurant <\/a>er blant n\u00e6ringene som flytter inn p\u00e5 stadion i l\u00f8pet av \u00e5ret. Kjeden overtar lokalene i februar og bruker tiden frem til juni p\u00e5 klargj\u00f8ring.<\/p>\n<p>\u2013 Det vil blant annet inneholde en McCafe og tilbud McDelivery, har kommunikasjonsr\u00e5dgiver i McDonald&#8217;s, J\u00f8rgen Talhaug uttalt til Budstikka tidligere.<\/p>\n<p>  <a href=\"https:\/\/www.budstikka.no\/5-55-2158289\" class=\"related-teaser has-image default-story-teaser article--c-eRUmMG article--c-eRUmMG-jKCPdD-design-default\" rel=\"nofollow noopener\" target=\"_blank\"><\/p>\n<p>    <img decoding=\"async\" loading=\"lazy\"  src=\"https:\/\/www.europesays.com\/no\/wp-content\/uploads\/2025\/12\/McDonalds+2+.jpg\" alt=\"\" class=\"brick-c-cFOWSL\" style=\"\"\/><\/p>\n<p>\n            Les ogs\u00e5<\/p>\n<p>              Denne burgergiganten skal \u00e5pne p\u00e5 Nadderud\n        <\/p>\n<p>  <\/a><\/p>\n<p>  <a href=\"https:\/\/www.budstikka.no\/5-55-2163763\" class=\"related-teaser has-image default-opinion-teaser article--c-eRUmMG article--c-eRUmMG-jKCPdD-design-default\" rel=\"nofollow noopener\" target=\"_blank\"><\/p>\n<p>    <img decoding=\"async\" loading=\"lazy\"  src=\"https:\/\/www.europesays.com\/no\/wp-content\/uploads\/2026\/01\/Charlotte+Salter.jpg\" alt=\"\" class=\"brick-c-cFOWSL\" style=\"\"\/><\/p>\n<p>\n            Les ogs\u00e5<\/p>\n<p>              Barna v\u00e5re trenger n\u00e6ringsrik mat p\u00e5 stadion, ikke McDonald&#8217;s\n        <\/p>\n<p>  <\/a><br \/>\n  Dagligvare-utvidelse<\/p>\n<p>I Sandvika kommer det en helt ny Rema 1000-butikk i Helgerudkvartalet.<\/p>\n<p>Butikken planlegger \u00e5pning 5. februar 2026, og <a href=\"https:\/\/www.budstikka.no\/ligger-tett-i-tett-snart-kommer-enda-en-matbutikk-til-sandvika\/s\/5-55-2160209\" rel=\"Follow nofollow noopener\" target=\"_blank\">deler av innredningen er allerede p\u00e5 plass.<\/a><\/p>\n<p>  <a href=\"https:\/\/www.budstikka.no\/5-55-2160209\" class=\"related-teaser has-image default-story-teaser article--c-eRUmMG article--c-eRUmMG-jKCPdD-design-default\" rel=\"nofollow noopener\" target=\"_blank\"><\/p>\n<p>    <img decoding=\"async\" loading=\"lazy\"  src=\"https:\/\/www.europesays.com\/no\/wp-content\/uploads\/2026\/01\/1767509474_753_Rema+1000+%283+av+5%29.jpg\" alt=\"\" class=\"brick-c-cFOWSL\" style=\"\"\/><\/p>\n<p>\n            Les ogs\u00e5<\/p>\n<p>              Ligger tett i tett \u2013 snart kommer enda en matbutikk til Sandvika\n        <\/p>\n<p>  <\/a><\/p>\n<p>Ogs\u00e5 i Slemmestad har <a href=\"https:\/\/www.budstikka.no\/rema-kapret-slemmestad-sentrum-vi-har-sett-pa-denne-muligheten-lenge\/s\/5-55-2153043\" rel=\"Follow nofollow noopener\" target=\"_blank\">Rema 1000 planlagt en st\u00f8rre utbygging.<\/a> Dette er en del av utviklingen av Askers nye kystby, som ogs\u00e5 inneb\u00e6rer boliger og n\u00e6ringsutvikling.<\/p>\n<p>  <a href=\"https:\/\/www.budstikka.no\/5-55-2153043\" class=\"related-teaser has-image default-story-teaser article--c-eRUmMG article--c-eRUmMG-jKCPdD-design-default\" rel=\"nofollow noopener\" target=\"_blank\"><\/p>\n<p>    <img decoding=\"async\" loading=\"lazy\"  src=\"https:\/\/www.europesays.com\/no\/wp-content\/uploads\/2026\/01\/Oversiktsbilde+av+Kystbyen+Slemmestad+med+tomten+som+REBUS+har+kj%C3%B8pt+markert+til+h%C3%B8yre+i+b.jpeg\" alt=\"\" class=\"brick-c-cFOWSL\" style=\"\"\/><\/p>\n<p>\n            Les ogs\u00e5<\/p>\n<p>              F\u00e5r storbutikk i sentrum: \u2013 Vi har sett p\u00e5 denne muligheten lenge\n        <\/p>\n<p>  <\/a><\/p>\n<p>I Sandvika \u00e5pnet mange nye spisesteder og kafeer i siste halvdel av 2025, som en del av sentrumsutviklingen.<\/p>\n<p>B\u00e5de <a href=\"https:\/\/www.budstikka.no\/sandvika-paradiso-danker-ut-nesten-alle-men-n-ting-bekymrer\/s\/5-55-2154090\" rel=\"Follow nofollow noopener\" target=\"_blank\">Villa Paradiso og Delicatessen <\/a>\u00e5pnet filialer i Sandvika helt p\u00e5 tampen av 2025. Ogs\u00e5 det nye <a href=\"https:\/\/www.budstikka.no\/higinia-46-og-pierre-46-gleder-seg-apnet-pa-200-kvadratmeter\/s\/5-55-2129202\" rel=\"Follow nofollow noopener\" target=\"_blank\">bakeriet Gioia \u00e5pnet p\u00e5 slutten av \u00e5ret.<\/a><\/p>\n<p>Ogs\u00e5 Mathallen i Asker sentrum fikk mange nye etableringer i forbindelse med \u00e5pningen i midten av november. Det <a href=\"https:\/\/www.budstikka.no\/folkefest-pa-nye-trekanten-mange-ville-fa-med-seg-apningen\/s\/5-55-2139637\" rel=\"Follow nofollow noopener\" target=\"_blank\">var rene folkefesten<\/a> da stedet \u00e5pnet i midten av november.<\/p>\n<p>  <a href=\"https:\/\/www.budstikka.no\/5-55-2139637\" class=\"related-teaser has-image default-story-teaser article--c-eRUmMG article--c-eRUmMG-jKCPdD-design-default\" rel=\"nofollow noopener\" target=\"_blank\"><\/p>\n<p>    <img decoding=\"async\" loading=\"lazy\"  src=\"https:\/\/www.europesays.com\/no\/wp-content\/uploads\/2026\/01\/Image_20251113_102626_075.jpeg\" alt=\"\" class=\"brick-c-cFOWSL\" style=\"\"\/><\/p>\n<p>\n            Les ogs\u00e5<\/p>\n<p>              Folkefest p\u00e5 nye Trekanten: Mange ville f\u00e5 med seg \u00e5pningen\n        <\/p>\n<p>  <\/a><br \/>\n  Nye treningssentre<\/p>\n<p>Nye Nadderud stadion vil ogs\u00e5 inneholde et nytt treningssenter. Sterk Helse og Trening har inng\u00e5tt en <a href=\"https:\/\/www.budstikka.no\/nytt-treningssenter-inn-pa-nadderud-stadion\/s\/5-55-1985294\" rel=\"Follow nofollow noopener\" target=\"_blank\">avtale om \u00e5 leie 2.000 kvadratmeter lokaler i den nye stadion. <\/a><\/p>\n<p>Dette er selskapets femte helsehus, og det f\u00f8rste som etableres vest for Oslo.<\/p>\n<p>P\u00e5 H\u00f8vik kommer Feel24 inn i <a href=\"https:\/\/www.budstikka.no\/her-blir-det-nytt-treningssenter\/s\/5-55-2092204\" rel=\"Follow nofollow noopener\" target=\"_blank\">de gamle lokalene til Teppeland<\/a> p\u00e5 Ramstadsletta. Filialen skal \u00e5pne 7. januar.<\/p>\n<p>  <a href=\"https:\/\/www.budstikka.no\/5-55-2092204\" class=\"related-teaser has-image default-story-teaser article--c-eRUmMG article--c-eRUmMG-jKCPdD-design-default\" rel=\"nofollow noopener\" target=\"_blank\"><\/p>\n<p>    <img decoding=\"async\" loading=\"lazy\"  src=\"https:\/\/www.europesays.com\/no\/wp-content\/uploads\/2026\/01\/IMG_9462.jpg\" alt=\"\" class=\"brick-c-cFOWSL\" style=\"\"\/><\/p>\n<p>\n            Les ogs\u00e5<\/p>\n<p>              Her blir det nytt treningssenter\n        <\/p>\n<p>  <\/a><\/p>\n<p>I Sandvika sentrum \u00e5pner en ny filial av Evo treningssenter, rett ved bussterminalen og Sandvika stasjon.<\/p>\n<p>Flytter butikken<\/p>\n<p>Merkevarebutikken Mark+Brandy skal ogs\u00e5 etablere seg i Helgerudkvartalet i Sandvika sentrum. Dette er ikke en nyetablering, men <a href=\"https:\/\/www.budstikka.no\/mark-brandy-ut-av-sandvika-storsenter-tror-det-blir-fantastisk\/s\/5-55-2055873\" rel=\"Follow nofollow noopener\" target=\"_blank\">butikken flytter ut av Sandvika Storsenter<\/a> etter over 30 \u00e5r p\u00e5 kj\u00f8pesenteret.<\/p>\n<p>For Sandvika Storsenter blir det ogs\u00e5 endringer i 2026. Kj\u00f8pesenteret<a href=\"https:\/\/www.budstikka.no\/tar-grep-bytter-navn-etter-over-30-ar\/s\/5-55-2172989\" rel=\"Follow nofollow noopener\" target=\"_blank\"> bytter navn i l\u00f8pet av de f\u00f8rste m\u00e5nedene<\/a> av det nye \u00e5ret.<\/p>\n<p>P\u00e5 Sandvika stasjon st\u00e5r et lokale ledig, og her er det forel\u00f8pig ikke bestemt hvem som skal inn. Lokalene til Vitus Apotek har st\u00e5tt<a href=\"https:\/\/www.budstikka.no\/lokalet-ligger-midt-i-smoroyet-men-har-statt-tomt-i-over-ett-ar\/s\/5-55-2142545\" rel=\"Follow nofollow noopener\" target=\"_blank\"> tomme siden september 2024. <\/a><\/p>\n<p>  <a href=\"https:\/\/www.budstikka.no\/5-55-2050467\" class=\"related-teaser has-image default-story-teaser article--c-eRUmMG article--c-eRUmMG-jKCPdD-design-default\" rel=\"nofollow noopener\" target=\"_blank\"><\/p>\n<p>    <img decoding=\"async\" loading=\"lazy\"  src=\"https:\/\/www.europesays.com\/no\/wp-content\/uploads\/2026\/01\/Colosseum_Tannlegene_Helgerudkvartalet-1024.jpg\" alt=\"\" class=\"brick-c-cFOWSL\" style=\"\"\/><\/p>\n<p>\n            Les ogs\u00e5<\/p>\n<p>              Disse kommer inn i nye Helgerudkvartalet: \u2013 Vi gleder oss\n        <\/p>\n<p>  <\/a><\/p>\n<p>  <a href=\"https:\/\/www.budstikka.no\/5-55-2092204\" class=\"related-teaser has-image default-story-teaser article--c-eRUmMG article--c-eRUmMG-jKCPdD-design-default\" rel=\"nofollow noopener\" target=\"_blank\"><\/p>\n<p>    <img decoding=\"async\" loading=\"lazy\"  src=\"https:\/\/www.europesays.com\/no\/wp-content\/uploads\/2026\/01\/IMG_9462.jpg\" alt=\"\" class=\"brick-c-cFOWSL\" style=\"\"\/><\/p>\n<p>\n            Les ogs\u00e5<\/p>\n<p>              Her blir det nytt treningssenter\n        <\/p>\n<p>  <\/a><\/p>\n<p>  <a href=\"https:\/\/www.budstikka.no\/5-55-2165848\" class=\"related-teaser has-image default-story-teaser article--c-eRUmMG article--c-eRUmMG-jKCPdD-design-default\" rel=\"nofollow noopener\" target=\"_blank\"><\/p>\n<p>    <img decoding=\"async\" loading=\"lazy\"  src=\"https:\/\/www.europesays.com\/no\/wp-content\/uploads\/2026\/01\/Jenny+sittende+i+stol+foran+tre_1.jpeg\" alt=\"\" class=\"brick-c-cFOWSL\" style=\"\"\/><\/p>\n<p>\n            Les ogs\u00e5<\/p>\n<p>              Aksjesalg f\u00f8rte til Jennys kleseventyr: \u2013 Et veldig sjokk\n        <\/p>\n<p>  <\/a><\/p>\n","protected":false},"excerpt":{"rendered":"Selv om \u00e5ret s\u00e5 vidt har kommet i gang, er flere nye treningssentre, restauranter og lignende allerede klare&hellip;\n","protected":false},"author":2,"featured_media":128362,"comment_status":"","ping_status":"","sticky":false,"template":"","format":"standard","meta":{"footnotes":""},"categories":[56],"tags":[36,2510,60,61,3523,62,30,28,29,216,850,8348,1510],"class_list":{"0":"post-128361","1":"post","2":"type-post","3":"status-publish","4":"format-standard","5":"has-post-thumbnail","7":"category-naeringsliv","8":"tag-art","9":"tag-asker-sentrum","10":"tag-business","11":"tag-economy","12":"tag-handel","13":"tag-naeringsliv","14":"tag-no","15":"tag-norge","16":"tag-norway","17":"tag-okonomi-og-naeringsliv","18":"tag-sandvika","19":"tag-slemmestad","20":"tag-story"},"share_on_mastodon":{"url":"https:\/\/pubeurope.com\/@no\/115835508112601953","error":""},"_links":{"self":[{"href":"https:\/\/www.europesays.com\/no\/wp-json\/wp\/v2\/posts\/128361","targetHints":{"allow":["GET"]}}],"collection":[{"href":"https:\/\/www.europesays.com\/no\/wp-json\/wp\/v2\/posts"}],"about":[{"href":"https:\/\/www.europesays.com\/no\/wp-json\/wp\/v2\/types\/post"}],"author":[{"embeddable":true,"href":"https:\/\/www.europesays.com\/no\/wp-json\/wp\/v2\/users\/2"}],"replies":[{"embeddable":true,"href":"https:\/\/www.europesays.com\/no\/wp-json\/wp\/v2\/comments?post=128361"}],"version-history":[{"count":0,"href":"https:\/\/www.europesays.com\/no\/wp-json\/wp\/v2\/posts\/128361\/revisions"}],"wp:featuredmedia":[{"embeddable":true,"href":"https:\/\/www.europesays.com\/no\/wp-json\/wp\/v2\/media\/128362"}],"wp:attachment":[{"href":"https:\/\/www.europesays.com\/no\/wp-json\/wp\/v2\/media?parent=128361"}],"wp:term":[{"taxonomy":"category","embeddable":true,"href":"https:\/\/www.europesays.com\/no\/wp-json\/wp\/v2\/categories?post=128361"},{"taxonomy":"post_tag","embeddable":true,"href":"https:\/\/www.europesays.com\/no\/wp-json\/wp\/v2\/tags?post=128361"}],"curies":[{"name":"wp","href":"https:\/\/api.w.org\/{rel}","templated":true}]}}