{"id":128379,"date":"2026-01-04T07:53:12","date_gmt":"2026-01-04T07:53:12","guid":{"rendered":"https:\/\/www.europesays.com\/no\/128379\/"},"modified":"2026-01-04T07:53:12","modified_gmt":"2026-01-04T07:53:12","slug":"kultur-stavern-og-brunlanes-jeg-er-forelsket","status":"publish","type":"post","link":"https:\/\/www.europesays.com\/no\/128379\/","title":{"rendered":"Kultur, Stavern og Brunlanes | \u2013 Jeg er forelsket"},"content":{"rendered":"\n<p>\u2013 Jeg er i en situasjon, ja. En overgang til \u00e5 bli kj\u00e6reste, fortalte \u00d6de Nerdrum (30) i en episode av \u00abAnniken og forbildene\u00bb, der influenser Anniken J\u00f8rgensen (29) er programleder.<\/p>\n<p>I podkasten beskrev Nerdrum situasjonen som \u00abprivat\u00bb.<\/p>\n<p><b>\u2013 Men det er veldig fint. Jeg er jo en amat\u00f8r n\u00e5r det kommer til kj\u00e6rligheten, men jeg er forelsket, sa han.<\/b><\/p>\n<p>Det var <a href=\"https:\/\/www.dagbladet.no\/kjendis\/jeg-er-forelsket\/84011519\" rel=\"Follow nofollow noopener\" target=\"_blank\">Dagbladet som omtalte saken f\u00f8rst<\/a>.<\/p>\n<p>F\u00f8lte seg ensom<\/p>\n<p>For omtrent et \u00e5r siden begynte det \u00e5 g\u00e5 spekulasjoner rundt \u00d6de Nerdrums kj\u00e6rlighetsliv, p\u00e5 bakgrunn av uttalelser han kom med under et <a href=\"https:\/\/p3.no\/soskenparet-pa-siden-av-samfunnet\/\" rel=\"Follow nofollow noopener\" target=\"_blank\">intervju med P3.no<\/a>. Deriblant r\u00f8pet Nerdrum at han tidvis f\u00f8lte seg ensom, og at han dr\u00f8mte om \u00e5 finne den store kj\u00e6rligheten.<\/p>\n<p><b>N\u00e5 kan det alts\u00e5 se ut til at dr\u00f8mmen kan ha g\u00e5tt i oppfyllelse.<\/b><\/p>\n<p>\u2013 Gode historier<\/p>\n<p>\u00d6de Nerdrum er for \u00f8vrig kjent fra NRK-serien \u00abFamilien Nerdrum\u00bb. Serien ble godt mottatt, med seertall p\u00e5 over 1,1 millioner i snitt for hver episode av den f\u00f8rste sesongen. I september bekreftet NRK at det kommer en ny sesong, som skal vises p\u00e5 TV h\u00f8sten 2026. Museet p\u00e5 Agnes blir naturlig nok en sentral del av serien ogs\u00e5 denne gangen.<\/p>\n<p>   <img decoding=\"async\" width=\"5199\" height=\"3176\" fetchpriority=\"low\"  loading=\"lazy\"  src=\"https:\/\/www.europesays.com\/no\/wp-content\/uploads\/2026\/01\/5_36_1530223+DSC06813_3.jpg\" alt=\"\" class=\"brick-c-cFOWSL\" style=\"--brick-image-ratio: 5199 \/ 3176;\"\/><\/p>\n<p>      I MUSEUMSLOKALENE: Turid Spildo Nerdrum, daglig leder Martin Romberg og \u00d6de Spildo Nerdrum i museumslokalene i Stavern.<br \/>\n      Foto: H\u00e5vard Wannebo\n    <\/p>\n<p><b>\u2013 Jeg er overbevist om at vi holder p\u00e5 med noen unike geskjefter som den norske befolkning b\u00e5de kan le og l\u00e6re av. Vi vil blant annet fortsette byggingen av Nerdrum-museet, som utvikler seg til et klassisk prosjekt av internasjonalt kaliber. Idealene er store \u2013 og pengepungen liten. Det blir det gode historier av, har \u00d6de Nerdrum tidligere uttalt om den kommende sesongen av \u00abFamilien Nerdrum\u00bb.<\/b><\/p>\n<p>\u00d8stlands-Posten har fors\u00f8kt \u00e5 komme i kontakt med \u00d6de Nerdrum for en kommentar til saken, men han har forel\u00f8pig ikke svart p\u00e5 henvendelsen.<\/p>\n<p>  <a href=\"https:\/\/www.op.no\/5-36-1830398\" class=\"related-teaser has-image default-story-teaser article--c-eRUmMG article--c-eRUmMG-jKCPdD-design-default\" rel=\"nofollow noopener\" target=\"_blank\"><\/p>\n<p>    <img decoding=\"async\" loading=\"lazy\"  src=\"https:\/\/www.europesays.com\/no\/wp-content\/uploads\/2026\/01\/IMG_1129.jpeg\" alt=\"\" class=\"brick-c-cFOWSL\" style=\"\"\/><\/p>\n<p>\n            Les ogs\u00e5<\/p>\n<p>              N\u00e5 lanserer Nerdrum noe nytt\n        <\/p>\n<p>  <\/a><\/p>\n<p>  <a href=\"https:\/\/www.op.no\/5-36-1827357\" class=\"related-teaser has-image default-story-teaser article--c-eRUmMG article--c-eRUmMG-jKCPdD-design-default\" rel=\"nofollow noopener\" target=\"_blank\"><\/p>\n<p>    <img decoding=\"async\" loading=\"lazy\"  src=\"https:\/\/www.europesays.com\/no\/wp-content\/uploads\/2026\/01\/7d628592-0fef-4af9-8a95-f9255f0b6a76.jpeg\" alt=\"\" class=\"brick-c-cFOWSL\" style=\"\"\/><\/p>\n<p>\n            Les ogs\u00e5<\/p>\n<p>              \u00abHemmeligheten\u00bb avsl\u00f8rt: \u2013 Kan le og l\u00e6re av\n        <\/p>\n<p>  <\/a><\/p>\n<p>  <a href=\"https:\/\/www.op.no\/5-36-1841141\" class=\"related-teaser has-image default-story-teaser article--c-eRUmMG article--c-eRUmMG-jKCPdD-design-default\" rel=\"nofollow noopener\" target=\"_blank\"><\/p>\n<p>    <img decoding=\"async\" loading=\"lazy\"  src=\"https:\/\/www.europesays.com\/no\/wp-content\/uploads\/2026\/01\/5_36_1606863+IMG_5785.jpg\" alt=\"\" class=\"brick-c-cFOWSL\" style=\"\"\/><\/p>\n<p>\n            Les ogs\u00e5<\/p>\n<p>              Har flyttet fra g\u00e5rden: \u2013 Jeg er et bymenneske\n        <\/p>\n<p>  <\/a><\/p>\n","protected":false},"excerpt":{"rendered":"\u2013 Jeg er i en situasjon, ja. En overgang til \u00e5 bli kj\u00e6reste, fortalte \u00d6de Nerdrum (30) i&hellip;\n","protected":false},"author":2,"featured_media":128380,"comment_status":"","ping_status":"","sticky":false,"template":"","format":"standard","meta":{"footnotes":""},"categories":[58],"tags":[2829,36,71,410,30,28,29,14,7137,978,1510,72],"class_list":{"0":"post-128379","1":"post","2":"type-post","3":"status-publish","4":"format-standard","5":"has-post-thumbnail","7":"category-underholdning","8":"tag-anniken-jorgensen","9":"tag-art","10":"tag-entertainment","11":"tag-kultur","12":"tag-no","13":"tag-norge","14":"tag-norway","15":"tag-nyheter","16":"tag-ode-nerdrum","17":"tag-stavern-og-brunlanes","18":"tag-story","19":"tag-underholdning"},"share_on_mastodon":{"url":"https:\/\/pubeurope.com\/@no\/115835751872949594","error":""},"_links":{"self":[{"href":"https:\/\/www.europesays.com\/no\/wp-json\/wp\/v2\/posts\/128379","targetHints":{"allow":["GET"]}}],"collection":[{"href":"https:\/\/www.europesays.com\/no\/wp-json\/wp\/v2\/posts"}],"about":[{"href":"https:\/\/www.europesays.com\/no\/wp-json\/wp\/v2\/types\/post"}],"author":[{"embeddable":true,"href":"https:\/\/www.europesays.com\/no\/wp-json\/wp\/v2\/users\/2"}],"replies":[{"embeddable":true,"href":"https:\/\/www.europesays.com\/no\/wp-json\/wp\/v2\/comments?post=128379"}],"version-history":[{"count":0,"href":"https:\/\/www.europesays.com\/no\/wp-json\/wp\/v2\/posts\/128379\/revisions"}],"wp:featuredmedia":[{"embeddable":true,"href":"https:\/\/www.europesays.com\/no\/wp-json\/wp\/v2\/media\/128380"}],"wp:attachment":[{"href":"https:\/\/www.europesays.com\/no\/wp-json\/wp\/v2\/media?parent=128379"}],"wp:term":[{"taxonomy":"category","embeddable":true,"href":"https:\/\/www.europesays.com\/no\/wp-json\/wp\/v2\/categories?post=128379"},{"taxonomy":"post_tag","embeddable":true,"href":"https:\/\/www.europesays.com\/no\/wp-json\/wp\/v2\/tags?post=128379"}],"curies":[{"name":"wp","href":"https:\/\/api.w.org\/{rel}","templated":true}]}}