{"id":128416,"date":"2026-01-04T09:16:10","date_gmt":"2026-01-04T09:16:10","guid":{"rendered":"https:\/\/www.europesays.com\/no\/128416\/"},"modified":"2026-01-04T09:16:10","modified_gmt":"2026-01-04T09:16:10","slug":"helten-som-reddet-ti-ungdommer","status":"publish","type":"post","link":"https:\/\/www.europesays.com\/no\/128416\/","title":{"rendered":"Helten som reddet ti ungdommer"},"content":{"rendered":"\n<p class=\"_lead_o9xde_2 _lead_xtcu6_50 layout-component text-serif-m layout-normal text-serif-l layout-component layout-wide layout-padded _wide_17hqh_1 layout-padded\">Paolo Campolo br\u00f8t opp en n\u00f8dd\u00f8r og reddet liv da flammene herjet p\u00e5 nattklubben ved et sveitsisk skianlegg.<\/p>\n<p><img alt=\"Paolo Campolo (55) skyndte seg til den brennende baren i Crans-Montana etter en telefonsamtale og hjalp umiddelbart. Foto: 20 Minuten\/C\u00e9line Trachsel\" class=\"_image_qp4xg_65 layout-component layout-wide\" data-fullscreen- data-track-element-type=\"Article image fullscreen\" data-track-name=\"ImageFullscreen\" fetchpriority=\"high\" decoding=\"sync\" loading=\"eager\" height=\"773\" itemprop=\"image\"  src=\"https:\/\/www.europesays.com\/no\/wp-content\/uploads\/2026\/01\/b3a3f359-f427-4b7c-9546-4ebd06b5e1b9.jpeg\"  style=\"object-position:0% 0%\" width=\"1240\"\/>Paolo Campolo (55) skyndte seg til den brennende baren i Crans-Montana etter en telefonsamtale og hjalp umiddelbart. Foto: 20 Minuten\/C\u00e9line Trachsel<\/p>\n<ul aria-hidden=\"true\" class=\"_images_ntbth_112\">\n<li><a class=\"_link_ntbth_117\" href=\"https:\/\/www.vg.no\/forfatter\/ingrid-storeboe\" style=\"z-index:1\" title=\"Ingrid Storeb\u00f8\" rel=\"nofollow noopener\" target=\"_blank\"><img alt=\"Bilde av Ingrid Storeb\u00f8\" class=\"_image_ntbth_93\" fetchpriority=\"low\" loading=\"lazy\" decoding=\"async\" itemprop=\"image\"  src=\"https:\/\/www.europesays.com\/no\/wp-content\/uploads\/2026\/01\/1767518169_144_b3fc896d-536d-4041-8257-79b6b2cd3323.jpeg\"  width=\"480\"\/><\/a><\/li>\n<\/ul>\n<p> Oppdatert s\u00f8ndag 4. januar kl. 09:46    <\/p>\n<ul class=\"_list_o9xde_3 _list_64s2r_85 _unordered_o9xde_106 text-sans-m\">\n<li class=\"_item_o9xde_30\">Paolo Campolo reddet ti liv i brann p\u00e5 sveitsisk nattklubb.<\/li>\n<li class=\"_item_o9xde_30\">Brannen p\u00e5 Le Constellation nattklubb krevde over 40 liv.<\/li>\n<li class=\"_item_o9xde_30\">Campolo ligger p\u00e5 sykehus med r\u00f8ykforgiftning.<\/li>\n<li class=\"_item_o9xde_30\">Sveitsisk politi etterforsker nattklubbeiere for mulig uaktsomt drap.<\/li>\n<li class=\"_item_o9xde_30\">Brannen skal ha startet fra isfakler i champagneflasker.<\/li>\n<\/ul>\n<p>Vis mer <\/p>\n<p class=\"_paragraph_o9xde_4 _paragraph_xtcu6_10 layout-component text-serif-m layout-normal text-serif-m layout-padded\">Det var natt til 1. nytt\u00e5rsdag da han fikk den skjebnesvangre telefonen fra stedatteren.<\/p>\n<p class=\"_paragraph_o9xde_4 _paragraph_xtcu6_10 layout-component text-serif-m layout-normal text-serif-m layout-padded\">Hun skrek om hjelp.<\/p>\n<p class=\"_paragraph_o9xde_4 _paragraph_xtcu6_10 layout-component text-serif-m layout-normal text-serif-m layout-padded\">Stedatterens kj\u00e6reste var fanget inne i det infernoet som hadde oppslukt nattklubben Le Constellation i det eksklusive skistedet Crans-Montana.<\/p>\n<p>   \u2013 Det var kropper overalt<\/p>\n<p class=\"_paragraph_o9xde_4 _paragraph_xtcu6_10 layout-component text-serif-m layout-normal text-serif-m layout-padded\">Uten \u00e5 n\u00f8le kastet den 55 \u00e5r gamle sveitsisk-italienske finansanalytikeren seg ut d\u00f8ren hjemme. <\/p>\n<p class=\"_paragraph_o9xde_4 _paragraph_xtcu6_10 layout-component text-serif-m layout-normal text-serif-m layout-padded\">Han l\u00f8p gjennom nattem\u00f8rket \u2013 rett mot flammene.<\/p>\n<p class=\"_paragraph_o9xde_4 _paragraph_xtcu6_10 layout-component text-serif-m layout-normal text-serif-m layout-padded\">Vel fremme br\u00f8t han opp en n\u00f8dd\u00f8r og stormet inn i det brennende bygget. Der skal han ha reddet minst ti unge mennesker ut fra r\u00f8yk og ild.<\/p>\n<p class=\"_paragraph_o9xde_4 _paragraph_xtcu6_10 layout-component text-serif-m layout-normal text-serif-m layout-padded\">N\u00e5 ligger helten selv p\u00e5 sykehuset, med r\u00f8ykforgiftning.<\/p>\n<p class=\"_paragraph_o9xde_4 _paragraph_xtcu6_10 layout-component text-serif-m layout-normal text-serif-m layout-padded\">\u2013 Det var kropper overalt. Levende, men forbrent. Noen var ved bevissthet, andre ikke. De ba om hjelp p\u00e5 flere spr\u00e5k. De var veldig unge, forteller Campolo til avisen <a href=\"https:\/\/www.20min.ch\/story\/crans-montana-paolo-55-rettete-ueber-ein-dutzend-menschen-aus-der-feuerhoelle-103478976\" class=\"_link_o9xde_39\" rel=\"nofollow noopener\" target=\"_blank\">20 Minuten<\/a>. <\/p>\n<p>   Over 40 personer er meldt omkommet<\/p>\n<p class=\"_paragraph_o9xde_4 _paragraph_xtcu6_10 layout-component text-serif-m layout-normal text-serif-m layout-padded\">Brannen br\u00f8t ut i de tidlige morgentimene p\u00e5 nytt\u00e5rsdag under en fest p\u00e5 nattklubben.<\/p>\n<p class=\"_paragraph_o9xde_4 _paragraph_xtcu6_10 layout-component text-serif-m layout-normal text-serif-m layout-padded\">Politiet har s\u00e5 langt bekreftet at 40 personer mistet livet, men tallet kan stige. <\/p>\n<p class=\"_paragraph_o9xde_4 _paragraph_xtcu6_10 layout-component text-serif-m layout-normal text-serif-m layout-padded\">I tillegg ble 119 personer skadet i det som beskrives som en av de verste tragediene i moderne <a href=\"https:\/\/www.vg.no\/tag\/sveits?utm_source=vg-article&amp;utm_medium=auto-tagger&amp;utm_campaign=M7R8pM\" class=\"_link_o9xde_39\" rel=\"nofollow noopener\" target=\"_blank\">Sveits<\/a>.<\/p>\n<p class=\"_paragraph_o9xde_4 _paragraph_xtcu6_10 layout-component text-serif-m layout-normal text-serif-m layout-padded\">Campolo forteller at hovedinngangen til nattklubben ble blokkert av festdeltagere som presset seg mot utgangen for \u00e5 komme seg ut av den brennende kjelleren. <\/p>\n<p class=\"_paragraph_o9xde_4 _paragraph_xtcu6_10 layout-component text-serif-m layout-normal text-serif-m layout-padded\">\u2013 Det jeg husker best fra den traumatiske natten er blikkene. Den klare desperasjonen til de som vet at de d\u00f8r. Forbrente mennesker som ser p\u00e5 deg og ber deg om ikke \u00e5 forlate dem der. Det er noe som aldri forsvinner, sier han til avisen <a href=\"https:\/\/www.20min.ch\/story\/crans-montana-paolo-55-rettete-ueber-ein-dutzend-menschen-aus-der-feuerhoelle-103478976\" class=\"_link_o9xde_39\" rel=\"nofollow noopener\" target=\"_blank\">20 Minuten<\/a>.<\/p>\n<p><img alt=\"Justisminister Beat Jans og kantonr\u00e5dspresident Mathias Reynard uttaler seg til pressen utenfor baren &quot;Le Constellation&quot; etter en d\u00f8delig brann og eksplosjon under en nytt\u00e5rsfest i Crans-Montana, Sveits, 3. januar 2026.  Foto: Stephanie Lecocq \/ Reuters \/ NTB\" class=\"_image_qp4xg_65 layout-component layout-normal\" data-fullscreen- data-track-element-type=\"Article image fullscreen\" data-track-name=\"ImageFullscreen\" decoding=\"async\" loading=\"lazy\" height=\"3672\" itemprop=\"image\"  src=\"https:\/\/www.europesays.com\/no\/wp-content\/uploads\/2026\/01\/4188190d-4b47-4376-9584-f34a45f89889.png\"  style=\"object-position:0% 0%\" width=\"5500\"\/>Justisminister Beat Jans og kantonr\u00e5dspresident Mathias Reynard uttaler seg til pressen utenfor baren &laquo;Le Constellation&raquo; etter en d\u00f8delig brann og eksplosjon under en nytt\u00e5rsfest i Crans-Montana, Sveits, 3. januar 2026.  Foto: Stephanie Lecocq \/ Reuters \/ NTBFire ofre identifisert<\/p>\n<p class=\"_paragraph_o9xde_4 _paragraph_xtcu6_10 layout-component text-serif-m layout-normal text-serif-m layout-padded\">Sveitsisk politi opplyste l\u00f8rdag morgen at de fire f\u00f8rste ofrene er identifisert: To kvinner p\u00e5 21 og 16 \u00e5r, og to menn p\u00e5 18 og 16 \u2013 alle sveitsiske statsborgere. <\/p>\n<p class=\"_paragraph_o9xde_4 _paragraph_xtcu6_10 layout-component text-serif-m layout-normal text-serif-m layout-padded\">De omkomne er overlevert til sine familier. Navnene er forel\u00f8pig ikke offentliggjort, og arbeidet med \u00e5 identifisere de \u00f8vrige ofrene p\u00e5g\u00e5r fortsatt.<\/p>\n<p class=\"_paragraph_o9xde_4 _paragraph_xtcu6_10 layout-component text-serif-m layout-normal text-serif-m layout-padded\">P\u00e5talemyndigheten i den sveitsiske kantonen Valais har \u00e5pnet en strafferettslig etterforskning mot to ledere ved nattklubben i Crans-Montana, som mistenkes for blant annet uaktsomt drap.<\/p>\n<p>Venter p\u00e5 svar<\/p>\n<p class=\"_paragraph_o9xde_4 _paragraph_xtcu6_10 layout-component text-serif-m layout-normal text-serif-m layout-padded\">Mens Campolo ligger p\u00e5 sykehus, venter familier over hele Europa fortsatt p\u00e5 svar om sine savnede kj\u00e6re.<\/p>\n<p>Foto: Denis Balibouse \/ Reuters \/ NTB<\/p>\n<p class=\"_paragraph_o9xde_4 _paragraph_xtcu6_10 layout-component text-serif-m layout-normal text-serif-m layout-padded\">Blant de savnede er 16 \u00e5r gamle Arthur Brodard fra Sveits, hvis mor Laetitia har lett etter ham i over 30 timer. Hun har bes\u00f8kt sykehus i Lausanne og Bern uten \u00e5 finne ham.<\/p>\n<p class=\"_paragraph_o9xde_4 _paragraph_xtcu6_10 layout-component text-serif-m layout-normal text-serif-m layout-padded\"><strong class=\"_strong_o9xde_25\">\u2013 Jeg m\u00e5 finne s\u00f8nnen min &#8230; det har g\u00e5tt 30 timer siden han forsvant, sa hun til <a href=\"https:\/\/www.bbc.com\/news\/articles\/c07xn220gdeo\" class=\"_link_o9xde_39\" rel=\"nofollow noopener\" target=\"_blank\">BBC<\/a>.<\/strong><\/p>\n<p><img alt=\"Laetitia Brodard-Sitre holder en mobiltelefon som viser hennes innlegg p\u00e5 sosiale medier om hennes 16 \u00e5r gamle s\u00f8nn Arthur, som forsvant etter en brann og eksplosjon p\u00e5 baren \u00abLe Constellation\u00bb under en nytt\u00e5rsfest der flere mennesker omkom og andre ble skadet.  Foto: Noemie Olive \/ Reuters \/ NTB\" class=\"_image_qp4xg_65 layout-component layout-normal\" data-fullscreen- data-track-element-type=\"Article image fullscreen\" data-track-name=\"ImageFullscreen\" decoding=\"async\" loading=\"lazy\" height=\"3024\" itemprop=\"image\"  src=\"https:\/\/www.europesays.com\/no\/wp-content\/uploads\/2026\/01\/6df907fc-0e24-4857-8bbf-d4bf95fe4df2.png\"  style=\"object-position:0% 0%\" width=\"4032\"\/>Laetitia Brodard-Sitre holder en mobiltelefon som viser hennes innlegg p\u00e5 sosiale medier om hennes 16 \u00e5r gamle s\u00f8nn Arthur, som forsvant etter en brann og eksplosjon p\u00e5 baren \u00abLe Constellation\u00bb under en nytt\u00e5rsfest der flere mennesker omkom og andre ble skadet.  Foto: Noemie Olive \/ Reuters \/ NTBGikk inn p\u00e5 baren for \u00e5 hente jakke og telefon<\/p>\n<p class=\"_paragraph_o9xde_4 _paragraph_xtcu6_10 layout-component text-serif-m layout-normal text-serif-m layout-padded\">Ogs\u00e5 16 \u00e5r gamle italienske Achille Osvaldo Giovanni Barosi er savnet. Han gikk inn p\u00e5 baren klokken 01:30 for \u00e5 hente jakken og telefonen sin, men familien har ikke h\u00f8rt fra ham siden.<\/p>\n<p class=\"_paragraph_o9xde_4 _paragraph_xtcu6_10 layout-component text-serif-m layout-normal text-serif-m layout-padded\">\u2013 Vi vet ikke om han fortsatt lever, sa tanten hans Francesca til BBC.<\/p>\n<p class=\"_paragraph_o9xde_4 _paragraph_xtcu6_10 layout-component text-serif-m layout-normal text-serif-m layout-padded\">Sveitsiske myndigheter har advart om at det kan ta dager eller uker \u00e5 identifisere alle ofrene p\u00e5 grunn av de alvorlige brannskadene mange har p\u00e5dratt seg.<\/p>\n<p class=\"_paragraph_o9xde_4 _paragraph_xtcu6_10 layout-component text-serif-m layout-normal text-serif-m layout-padded\">Nattklubben Le Constellation hadde plass til 300 personer pluss 40 p\u00e5 terrassen, if\u00f8lge <a href=\"https:\/\/www.dailymail.co.uk\/news\/article-15428925\/Faces-missing-Families-plead-information-missing-loved-ones-children-following-Swiss-nightclub-blaze-left-47-dead.html\" class=\"_link_o9xde_39\" rel=\"nofollow noopener\" target=\"_blank\">Daily Mail<\/a>.<\/p>\n<p class=\"_paragraph_o9xde_4 _paragraph_xtcu6_10 layout-component text-serif-m layout-normal text-serif-m layout-padded\">Sveits&#8217; president Guy Parmelin kalte brannen \u00aben katastrofe av enest\u00e5ende, skremmende proporsjoner\u00bb og kunngjorde at flaggene skal vaie p\u00e5 halv stang i fem dager.<\/p>\n<p>Isfakler skal ha startet brannen<\/p>\n<p class=\"_paragraph_o9xde_4 _paragraph_xtcu6_10 layout-component text-serif-m layout-normal text-serif-m layout-padded\">Sveitsiske myndigheter bekreftet fredag at brannen sannsynligvis ble for\u00e5rsaket av isfakler i champagneflasker som kom \u00abfor n\u00e6r taket\u00bb, if\u00f8lge <a href=\"https:\/\/www.bbc.com\/news\/articles\/c07xn220gdeo\" class=\"_link_o9xde_39\" rel=\"nofollow noopener\" target=\"_blank\">BBC<\/a>.<\/p>\n<p class=\"_paragraph_o9xde_4 _paragraph_xtcu6_10 layout-component text-serif-m layout-normal text-serif-m layout-padded\">Flere vitner har beskrevet hvordan servit\u00f8rer bar champagneflasker med isfakler som en del av et vanlig \u00abshow\u00bb for gjester som bestilte spesielle drikkevarer til bordene sine.<\/p>\n<p class=\"_paragraph_o9xde_4 _paragraph_xtcu6_10 layout-component text-serif-m layout-normal text-serif-m layout-padded\">\u2013 Det var servit\u00f8rer med champagneflasker og sm\u00e5 isfakler. De kom for n\u00e6r taket, og plutselig tok alt fyr, fortalte vitnet Axel til italienske medier, if\u00f8lge <a href=\"https:\/\/www.france24.com\/en\/live-news\/20260102-are-they-ok-desparate-search-for-the-missing-after-swiss-fire\" class=\"_link_o9xde_39\" rel=\"nofollow noopener\" target=\"_blank\">France 24<\/a>.<\/p>\n","protected":false},"excerpt":{"rendered":"Paolo Campolo br\u00f8t opp en n\u00f8dd\u00f8r og reddet liv da flammene herjet p\u00e5 nattklubben ved et sveitsisk skianlegg.&hellip;\n","protected":false},"author":2,"featured_media":128417,"comment_status":"","ping_status":"","sticky":false,"template":"","format":"standard","meta":{"footnotes":""},"categories":[12],"tags":[367,20,21,24,25,15,22,23,13,30,28,29,14,16,1601,209,26,27,42,43,44,45],"class_list":{"0":"post-128416","1":"post","2":"type-post","3":"status-publish","4":"format-standard","5":"has-post-thumbnail","7":"category-verden","8":"tag-brann","9":"tag-breaking-news","10":"tag-breakingnews","11":"tag-featured-news","12":"tag-featurednews","13":"tag-headlines","14":"tag-latest-news","15":"tag-latestnews","16":"tag-news","17":"tag-no","18":"tag-norge","19":"tag-norway","20":"tag-nyheter","21":"tag-overskrifter","22":"tag-skade","23":"tag-sveits","24":"tag-top-stories","25":"tag-topstories","26":"tag-verden","27":"tag-world","28":"tag-world-news","29":"tag-worldnews"},"share_on_mastodon":{"url":"https:\/\/pubeurope.com\/@no\/115836078279113114","error":""},"_links":{"self":[{"href":"https:\/\/www.europesays.com\/no\/wp-json\/wp\/v2\/posts\/128416","targetHints":{"allow":["GET"]}}],"collection":[{"href":"https:\/\/www.europesays.com\/no\/wp-json\/wp\/v2\/posts"}],"about":[{"href":"https:\/\/www.europesays.com\/no\/wp-json\/wp\/v2\/types\/post"}],"author":[{"embeddable":true,"href":"https:\/\/www.europesays.com\/no\/wp-json\/wp\/v2\/users\/2"}],"replies":[{"embeddable":true,"href":"https:\/\/www.europesays.com\/no\/wp-json\/wp\/v2\/comments?post=128416"}],"version-history":[{"count":0,"href":"https:\/\/www.europesays.com\/no\/wp-json\/wp\/v2\/posts\/128416\/revisions"}],"wp:featuredmedia":[{"embeddable":true,"href":"https:\/\/www.europesays.com\/no\/wp-json\/wp\/v2\/media\/128417"}],"wp:attachment":[{"href":"https:\/\/www.europesays.com\/no\/wp-json\/wp\/v2\/media?parent=128416"}],"wp:term":[{"taxonomy":"category","embeddable":true,"href":"https:\/\/www.europesays.com\/no\/wp-json\/wp\/v2\/categories?post=128416"},{"taxonomy":"post_tag","embeddable":true,"href":"https:\/\/www.europesays.com\/no\/wp-json\/wp\/v2\/tags?post=128416"}],"curies":[{"name":"wp","href":"https:\/\/api.w.org\/{rel}","templated":true}]}}