{"id":128421,"date":"2026-01-04T09:23:12","date_gmt":"2026-01-04T09:23:12","guid":{"rendered":"https:\/\/www.europesays.com\/no\/128421\/"},"modified":"2026-01-04T09:23:12","modified_gmt":"2026-01-04T09:23:12","slug":"folk-er-usikre-og-redde","status":"publish","type":"post","link":"https:\/\/www.europesays.com\/no\/128421\/","title":{"rendered":"\u2013 Folk er usikre og redde"},"content":{"rendered":"\n<p class=\"_paragraph_o9xde_4 _paragraph_xtcu6_10 layout-component text-serif-m layout-normal text-serif-m layout-padded\">VGs reporter er til stede ved grensen mellom <a href=\"https:\/\/www.vg.no\/tag\/venezuela?utm_source=vg-article&amp;utm_medium=auto-tagger&amp;utm_campaign=k0JV6X\" class=\"_link_o9xde_39\" rel=\"nofollow noopener\" target=\"_blank\">Venezuela<\/a> og  Colombia. Hun har snakket med flere som er bekymret for hva som kommer til \u00e5 skje etter angrepene fra USA.<\/p>\n<p class=\"_paragraph_o9xde_4 _paragraph_xtcu6_10 layout-component text-serif-m layout-normal text-serif-m layout-padded\">Det bor allerede tre millioner venezuelanere i Colombia, og n\u00e5 ventes det \u00e5 komme enda flere. <\/p>\n<p class=\"_paragraph_o9xde_4 _paragraph_xtcu6_10 layout-component text-serif-m layout-normal text-serif-m layout-padded\">Flere personer VG har v\u00e6rt i kontakt med inne i Venezuela, forteller at de holder seg inne. Usikkerheten og uvissheten er stor. <\/p>\n<p class=\"_paragraph_o9xde_4 _paragraph_xtcu6_10 layout-component text-serif-m layout-normal text-serif-m layout-padded\">\u2013 Kommer det flere angrep? Hvem er det egentlig som styrer landet n\u00e5? Regjeringen er fortsatt i Venezuela, med unntak av Maduro. <\/p>\n<p class=\"_paragraph_o9xde_4 _paragraph_xtcu6_10 layout-component text-serif-m layout-normal text-serif-m layout-padded\">Det er sp\u00f8rsm\u00e5l venezuelanerne n\u00e5 stiller seg. <\/p>\n<p class=\"_paragraph_o9xde_4 _paragraph_xtcu6_10 layout-component text-serif-m layout-normal text-serif-m layout-padded\">\u2013 Folk er usikre og redde, forteller VGs reporter.<\/p>\n<p>Mener Maduro ikke er den rettsmessige presidenten <\/p>\n<p class=\"_paragraph_o9xde_4 _paragraph_xtcu6_10 layout-component text-serif-m layout-normal text-serif-m layout-padded\">Flere <a href=\"https:\/\/www.vg.no\/nyheter\/i\/XMgQWr\/ekspert-dette-er-et-angrep-det-er-tydelig\" data-track-element-type=\"Link\" data-track-id=\"link:XMgQWr\" class=\"_link_o9xde_39\" rel=\"nofollow noopener\" target=\"_blank\">eksperter <\/a>og verdensledere mener USA br\u00f8t folkeretten med <a href=\"https:\/\/www.vg.no\/nyheter\/i\/rrAjnm\/afp-og-reuters-eksplosjoner-hoert-i-venezuela\" data-track-element-type=\"Link\" data-track-id=\"link:rrAjnm\" class=\"_link_o9xde_39\" rel=\"nofollow noopener\" target=\"_blank\">angrepet p\u00e5 Venezuela<\/a> l\u00f8rdag morgen norsk tid. <\/p>\n<p class=\"_paragraph_o9xde_4 _paragraph_xtcu6_10 layout-component text-serif-m layout-normal text-serif-m layout-padded\">Under aksjonen hentet de ut Venezuelas president Nicholas Maduro og hans kone. Sammen har de blitt <a href=\"https:\/\/www.vg.no\/nyheter\/i\/2pGxzG\/maduro-har-landet-i-new-york\" data-track-element-type=\"Link\" data-track-id=\"link:2pGxzG\" class=\"_link_o9xde_39\" rel=\"nofollow noopener\" target=\"_blank\">fraktet til New York<\/a>, hvor de n\u00e5 er varetektsfengslet og st\u00e5r tiltalt for terror- og narkotikalovbrudd. <\/p>\n<p><img alt=\"En kvinne og to barn g\u00e5r over landegrensen fra Venezuela til Cucuta i Colombia.  Foto: RAUL ARBOLEDA \/ AFP \/ NTB\" class=\"_image_qp4xg_65 layout-component layout-normal\" data-fullscreen- data-track-element-type=\"Article image fullscreen\" data-track-name=\"ImageFullscreen\" decoding=\"async\" loading=\"lazy\" height=\"3522\" itemprop=\"image\"  src=\"https:\/\/www.europesays.com\/no\/wp-content\/uploads\/2026\/01\/b5b064fe-026f-4f57-8f2b-cb1f674a9ac5.png\"  style=\"object-position:0% 0%\" width=\"5283\"\/>En kvinne og to barn g\u00e5r over landegrensen fra Venezuela til Cucuta i Colombia.  Foto: RAUL ARBOLEDA \/ AFP \/ NTB<\/p>\n<p class=\"_paragraph_o9xde_4 _paragraph_xtcu6_10 layout-component text-serif-m layout-normal text-serif-m layout-padded\">Mens st\u00f8ttespillere av Maduro-regimet og enkelte statsledere, deriblant Brasils president  Lula da Silva, ford\u00f8mmer USAs handlinger i Venezuela, anser opposisjonen det som starten p\u00e5 en ny politisk \u00e6ra. <\/p>\n<p class=\"_paragraph_o9xde_4 _paragraph_xtcu6_10 layout-component text-serif-m layout-normal text-serif-m layout-padded\">Fredsprisvinner og opposisjonsleder, <a href=\"https:\/\/www.vg.no\/tag\/maria-corina-machado\" class=\"_link_o9xde_39\" rel=\"nofollow noopener\" target=\"_blank\">Maria Corina Machado<\/a>, feirer USAs bortf\u00f8ring av president Maduro. <\/p>\n<p><img alt=\"Opposisjonsleder, Maria Corina Machado.   Foto: PEDRO MATTEY \/ AFP \/ NTB\" class=\"_image_qp4xg_65 layout-component layout-normal\" data-fullscreen- data-track-element-type=\"Article image fullscreen\" data-track-name=\"ImageFullscreen\" decoding=\"async\" loading=\"lazy\" height=\"2795\" itemprop=\"image\"  src=\"https:\/\/www.europesays.com\/no\/wp-content\/uploads\/2026\/01\/790fdbcf-faa1-4b35-9478-f924d80008ca.jpeg\"  style=\"object-position:0% 0%\" width=\"4193\"\/>Opposisjonsleder, Maria Corina Machado.   Foto: PEDRO MATTEY \/ AFP \/ NTB<\/p>\n<p class=\"_paragraph_o9xde_4 _paragraph_xtcu6_10 layout-component text-serif-m layout-normal text-serif-m layout-padded\">\u2013 Frihetens time har kommet, skriver hun p\u00e5 X. <\/p>\n<p class=\"_paragraph_o9xde_4 _paragraph_xtcu6_10 layout-component text-serif-m layout-normal text-serif-m layout-padded\">USA og president Trump st\u00f8tter opposisjonslederen, og mener at den venezuelanske opposisjonens presidentkandidat, Edmundo Gonzales Urrutia, er <a href=\"https:\/\/www.aljazeera.com\/news\/2024\/11\/19\/us-recognises-venezuelan-opposition-leader-gonzalez-as-president-elect\" class=\"_link_o9xde_39\" rel=\"nofollow noopener\" target=\"_blank\">den rettsmessige presidenten<\/a> i Venezuela.<\/p>\n<p class=\"_paragraph_o9xde_4 _paragraph_xtcu6_10 layout-component text-serif-m layout-normal text-serif-m layout-padded\"> Under presidentvalget i 2024 hevdes det at det var opposisjonen som vant, men at Maduros regjering nektet \u00e5 godta valgnederlaget. <\/p>\n<p>Blandede reaksjoner fra verdenslederne <\/p>\n<p class=\"_paragraph_o9xde_4 _paragraph_xtcu6_10 layout-component text-serif-m layout-normal text-serif-m layout-padded\">Frankrikes president Emmanuel Macron mener at Venezuela n\u00e5 har blitt kvitt et diktatur, og setter sin lit til at det kommende maktskiftet vil foreg\u00e5 fredelig, demokratisk og med respekt for det venezuelanske folkets vilje.<\/p>\n<p class=\"_paragraph_o9xde_4 _paragraph_xtcu6_10 layout-component text-serif-m layout-normal text-serif-m layout-padded\">\u2013 Vi \u00f8nsker at president Edmundo Gonz\u00e1lez Urrutia, som ble valgt i 2024, raskt kan sikre denne overgangen, sier Macron.<\/p>\n<ul class=\"_gallery_1qa3s_23\" tabindex=\"0\">\n<li class=\"_item_1qa3s_37\" data-index=\"0\"><img decoding=\"async\" class=\"_image_foru8_23 _articleGallery_foru8_39\" data-fullscreen- width=\"6192\" height=\"4128\" itemprop=\"image\" loading=\"lazy\"  src=\"https:\/\/www.europesays.com\/no\/wp-content\/uploads\/2026\/01\/f73153f9-8969-4895-9401-3f7704b8e088.png\"  style=\"object-position:50% 50%;aspect-ratio:var(--gallery-aspect-ratio, 16 \/ 9)\"\/>Venezuelanere i Colombia feirer i byen Cucuta og er glade for amerikanernes intervensjon og fangen av Maduro.  Foto: RAUL ARBOLEDA \/ AFP \/ NTB<\/li>\n<li class=\"_item_1qa3s_37\" data-index=\"1\"><img decoding=\"async\" class=\"_image_foru8_23 _articleGallery_foru8_39\" data-fullscreen- width=\"5563\" height=\"3709\" itemprop=\"image\" loading=\"lazy\"  src=\"https:\/\/www.europesays.com\/no\/wp-content\/uploads\/2026\/01\/59b33d66-3761-49ae-b92d-bdcd3d77907d.png\"  style=\"object-position:50% 50%;aspect-ratio:var(--gallery-aspect-ratio, 16 \/ 9)\"\/>Venezuelanere i Buenos Aires i Argentina feirer fangingen og varetektsfengslingen av president Maduro.  Foto: JUAN IGNACIO RONCORONI \/ EPA \/ NTB<\/li>\n<\/ul>\n<p>Venezuelanere i Colombia feirer i byen Cucuta og er glade for amerikanernes intervensjon og fangen av Maduro.  Foto: RAUL ARBOLEDA \/ AFP \/ NTB<\/p>\n<p class=\"_paragraph_o9xde_4 _paragraph_xtcu6_10 layout-component text-serif-m layout-normal text-serif-m layout-padded\">Tysklands forbundskansler Friedrich Merz sier at den juridiske vurderingen av den amerikanske operasjonen er kompleks, og at \u00abvi vil ta oss tid\u00bb til \u00e5 evaluere den. <\/p>\n<p class=\"_paragraph_o9xde_4 _paragraph_xtcu6_10 layout-component text-serif-m layout-normal text-serif-m layout-padded\">Merz understreker at prinsippene i folkeretten m\u00e5 gjelde.<\/p>\n<p class=\"_paragraph_o9xde_4 _paragraph_xtcu6_10 layout-component text-serif-m layout-normal text-serif-m layout-padded\">\u2013 Storbritannia har lenge st\u00f8ttet en maktovergang i Venezuela. Vi ans\u00e5 Maduro som en illegitim president, og vi feller ingen t\u00e5rer over slutten p\u00e5 regimet hans, sier Storbritannias statsminister Keir Starmer i en uttalelse.<\/p>\n<ul class=\"_gallery_1qa3s_23\" tabindex=\"0\">\n<li class=\"_item_1qa3s_37\" data-index=\"0\"><img decoding=\"async\" class=\"_image_foru8_23 _articleGallery_foru8_39\" data-fullscreen- width=\"4357\" height=\"2904\" itemprop=\"image\" loading=\"lazy\"  src=\"https:\/\/www.europesays.com\/no\/wp-content\/uploads\/2026\/01\/78b7b16b-1923-4df5-aac9-f88735c4c6a4.png\"  style=\"object-position:50% 50%;aspect-ratio:var(--gallery-aspect-ratio, 16 \/ 9)\"\/>St\u00f8ttespillere av Maduro-regimet brenner et amerikansk flagg i Caracas.  Foto: Ariana Cubillos \/ AP \/ NTB<\/li>\n<li class=\"_item_1qa3s_37\" data-index=\"1\"><img decoding=\"async\" class=\"_image_foru8_23 _articleGallery_foru8_39\" data-fullscreen- width=\"5484\" height=\"3656\" itemprop=\"image\" loading=\"lazy\"  src=\"https:\/\/www.europesays.com\/no\/wp-content\/uploads\/2026\/01\/8fd00dfd-e8de-4674-8e6c-8bfe54ffa993.jpeg\"  style=\"object-position:50% 50%;aspect-ratio:var(--gallery-aspect-ratio, 16 \/ 9)\"\/>I San Francisco gikk demonstranter i gatene og protesterte mot president Donald Trumps handlinger i Venezuela.  Foto: JOHN G. MABANGLO \/ EPA \/ NTB<\/li>\n<\/ul>\n<p>St\u00f8ttespillere av Maduro-regimet brenner et amerikansk flagg i Caracas.  Foto: Ariana Cubillos \/ AP \/ NTB<\/p>\n<p class=\"_paragraph_o9xde_4 _paragraph_xtcu6_10 layout-component text-serif-m layout-normal text-serif-m layout-padded\">Israels statsminister Benjamin Netanyahu var raskt ute med \u00e5 gratulere Trump med \u00abden str\u00e5lende innsatsen til dine modige soldater\u00bb.<\/p>\n<p class=\"_paragraph_o9xde_4 _paragraph_xtcu6_10 layout-component text-serif-m layout-normal text-serif-m layout-padded\">Argentinas president Javier Milei sier i et intervju at bortf\u00f8ringen av Maduro er kollapsen til diktatorregimet med valgjuks. <\/p>\n<p class=\"_paragraph_o9xde_4 _paragraph_xtcu6_10 layout-component text-serif-m layout-normal text-serif-m layout-padded\">Mens Bolivia, Chile, Peru og Panama er forsiktige og uttrykker st\u00f8tte til en fredelig og demokratisk maktovergang i Venezuela, er Brasil sterkt kritisk til USAs angrep.<\/p>\n<p class=\"_paragraph_o9xde_4 _paragraph_xtcu6_10 layout-component text-serif-m layout-normal layout-padded\"><strong class=\"_strong_o9xde_25\">Les ogs\u00e5:<\/strong> <a href=\"https:\/\/www.vg.no\/i\/m0Rj9p\" data-track-element-type=\"Link\" data-track-id=\"link:m0Rj9p\" class=\"_link_o9xde_39\" rel=\"nofollow noopener\" target=\"_blank\">USAs angrep p\u00e5 Venezuela: Dette vet vi<\/a><\/p>\n<p class=\"_paragraph_o9xde_4 _paragraph_xtcu6_10 layout-component text-serif-m layout-normal text-serif-m layout-padded\">\u2013 Disse handlingene representerer en alvorlig krenkelse av Venezuelas suverenitet og setter enda en ekstremt farlig presedens for hele verdenssamfunnet, skriver Brasils president Luiz In\u00e1cio Lula da Silva p\u00e5 X. <\/p>\n<p>\u2013 St\u00f8tter en fredelig og demokratisk overgang <\/p>\n<p class=\"_paragraph_o9xde_4 _paragraph_xtcu6_10 layout-component text-serif-m layout-normal text-serif-m layout-padded\">EUs utenrikssjef, Kaja Kallas, skriver p\u00e5 X at hun har snakket med USAs utenriksminister Marco Rubio om situasjonen.<\/p>\n<p class=\"_paragraph_o9xde_4 _paragraph_xtcu6_10 layout-component text-serif-m layout-normal text-serif-m layout-padded\">\u2013 EU har gjentatte ganger sl\u00e5tt fast at Maduro mangler legitimitet, og har st\u00f8ttet en fredelig maktoverf\u00f8ring. I alle tilfeller m\u00e5 prinsippene i folkeretten og FN-pakten respekteres. Vi oppfordrer til tilbakeholdenhet, skriver Kallas.<\/p>\n<p><img alt=\"Ursula von der Leyen (t.v.) og Kaja Kallas.   Foto: Virginia Mayo \/ AP \/ NTB\" class=\"_image_qp4xg_65 layout-component layout-normal\" data-fullscreen- data-track-element-type=\"Article image fullscreen\" data-track-name=\"ImageFullscreen\" decoding=\"async\" loading=\"lazy\" height=\"4237\" itemprop=\"image\"  src=\"https:\/\/www.europesays.com\/no\/wp-content\/uploads\/2026\/01\/78ae3ef1-ba44-43d6-8a90-3f152a348b08.jpeg\"  style=\"object-position:0% 0%\" width=\"6356\"\/>Ursula von der Leyen (t.v.) og Kaja Kallas.   Foto: Virginia Mayo \/ AP \/ NTB<\/p>\n<p class=\"_paragraph_o9xde_4 _paragraph_xtcu6_10 layout-component text-serif-m layout-normal text-serif-m layout-padded\">EU-kommisjonens president Ursula von der Leyen sier at hun f\u00f8lger situasjonen i Venezuela sv\u00e6rt n\u00f8ye.<\/p>\n<p class=\"_paragraph_o9xde_4 _paragraph_xtcu6_10 layout-component text-serif-m layout-normal text-serif-m layout-padded\">\u2013 Vi st\u00f8tter folket i Venezuela og st\u00f8tter en fredelig og demokratisk overgang. Enhver l\u00f8sning m\u00e5 respektere folkeretten og FN-pakten, sier hun.<\/p>\n<p class=\"_paragraph_o9xde_4 _paragraph_xtcu6_10 layout-component text-serif-m layout-normal text-serif-m layout-padded\">FNs generalsekret\u00e6r Ant\u00f3nio Guterres sier via en talsmann at han er \u00abdypt urolig\u00bb etter det amerikanske angrepet. FNs sikkerhetsr\u00e5d er innkalt til et hastem\u00f8te mandag for \u00e5 diskutere situasjonen.<\/p>\n<p>    <img decoding=\"async\" alt=\"Tips oss illustrasjon\" src=\"https:\/\/www.europesays.com\/no\/wp-content\/uploads\/2025\/10\/pssst-small.webp.webp\"\/>    <\/p>\n<p class=\"title-serif-s\">Har du tips?<\/p>\n<p class=\"text-sans-m\">Send oss informasjon, bilder eller video.<\/p>\n<p>  <a href=\"https:\/\/www.vg.no\/tips-oss\" rel=\"nofollow noopener\" target=\"_blank\"> Tips oss <\/a>      <\/p>\n","protected":false},"excerpt":{"rendered":"VGs reporter er til stede ved grensen mellom Venezuela og Colombia. Hun har snakket med flere som er&hellip;\n","protected":false},"author":2,"featured_media":128422,"comment_status":"","ping_status":"","sticky":false,"template":"","format":"standard","meta":{"footnotes":""},"categories":[12],"tags":[14960,31,20,21,2823,55,24,25,15,22,23,8707,13,4037,30,28,29,14,16,26,27,95,42,43,44,45],"class_list":{"0":"post-128421","1":"post","2":"type-post","3":"status-publish","4":"format-standard","5":"has-post-thumbnail","7":"category-verden","8":"tag-angrepet-mot-venezuela","9":"tag-breaking","10":"tag-breaking-news","11":"tag-breakingnews","12":"tag-colombia","13":"tag-donald-trump","14":"tag-featured-news","15":"tag-featurednews","16":"tag-headlines","17":"tag-latest-news","18":"tag-latestnews","19":"tag-maria-corina-machado","20":"tag-news","21":"tag-nicolas-maduro","22":"tag-no","23":"tag-norge","24":"tag-norway","25":"tag-nyheter","26":"tag-overskrifter","27":"tag-top-stories","28":"tag-topstories","29":"tag-venezuela","30":"tag-verden","31":"tag-world","32":"tag-world-news","33":"tag-worldnews"},"share_on_mastodon":{"url":"https:\/\/pubeurope.com\/@no\/115836105791243740","error":""},"_links":{"self":[{"href":"https:\/\/www.europesays.com\/no\/wp-json\/wp\/v2\/posts\/128421","targetHints":{"allow":["GET"]}}],"collection":[{"href":"https:\/\/www.europesays.com\/no\/wp-json\/wp\/v2\/posts"}],"about":[{"href":"https:\/\/www.europesays.com\/no\/wp-json\/wp\/v2\/types\/post"}],"author":[{"embeddable":true,"href":"https:\/\/www.europesays.com\/no\/wp-json\/wp\/v2\/users\/2"}],"replies":[{"embeddable":true,"href":"https:\/\/www.europesays.com\/no\/wp-json\/wp\/v2\/comments?post=128421"}],"version-history":[{"count":0,"href":"https:\/\/www.europesays.com\/no\/wp-json\/wp\/v2\/posts\/128421\/revisions"}],"wp:featuredmedia":[{"embeddable":true,"href":"https:\/\/www.europesays.com\/no\/wp-json\/wp\/v2\/media\/128422"}],"wp:attachment":[{"href":"https:\/\/www.europesays.com\/no\/wp-json\/wp\/v2\/media?parent=128421"}],"wp:term":[{"taxonomy":"category","embeddable":true,"href":"https:\/\/www.europesays.com\/no\/wp-json\/wp\/v2\/categories?post=128421"},{"taxonomy":"post_tag","embeddable":true,"href":"https:\/\/www.europesays.com\/no\/wp-json\/wp\/v2\/tags?post=128421"}],"curies":[{"name":"wp","href":"https:\/\/api.w.org\/{rel}","templated":true}]}}