{"id":128425,"date":"2026-01-04T09:25:13","date_gmt":"2026-01-04T09:25:13","guid":{"rendered":"https:\/\/www.europesays.com\/no\/128425\/"},"modified":"2026-01-04T09:25:13","modified_gmt":"2026-01-04T09:25:13","slug":"sport-langrenn-daehlie-med-bonn-til-norske-utovere-skikkelig-kjedelig","status":"publish","type":"post","link":"https:\/\/www.europesays.com\/no\/128425\/","title":{"rendered":"Sport, Langrenn | D\u00e6hlie med b\u00f8nn til norske ut\u00f8vere: \u2013 Skikkelig kjedelig"},"content":{"rendered":"\n<p>   <img decoding=\"async\" width=\"1500\" height=\"440\" fetchpriority=\"low\"  loading=\"lazy\"  src=\"https:\/\/www.europesays.com\/no\/wp-content\/uploads\/2026\/01\/tour+de+ski+byline+simen+lnning+sjur+tveito.jpg\" alt=\"\" class=\"brick-c-cFOWSL\" style=\"--brick-image-ratio: 1500 \/ 440;\"\/><\/p>\n<p>TOBLACH\/VAL DI FIEMME <a href=\"https:\/\/www.nettavisen.no\/sport\/bjorn-dahlie-med-bonn-til-norge-stjerner-skikkelig-kjedelig\/s\/5-95-2806060\" rel=\"Follow nofollow noopener\" target=\"_blank\">(Nettavisen)<\/a>: I 2001 la D\u00e6hlie skiene p\u00e5 hylla etter en eventyrlig langrennskarriere. Etter han la opp har han gjort det stort som forretningsmann, blant annet med sitt eget klesmerke.<\/p>\n<p>Men selv om D\u00e6hlie har hatt stor suksess ogs\u00e5 etter skikarrieren, er han klar p\u00e5 at han virkelig savner tiden som langrennsl\u00f8per.<\/p>\n<p>I podkasten \u00abCountdown to Cortina\u00bb med den s\u00f8rafrikanske Team Aker D\u00e6hlie-l\u00f8peren Matt C. Smith n\u00e6rmest b\u00f8nnfaller han dagens norske ut\u00f8vere om \u00e5 virkelig sette pris p\u00e5 tiden som toppidrettsut\u00f8ver.<\/p>\n<p>Heidi Weng, som er en av de mest erfarne aktive l\u00f8perne, innr\u00f8mmer at hun ikke alltid er like flink til det.<\/p>\n<p>\u2013 Jeg setter veldig pris p\u00e5 det n\u00e5r jeg er hjemme og trener, og er kanskje for d\u00e5rlig til det n\u00e5r det er s\u00e5 mye s\u00e5 mye sirkus rundt, sier hun til Nettavisen.<\/p>\n<p>  <a href=\"https:\/\/www.rb.no\/5-43-2646099\" class=\"related-teaser has-image default-story-teaser article--c-eRUmMG article--c-eRUmMG-jKCPdD-design-default\" rel=\"nofollow noopener\" target=\"_blank\"><\/p>\n<p>    <img decoding=\"async\" loading=\"lazy\"  src=\"https:\/\/www.europesays.com\/no\/wp-content\/uploads\/2026\/01\/sn__261222_01+%281%29.jpg\" alt=\"\" class=\"brick-c-cFOWSL\" style=\"\"\/><\/p>\n<p>\n            Les ogs\u00e5<\/p>\n<p>              Mer sn\u00f8 i vente: \u2013 Kan komme en del\n        <\/p>\n<p>  <\/a><br \/>\n  Synes livet etterp\u00e5 er kjedelig<\/p>\n<p>For D\u00e6hlie sin del tok det litt tid f\u00f8r han inns\u00e5 hvor mye han savnet livet som langrennsl\u00f8per, men etter hvert har han skj\u00f8nt hvor privilegert han var da han var skil\u00f8per.<\/p>\n<p>\u2013 N\u00e5r tiden har g\u00e5tt og da jeg for eksempel s\u00e5 p\u00e5 VM i Trondheim forrige vinter, s\u00e5 tenker jeg selvsagt \u00abfor et fantastisk liv dette var\u00bb. \u00c5 v\u00e6re midt i det her, g\u00e5 p\u00e5 ski, sl\u00e5 svenskene, finnene og russerne p\u00e5 et stadion med 100.000 tilskuere. Det var fantastisk, sier han i podkasten.<\/p>\n<p>D\u00e6hlie synes faktisk at livet etter man legger opp egentlig er ganske kjedelig.<\/p>\n<p>\u2013 Jeg pr\u00f8ver \u00e5 si til ut\u00f8vere at de m\u00e5 huske p\u00e5 at de lever et fantastisk liv. Du m\u00e5 v\u00e6re klar over det f\u00f8r du legger opp, fordi livet etterp\u00e5 er skikkelig kjedelig. Jeg sier \u00abdu burde drive med dette til du er 40 \u00e5r\u00bb, sier han.<\/p>\n<p>\u2013 Det er lett \u00e5 si n\u00e5r man sitter i Sveits med en long drink, kontrer Erik Valnes p\u00e5 humoristisk vis.<\/p>\n<p>   <img decoding=\"async\" width=\"6000\" height=\"4000\" fetchpriority=\"low\"  loading=\"lazy\"  src=\"https:\/\/www.europesays.com\/no\/wp-content\/uploads\/2026\/01\/1767518713_734_ErikValnes+%282%29.jpg\" alt=\"Lago, Italia 20260102. &#10;Erik Valnes under trening p\u00e5 OL stadion i Lago de Tesero i Val di Fiemme.&#10;Foto: Terje Pedersen \/ NTB\" class=\"brick-c-cFOWSL\" style=\"--brick-image-ratio: 6000 \/ 4000;\"\/><\/p>\n<p>      ENIG: Erik Valnes synes Bj\u00f8rn D\u00e6hlie har et godt poeng.<br \/>\n      Foto: Terje Pedersen (NTB)\n    <\/p>\n<p>Sp\u00f8k til side mener den norske landslagsl\u00f8peren at D\u00e6hlie egentlig har et godt poeng.<\/p>\n<p>\u2013 Akkurat det som D\u00e6hlie sier er noe jeg faktisk har bitt meg litt merke i har blitt sagt fra eks-skil\u00f8pere, at man m\u00e5 huske p\u00e5 \u00e5 nyte det flotte livet man har som skil\u00f8per. S\u00e5 man pr\u00f8ver jo \u00e5 gj\u00f8re det, sier Valnes til Nettavisen.<\/p>\n<p>Kule opplevelser<\/p>\n<p>Valnes er imidlertid klar p\u00e5 at det ikke alltid er s\u00e5 lett \u00e5 verdsette livet som langrennsl\u00f8per n\u00e5r man er midt oppi det.<\/p>\n<p>\u2013 N\u00e5r man er skil\u00f8per er det hele tiden neste, neste, neste. S\u00e5 man klarer sikkert ikke \u00e5 sette pris p\u00e5 det nok. Av det jeg har opplevd til n\u00e5, med de medaljene som henger i skapet hjemme, de betyr ikke en dritt i forhold til alt man opplever. Kameratskap og alt det der. Det er i hvert fall det jeg har filosofert over, sier han.<\/p>\n<p>Simen Hegstad Kr\u00fcger f\u00f8ler at han er ganske flink til \u00e5 sette pris p\u00e5 livet som skil\u00f8per.<\/p>\n<p>\u2013 Men s\u00e5 er det klart at man er veldig farget av ting som har skjedd n\u00e6rmest. Den sesongen jeg har hatt s\u00e5 langt har ikke v\u00e6rt den mest givende, men hvis jeg tar et skritt tilbake og ser p\u00e5 hele pakka er det en fantastisk reise man har f\u00e5tt v\u00e6re med p\u00e5, sier han til Nettavisen.<\/p>\n<p>Kr\u00fcger er nemlig klar p\u00e5 at man f\u00e5r oppleve mye kult som langrennsl\u00f8per.<\/p>\n<p>\u2013 Det er viktig og av og til ta et lite skritt tilbake og se p\u00e5 hvor privilegert man har v\u00e6rt og hvor mye man har f\u00e5tt oppleve, sier han.<\/p>\n<p>Det mange av de norske langrennsl\u00f8perne opplever akkurat n\u00e5 er Tour de ski. Touren avsluttes opp monsterbakken s\u00f8ndag. Herrene starter klokka 11.30, mens kvinnene starter klokka 15.30.<\/p>\n<p>  <a href=\"https:\/\/www.rb.no\/5-43-2646085\" class=\"related-teaser has-image default-story-teaser article--c-eRUmMG article--c-eRUmMG-jKCPdD-design-default\" rel=\"nofollow noopener\" target=\"_blank\"><\/p>\n<p>    <img decoding=\"async\" loading=\"lazy\"  src=\"https:\/\/www.europesays.com\/no\/wp-content\/uploads\/2026\/01\/NTB_s8hlXnWXjxg.jpg\" alt=\"\" class=\"brick-c-cFOWSL\" style=\"\"\/><\/p>\n<p>\n            Les ogs\u00e5<\/p>\n<p>              \u2013 Det var bare mas\n        <\/p>\n<p>  <\/a><\/p>\n","protected":false},"excerpt":{"rendered":"TOBLACH\/VAL DI FIEMME (Nettavisen): I 2001 la D\u00e6hlie skiene p\u00e5 hylla etter en eventyrlig langrennskarriere. Etter han la&hellip;\n","protected":false},"author":2,"featured_media":128426,"comment_status":"","ping_status":"","sticky":false,"template":"","format":"standard","meta":{"footnotes":""},"categories":[5],"tags":[36,9831,20,21,24,25,15,19,398,22,23,17,18,13,30,28,29,14,16,83,1510,26,27],"class_list":{"0":"post-128425","1":"post","2":"type-post","3":"status-publish","4":"format-standard","5":"has-post-thumbnail","7":"category-overskrifter","8":"tag-art","9":"tag-bjorn-daehlie","10":"tag-breaking-news","11":"tag-breakingnews","12":"tag-featured-news","13":"tag-featurednews","14":"tag-headlines","15":"tag-hovedoppslag","16":"tag-langrenn","17":"tag-latest-news","18":"tag-latestnews","19":"tag-main-news","20":"tag-mainnews","21":"tag-news","22":"tag-no","23":"tag-norge","24":"tag-norway","25":"tag-nyheter","26":"tag-overskrifter","27":"tag-sport","28":"tag-story","29":"tag-top-stories","30":"tag-topstories"},"share_on_mastodon":{"url":"https:\/\/pubeurope.com\/@no\/115836113649542042","error":""},"_links":{"self":[{"href":"https:\/\/www.europesays.com\/no\/wp-json\/wp\/v2\/posts\/128425","targetHints":{"allow":["GET"]}}],"collection":[{"href":"https:\/\/www.europesays.com\/no\/wp-json\/wp\/v2\/posts"}],"about":[{"href":"https:\/\/www.europesays.com\/no\/wp-json\/wp\/v2\/types\/post"}],"author":[{"embeddable":true,"href":"https:\/\/www.europesays.com\/no\/wp-json\/wp\/v2\/users\/2"}],"replies":[{"embeddable":true,"href":"https:\/\/www.europesays.com\/no\/wp-json\/wp\/v2\/comments?post=128425"}],"version-history":[{"count":0,"href":"https:\/\/www.europesays.com\/no\/wp-json\/wp\/v2\/posts\/128425\/revisions"}],"wp:featuredmedia":[{"embeddable":true,"href":"https:\/\/www.europesays.com\/no\/wp-json\/wp\/v2\/media\/128426"}],"wp:attachment":[{"href":"https:\/\/www.europesays.com\/no\/wp-json\/wp\/v2\/media?parent=128425"}],"wp:term":[{"taxonomy":"category","embeddable":true,"href":"https:\/\/www.europesays.com\/no\/wp-json\/wp\/v2\/categories?post=128425"},{"taxonomy":"post_tag","embeddable":true,"href":"https:\/\/www.europesays.com\/no\/wp-json\/wp\/v2\/tags?post=128425"}],"curies":[{"name":"wp","href":"https:\/\/api.w.org\/{rel}","templated":true}]}}