{"id":128493,"date":"2026-01-04T11:25:30","date_gmt":"2026-01-04T11:25:30","guid":{"rendered":"https:\/\/www.europesays.com\/no\/128493\/"},"modified":"2026-01-04T11:25:30","modified_gmt":"2026-01-04T11:25:30","slug":"tidligere-ansatt-sorget-for-en-av-arets-siste-konkurser-i-trondelag","status":"publish","type":"post","link":"https:\/\/www.europesays.com\/no\/128493\/","title":{"rendered":"Tidligere ansatt s\u00f8rget for en av \u00e5rets siste konkurser i Tr\u00f8ndelag"},"content":{"rendered":"<p>MN24 arbeider etter <a href=\"https:\/\/www.presse.no\/vaer-varsom-plakaten\/\" rel=\"nofollow noopener\" target=\"_blank\">V\u00e6r Varsom-plakatens<\/a> regler for god presseskikk. Se ogs\u00e5 <a href=\"https:\/\/www.redaktor.no\/ressurser\/etiske-og-juridiske-rammeverk\/redaktorplakaten\" rel=\"nofollow noopener\" target=\"_blank\">Redakt\u00f8ransvar<\/a>. MN24 har ikke ansvar for innhold p\u00e5 eksterne nettsider som det lenkes til. Alt innhold er opphavsrettslig beskyttet 2026 \u00a9 MN24.<\/p>\n<p>Midtnorsk N\u00e6ringsliv &#8211; MN24 &#8211; er landsdelens eget nettsted for nyheter om \u00f8konomi, n\u00e6ringsliv og nyskaping i regionen. MN24 er et samarbeid mellom Adresseavisen, Avisa S\u00f8r-Tr\u00f8ndelag, Bladet, Br\u00f8nn\u00f8ysunds Avis, Fosna-Folket, Fr\u00f8ya.no, Hitra-Fr\u00f8ya, Innherred, OPP, Steinkjer24, Kl\u00e6buposten, Stj\u00f8rdals-Nytt og Tr\u00f8nderbladet.<\/p>\n","protected":false},"excerpt":{"rendered":"MN24 arbeider etter V\u00e6r Varsom-plakatens regler for god presseskikk. Se ogs\u00e5 Redakt\u00f8ransvar. MN24 har ikke ansvar for innhold&hellip;\n","protected":false},"author":2,"featured_media":128494,"comment_status":"","ping_status":"","sticky":false,"template":"","format":"standard","meta":{"footnotes":""},"categories":[10],"tags":[1257,4578,20,21,1519,14998,5059,24,25,14995,15,14994,1484,22,23,14996,14997,13,30,28,29,14,16,2008,1316,26,27,596,270],"class_list":{"0":"post-128493","1":"post","2":"type-post","3":"status-publish","4":"format-standard","5":"has-post-thumbnail","7":"category-norge","8":"tag-boligbygging","9":"tag-bransje","10":"tag-breaking-news","11":"tag-breakingnews","12":"tag-bygg-og-anlegg","13":"tag-ducati","14":"tag-entreprenor","15":"tag-featured-news","16":"tag-featurednews","17":"tag-feriepenger","18":"tag-headlines","19":"tag-julie-brodtkorb","20":"tag-konkurs","21":"tag-latest-news","22":"tag-latestnews","23":"tag-maskinentreprenor","24":"tag-maskinentreprenorenes-forbund-mef","25":"tag-news","26":"tag-no","27":"tag-norge","28":"tag-norway","29":"tag-nyheter","30":"tag-overskrifter","31":"tag-penger","32":"tag-skatteetaten","33":"tag-top-stories","34":"tag-topstories","35":"tag-trondheim","36":"tag-trondelag"},"share_on_mastodon":{"url":"https:\/\/pubeurope.com\/@no\/115836585534138213","error":""},"_links":{"self":[{"href":"https:\/\/www.europesays.com\/no\/wp-json\/wp\/v2\/posts\/128493","targetHints":{"allow":["GET"]}}],"collection":[{"href":"https:\/\/www.europesays.com\/no\/wp-json\/wp\/v2\/posts"}],"about":[{"href":"https:\/\/www.europesays.com\/no\/wp-json\/wp\/v2\/types\/post"}],"author":[{"embeddable":true,"href":"https:\/\/www.europesays.com\/no\/wp-json\/wp\/v2\/users\/2"}],"replies":[{"embeddable":true,"href":"https:\/\/www.europesays.com\/no\/wp-json\/wp\/v2\/comments?post=128493"}],"version-history":[{"count":0,"href":"https:\/\/www.europesays.com\/no\/wp-json\/wp\/v2\/posts\/128493\/revisions"}],"wp:featuredmedia":[{"embeddable":true,"href":"https:\/\/www.europesays.com\/no\/wp-json\/wp\/v2\/media\/128494"}],"wp:attachment":[{"href":"https:\/\/www.europesays.com\/no\/wp-json\/wp\/v2\/media?parent=128493"}],"wp:term":[{"taxonomy":"category","embeddable":true,"href":"https:\/\/www.europesays.com\/no\/wp-json\/wp\/v2\/categories?post=128493"},{"taxonomy":"post_tag","embeddable":true,"href":"https:\/\/www.europesays.com\/no\/wp-json\/wp\/v2\/tags?post=128493"}],"curies":[{"name":"wp","href":"https:\/\/api.w.org\/{rel}","templated":true}]}}