{"id":128506,"date":"2026-01-04T11:46:34","date_gmt":"2026-01-04T11:46:34","guid":{"rendered":"https:\/\/www.europesays.com\/no\/128506\/"},"modified":"2026-01-04T11:46:34","modified_gmt":"2026-01-04T11:46:34","slug":"krigsbat-eller-batbyggerhistorie-l-a-no","status":"publish","type":"post","link":"https:\/\/www.europesays.com\/no\/128506\/","title":{"rendered":"Krigsb\u00e5t eller b\u00e5tbyggerhistorie &#8211; l-a.no"},"content":{"rendered":"<p><strong>Debattinnlegg og svar til Per Ree fra Petter Thilesen, R\u00f8dt Lindesnes.<\/strong><\/p>\n<p>Mandals b\u00e5tbyggerhistorie er stor og viktig for oss. GOT og Umoe Mandal holder fortsatt historien i gang p\u00e5 restene av det som opp gjennom tiden har v\u00e6rt en viktig b\u00e6rebjelke i utviklingen av v\u00e5r kommune.<\/p>\n<p>Lindesnes avis har skrevet om prosjektet KNM Skrei og initiativet som er tatt for \u00e5 f\u00e5 dette utrangerte krigsskipet plassert som et museumstilskudd i kommunen. Likeledes har avisen ved <a href=\"https:\/\/www.l-a.no\/meninger\/tankerpatirsdag\/i\/Wvb0LK\/jul-og-motortorpedobaat\" rel=\"noopener nofollow\" target=\"_blank\">Svein Bringsdal uttrykt sine tanker,<\/a> og sist har <a href=\"https:\/\/www.l-a.no\/i\/JOoXW8\" rel=\"nofollow noopener\" target=\"_blank\">Per Ree som en av initiativtakerne ogs\u00e5 utdypet sine begrunnelser for prosjektet.<\/a><\/p>\n<p>Det gjelder i en slik sammenheng \u00e5 finne en argumentasjon som er god nok til at flere finner prosjektet KNM Skrei interessant og viktig. Utgangspunktet for Per Ree ser ut til \u00e5 v\u00e6re koblingen mellom b\u00e5tbyggerhistorien og viktigheten av \u00e5 ha stor milit\u00e6r aktivitet. Han viser til feilsl\u00e5tt politisk styring av milit\u00e6rapparatet som n\u00e6rmest resulterte i havari. Han viser til at et s\u00e5kalt flertall i stortinget har vedtatt et langtidsbudsjett for milit\u00e6ret som aldri har v\u00e6rt st\u00f8rre og at opprusting og krig er den beste grunnen for at prosjektet m\u00e5 gjennomf\u00f8res. Kan det ogs\u00e5 v\u00e6re at han tenker p\u00e5 sin egen karriere som sj\u00f8offiser p\u00e5 norske krigsskip som et godt argument?<\/p>\n<p>Jeg tror uansett ikke at en slik argumentasjon er et godt lokalt utgangspunkt. Da burde vi vel heller ha argumentert for enda mer penger til milit\u00e6ret og kanskje et supermoderne krigsskip lokalisert til kommunen. P\u00e5 Ballastbrygga i Mandalselva har vi f\u00e5tt et moderne og flott museum som skal ta vare p\u00e5 og vise deler av v\u00e5r felles industrihistorie. Der er det ikke plass til et krigsskip, og det er det vel egentlig heller ikke lenger i denne delen av kommunen.<\/p>\n<p>Hva sier for eksempel fagfolkene i fart\u00f8yvernet? Er det rom for et nytt prosjekt som dette eller b\u00f8r vi isteden st\u00f8tte opp om de prosjektene som allerede er igangsatt og s\u00f8rge for at disse g\u00e5r videre? Hva vil det koste Lindesnes kommune \u00e5 drifte et slikt prosjekt? Kan vi med h\u00e5nden p\u00e5 hjerte prioritere et museumsskip fremfor skoler eller drift og vedlikehold av veinettet?<\/p>\n<p>B\u00e5tservice og Westermoens historie skal vi ta vare p\u00e5, kanskje ikke i form av et utrangert krigsskip, men p\u00e5 andre m\u00e5ter. Vi har fagfolk p\u00e5 lokalhistorien, og det burde v\u00e6re selvsagt at disse ogs\u00e5 kommer med sine synspunkter p\u00e5 hvordan vi best kan ta vare p\u00e5 v\u00e5r b\u00e5tbyggerhistorie.<\/p>\n","protected":false},"excerpt":{"rendered":"Debattinnlegg og svar til Per Ree fra Petter Thilesen, R\u00f8dt Lindesnes. Mandals b\u00e5tbyggerhistorie er stor og viktig for&hellip;\n","protected":false},"author":2,"featured_media":128507,"comment_status":"","ping_status":"","sticky":false,"template":"","format":"standard","meta":{"footnotes":""},"categories":[10],"tags":[20,21,24,25,15,14999,22,23,13,30,28,29,14,16,26,27],"class_list":{"0":"post-128506","1":"post","2":"type-post","3":"status-publish","4":"format-standard","5":"has-post-thumbnail","7":"category-norge","8":"tag-breaking-news","9":"tag-breakingnews","10":"tag-featured-news","11":"tag-featurednews","12":"tag-headlines","13":"tag-knm-skrei","14":"tag-latest-news","15":"tag-latestnews","16":"tag-news","17":"tag-no","18":"tag-norge","19":"tag-norway","20":"tag-nyheter","21":"tag-overskrifter","22":"tag-top-stories","23":"tag-topstories"},"share_on_mastodon":{"url":"https:\/\/pubeurope.com\/@no\/115836668062571841","error":""},"_links":{"self":[{"href":"https:\/\/www.europesays.com\/no\/wp-json\/wp\/v2\/posts\/128506","targetHints":{"allow":["GET"]}}],"collection":[{"href":"https:\/\/www.europesays.com\/no\/wp-json\/wp\/v2\/posts"}],"about":[{"href":"https:\/\/www.europesays.com\/no\/wp-json\/wp\/v2\/types\/post"}],"author":[{"embeddable":true,"href":"https:\/\/www.europesays.com\/no\/wp-json\/wp\/v2\/users\/2"}],"replies":[{"embeddable":true,"href":"https:\/\/www.europesays.com\/no\/wp-json\/wp\/v2\/comments?post=128506"}],"version-history":[{"count":0,"href":"https:\/\/www.europesays.com\/no\/wp-json\/wp\/v2\/posts\/128506\/revisions"}],"wp:featuredmedia":[{"embeddable":true,"href":"https:\/\/www.europesays.com\/no\/wp-json\/wp\/v2\/media\/128507"}],"wp:attachment":[{"href":"https:\/\/www.europesays.com\/no\/wp-json\/wp\/v2\/media?parent=128506"}],"wp:term":[{"taxonomy":"category","embeddable":true,"href":"https:\/\/www.europesays.com\/no\/wp-json\/wp\/v2\/categories?post=128506"},{"taxonomy":"post_tag","embeddable":true,"href":"https:\/\/www.europesays.com\/no\/wp-json\/wp\/v2\/tags?post=128506"}],"curies":[{"name":"wp","href":"https:\/\/api.w.org\/{rel}","templated":true}]}}