{"id":128512,"date":"2026-01-04T12:06:10","date_gmt":"2026-01-04T12:06:10","guid":{"rendered":"https:\/\/www.europesays.com\/no\/128512\/"},"modified":"2026-01-04T12:06:10","modified_gmt":"2026-01-04T12:06:10","slug":"usa-vil-styre-venezuela-nesten-helt-utenkelig","status":"publish","type":"post","link":"https:\/\/www.europesays.com\/no\/128512\/","title":{"rendered":"USA vil styre Venezuela: \u2013 Nesten helt utenkelig"},"content":{"rendered":"\n<ul class=\"_list_o9xde_3 _list_64s2r_85 _unordered_o9xde_106 text-sans-m\">\n<li class=\"_item_o9xde_30\">Donald Trump sier at USA skal styre Venezuela. Hvordan dette skal foreg\u00e5r i praksis er likevel usikkert.<\/li>\n<li class=\"_item_o9xde_30\">Venezuelas visepresident Delcy Rodr\u00edguez er offisielt utnevnt som fungerende president.<\/li>\n<li class=\"_item_o9xde_30\">Statsviter Aslak Jang\u00e5rd Orre har liten tro p\u00e5 at USA kommer til \u00e5 klare \u00e5 styre Venezuela.<\/li>\n<li class=\"_item_o9xde_30\">Han er kritisk til at Trump legger opp til \u00e5 samarbeide med Rodr\u00edguez, og ikke opposisjonsleder Mar\u00eda Corina Machado.<\/li>\n<\/ul>\n<p>Vis mer <\/p>\n<p class=\"_paragraph_o9xde_4 _paragraph_xtcu6_10 layout-component text-serif-m layout-normal text-serif-m layout-padded\"><a href=\"https:\/\/www.vg.no\/tag\/venezuela?utm_source=vg-article&amp;utm_medium=auto-tagger&amp;utm_campaign=e78gKl\" class=\"_link_o9xde_39\" rel=\"nofollow noopener\" target=\"_blank\">Venezuelas<\/a> president Nicol\u00e1s Maduro ble styrtet og fanget av amerikanske styrker p\u00e5 l\u00f8rdag. Han har natt til s\u00f8ndag blitt <a href=\"https:\/\/www.vg.no\/nyheter\/i\/2pGxzG\/maduro-har-landet-i-new-york\" data-track-element-type=\"Link\" data-track-id=\"link:2pGxzG\" class=\"_link_o9xde_39\" rel=\"nofollow noopener\" target=\"_blank\">fraktet til et fengsel i New York.<\/a><\/p>\n<p class=\"_paragraph_o9xde_4 _paragraph_xtcu6_10 layout-component text-serif-m layout-normal text-serif-m layout-padded\"><strong class=\"_strong_o9xde_25\">USAs president Donald Trump har sagt at USA skal styre Venezuela p\u00e5 ubestemt tid, frem til det er en \u00abtrygg, ordentlig og fornuftig\u00bb maktovertagelse. <\/strong><\/p>\n<p class=\"_paragraph_o9xde_4 _paragraph_xtcu6_10 layout-component text-serif-m layout-normal text-serif-m layout-padded\">Hvordan dette skal foreg\u00e5 i praksis, er imidlertid fortsatt uklart. <\/p>\n<p class=\"_paragraph_o9xde_4 _paragraph_xtcu6_10 layout-component text-serif-m layout-normal text-serif-m layout-padded\">I et intervju med <a href=\"https:\/\/www.cbsnews.com\/news\/pete-hegseth-cbs-evening-news-president-trump-venezuela\/\" class=\"_link_o9xde_39\" rel=\"nofollow noopener\" target=\"_blank\">CBS<\/a> natt til s\u00f8ndag sier forsvarsminister Pete Hegseth at det er USA som skal legge premissene for styringen av Venezuela. <\/p>\n<p class=\"_paragraph_o9xde_4 _paragraph_xtcu6_10 layout-component text-serif-m layout-normal text-serif-m layout-padded\">\u2013 Vi setter vilk\u00e5rene. President Trump setter vilk\u00e5rene, sier Hegseth. <\/p>\n<p><img alt=\"Trump og Hegseth f\u00f8lger med p\u00e5 angrepet og operasjonen som fanget Maduro p\u00e5 l\u00f8rdag.   Foto: Molly Riley \/ AP \/ NTB\" class=\"_image_qp4xg_65 layout-component layout-normal\" data-fullscreen- data-track-element-type=\"Article image fullscreen\" data-track-name=\"ImageFullscreen\" decoding=\"async\" loading=\"lazy\" height=\"2000\" itemprop=\"image\"  src=\"https:\/\/www.europesays.com\/no\/wp-content\/uploads\/2026\/01\/5ae1c8ae-4e40-4e1d-ac43-994c2d4aef60.png\"  style=\"object-position:0% 0%\" width=\"3000\"\/>Trump og Hegseth f\u00f8lger med p\u00e5 angrepet og operasjonen som fanget Maduro p\u00e5 l\u00f8rdag.   Foto: Molly Riley \/ AP \/ NTB<\/p>\n<p class=\"_paragraph_o9xde_4 _paragraph_xtcu6_10 layout-component text-serif-m layout-normal text-serif-m layout-padded\">Trump sier at han ikke utelukker \u00e5 sette amerikanske soldater p\u00e5 bakken. <\/p>\n<p class=\"_paragraph_o9xde_4 _paragraph_xtcu6_10 layout-component text-serif-m layout-normal layout-padded\"><strong class=\"_strong_o9xde_25\">Les ogs\u00e5:<\/strong> <a href=\"https:\/\/www.vg.no\/i\/k0JV6X\" data-track-element-type=\"Link\" data-track-id=\"link:k0JV6X\" class=\"_link_o9xde_39\" rel=\"nofollow noopener\" target=\"_blank\">Reaksjoner etter USAs angrep: \u2013 Folk er usikre og redde <\/a><\/p>\n<p>\u2013 Vanskelig \u00e5 forestille seg<\/p>\n<p class=\"_paragraph_o9xde_4 _paragraph_xtcu6_10 layout-component text-serif-m layout-normal text-serif-m layout-padded\">Aslak Jang\u00e5rd Orre er statsviter og Venezuela-kjenner.<\/p>\n<p class=\"_paragraph_o9xde_4 _paragraph_xtcu6_10 layout-component text-serif-m layout-normal text-serif-m layout-padded\">Han tviler p\u00e5 at USA vil klare \u00e5 styre Venezuela. <\/p>\n<p class=\"_paragraph_o9xde_4 _paragraph_xtcu6_10 layout-component text-serif-m layout-normal text-serif-m layout-padded\"><strong class=\"_strong_o9xde_25\">\u2013 Det er vanskelig \u00e5 forestille seg at dette vil fungere i praksis, sier Orre.<\/strong><\/p>\n<p><img decoding=\"async\" alt=\"Bilde av Aslak Jang\u00e5rd Orre \" class=\"_image_ygndg_42\" height=\"23\" itemprop=\"image\" loading=\"lazy\"  src=\"https:\/\/www.europesays.com\/no\/wp-content\/uploads\/2026\/01\/b9aef735-fd5a-4250-9cb4-2d4059709c78.jpeg\"  width=\"40\"\/><strong class=\"_name_ygndg_51 title-serif-xs\">Aslak Jang\u00e5rd Orre <\/strong><\/p>\n<p class=\"_paragraph_o9xde_4 text-sans-m _description_ygndg_56\">Statsviter og Venezuela-kjenner<\/p>\n<p class=\"_paragraph_o9xde_4 _paragraph_xtcu6_10 layout-component text-serif-m layout-normal text-serif-m layout-padded\">Han tror ikke USA vil klare \u00e5 styre landet etter sine interesser uten omfattende tiltak p\u00e5 bakken. <\/p>\n<p class=\"_paragraph_o9xde_4 _paragraph_xtcu6_10 layout-component text-serif-m layout-normal text-serif-m layout-padded\">\u2013 Hvis man skal ta Trump p\u00e5 ordet, og de faktisk skal styre landet, s\u00e5 m\u00e5 de utplassere mange soldater p\u00e5 bakken og sette inn en egen sivil administrasjon som tar over statsapparatet. Det er nesten helt utenkelig, sier Orre. <\/p>\n<p class=\"_paragraph_o9xde_4 _paragraph_xtcu6_10 layout-component text-serif-m layout-normal layout-padded\"><strong class=\"_strong_o9xde_25\">Les ogs\u00e5:<\/strong> <a href=\"https:\/\/www.vg.no\/i\/rrAjnm\" data-track-element-type=\"Link\" data-track-id=\"link:rrAjnm\" class=\"_link_o9xde_39\" rel=\"nofollow noopener\" target=\"_blank\">Maduro og kona tiltalt i New York<\/a><\/p>\n<p>\u2013 Samme regimet<\/p>\n<p class=\"_paragraph_o9xde_4 _paragraph_xtcu6_10 layout-component text-serif-m layout-normal text-serif-m layout-padded\">Venezuelas h\u00f8yesterett har offisielt utnevnt visepresident Delcy Rodr\u00edguez som fungerende president i landet. <\/p>\n<p class=\"_paragraph_o9xde_4 _paragraph_xtcu6_10 layout-component text-serif-m layout-normal text-serif-m layout-padded\">Forel\u00f8pig ser det ut til at Trump-administrasjonen vil fors\u00f8ke \u00e5 samarbeide med henne om \u00e5 styre landet. <\/p>\n<p class=\"_paragraph_o9xde_4 _paragraph_xtcu6_10 layout-component text-serif-m layout-normal text-serif-m layout-padded\"><strong class=\"_strong_o9xde_25\">Det til tross for at hun er del av en regjering som USA ikke anerkjenner, og som Trump gjentatte ganger har sagt er illegitim.<\/strong><\/p>\n<p><img alt=\"Venezuelas visepresident Delcy Rodr\u00edguez er offisielt utnevnt som landets fungerende president.   Foto: Leonardo Fernandez Viloria \/ Reuters \/ NTB\" class=\"_image_qp4xg_65 layout-component layout-normal\" data-fullscreen- data-track-element-type=\"Article image fullscreen\" data-track-name=\"ImageFullscreen\" decoding=\"async\" loading=\"lazy\" height=\"4039\" itemprop=\"image\"  src=\"https:\/\/www.europesays.com\/no\/wp-content\/uploads\/2026\/01\/a3b59412-96eb-4ac9-9f73-8935312b4a76.jpeg\"  style=\"object-position:0% 0%\" width=\"6059\"\/>Venezuelas visepresident Delcy Rodr\u00edguez er offisielt utnevnt som landets fungerende president.   Foto: Leonardo Fernandez Viloria \/ Reuters \/ NTB<\/p>\n<p class=\"_paragraph_o9xde_4 _paragraph_xtcu6_10 layout-component text-serif-m layout-normal text-serif-m layout-padded\">Hvordan dette samarbeidet eventuelt skal foreg\u00e5, er ogs\u00e5 h\u00f8yst uklart. <\/p>\n<p class=\"_paragraph_o9xde_4 _paragraph_xtcu6_10 layout-component text-serif-m layout-normal text-serif-m layout-padded\"><strong class=\"_strong_o9xde_25\">\u2013 Hvis vi skal tro p\u00e5 Trump s\u00e5 har hun inng\u00e5tt en eller annen avtale. Hun er allerede tatt i ed og skal da administrere landet frem til man eventuelt avholder et lovlig valg, og aksepterer resultatet av det, sier VG-kommentator Ander Gi\u00e6ver. <\/strong><\/p>\n<p class=\"_paragraph_o9xde_4 _paragraph_xtcu6_10 layout-component text-serif-m layout-normal text-serif-m layout-padded\">Rodr\u00edguez har ford\u00f8mt USAs angrep og bortf\u00f8ringen av Maduro. <\/p>\n<p class=\"_paragraph_o9xde_4 _paragraph_xtcu6_10 layout-component text-serif-m layout-normal text-serif-m layout-padded\">Hun har ogs\u00e5 stilt opp p\u00e5 statlig TV og uttalt at Maduro fortsatt er Venezuelas eneste president. <\/p>\n<p><img alt=\"Rodr\u00edguez (til venstre) har v\u00e6rt en n\u00e6r st\u00f8ttespiller av Maduro i mange \u00e5r.   Foto: Marco Bello \/ Reuters \/ NTB\" class=\"_image_qp4xg_65 layout-component layout-normal\" data-fullscreen- data-track-element-type=\"Article image fullscreen\" data-track-name=\"ImageFullscreen\" decoding=\"async\" loading=\"lazy\" height=\"4349\" itemprop=\"image\"  src=\"https:\/\/www.europesays.com\/no\/wp-content\/uploads\/2026\/01\/fe6515f8-e046-44f7-8b5d-2b53ef2d2e64.png\"  style=\"object-position:0% 0%\" width=\"6524\"\/>Rodr\u00edguez (til venstre) har v\u00e6rt en n\u00e6r st\u00f8ttespiller av Maduro i mange \u00e5r.   Foto: Marco Bello \/ Reuters \/ NTB<\/p>\n<p class=\"_paragraph_o9xde_4 _paragraph_xtcu6_10 layout-component text-serif-m layout-normal text-serif-m layout-padded\">56-\u00e5ringen har lenge v\u00e6rt en ledende skikkelse i den autorit\u00e6re sosialistiske bevegelsen som har dominert i Venezuela. <\/p>\n<p class=\"_paragraph_o9xde_4 _paragraph_xtcu6_10 layout-component text-serif-m layout-normal text-serif-m layout-padded\">\u2013 Hun kommer fra en gammel marxist-familie i Venezuela. Faren hennes var involvert i kidnapping av amerikanske forretningsmenn i sin tid og broren hennes har v\u00e6rt en av hovedr\u00e5dgiverne til Maduro. Jeg kan ikke tenke meg at opposisjonen er noe glad for henne, sier Gi\u00e6ver.<\/p>\n<p class=\"_paragraph_o9xde_4 _paragraph_xtcu6_10 layout-component text-serif-m layout-normal text-serif-m layout-padded\">Statsviter Aslak Orre mener at Rodr\u00edguez ikke skiller seg nevneverdig fra Maduro. <\/p>\n<p class=\"_paragraph_o9xde_4 _paragraph_xtcu6_10 layout-component text-serif-m layout-normal text-serif-m layout-padded\"><strong class=\"_strong_o9xde_25\">\u2013 Hun har de samme autorit\u00e6re trekkene og er en del av det samme regimet som daglig fengsler, torturerer og dreper mennesker, sier Orre. <\/strong><\/p>\n<p class=\"_paragraph_o9xde_4 _paragraph_xtcu6_10 layout-component text-serif-m layout-normal layout-padded\"><strong class=\"_strong_o9xde_25\">Les ogs\u00e5:<\/strong> <a href=\"https:\/\/www.vg.no\/i\/9pv4Ew\" data-track-element-type=\"Link\" data-track-id=\"link:9pv4Ew\" class=\"_link_o9xde_39\" rel=\"nofollow noopener\" target=\"_blank\">Trump om Venezuela: \u2013 Vi skal styre landet <\/a><\/p>\n<p>Avviser nobelprisvinner<\/p>\n<p class=\"_paragraph_o9xde_4 _paragraph_xtcu6_10 layout-component text-serif-m layout-normal text-serif-m layout-padded\">Trump ser ogs\u00e5 ut til \u00e5 avvise at nobelprisvinner og opposisjonsleder Mar\u00eda Corina Machado er aktuell til \u00e5 ta over styringen. <\/p>\n<p class=\"_paragraph_o9xde_4 _paragraph_xtcu6_10 layout-component text-serif-m layout-normal text-serif-m layout-padded\">Det til tross for at hun gjentatte ganger har st\u00f8ttet Trump-administrasjonen og dedikerte Nobelprisen til Trump.<\/p>\n<p class=\"_paragraph_o9xde_4 _paragraph_xtcu6_10 layout-component text-serif-m layout-normal text-serif-m layout-padded\"><strong class=\"_strong_o9xde_25\">Den amerikanske presidenten har sagt at det vil bli \u00abveldig vanskelig\u00bb for Machado \u00e5 ta over styringen av landet, og at hun mangler tilstrekkelig respekt og st\u00f8tte. <\/strong><\/p>\n<p><img alt=\"Mar\u00eda Corina Machado m\u00f8tte kongefamilien under Oslo-bes\u00f8ket i desember.   Foto: Heiko Junge \/ NTB\" class=\"_image_qp4xg_65 layout-component layout-normal\" data-fullscreen- data-track-element-type=\"Article image fullscreen\" data-track-name=\"ImageFullscreen\" decoding=\"async\" loading=\"lazy\" height=\"4848\" itemprop=\"image\"  src=\"https:\/\/www.europesays.com\/no\/wp-content\/uploads\/2026\/01\/3aa415bc-bb29-4074-90ba-12f0efeb7a90.jpeg\"  style=\"object-position:0% 0%\" width=\"7273\"\/>Mar\u00eda Corina Machado m\u00f8tte kongefamilien under Oslo-bes\u00f8ket i desember.   Foto: Heiko Junge \/ NTB<\/p>\n<p class=\"_paragraph_o9xde_4 _paragraph_xtcu6_10 layout-component text-serif-m layout-normal text-serif-m layout-padded\">Trump har s\u00e5 langt heller ikke nevnt Edmundo Gonzales, som opposisjonen og en rekke land mener egentlig vant presidentvalget i fjor, etter at Machado ble hindret fra \u00e5 stille. Machado har ogs\u00e5 pekt p\u00e5 Gonzales til \u00e5 ta over. <\/p>\n<p class=\"_paragraph_o9xde_4 _paragraph_xtcu6_10 layout-component text-serif-m layout-normal text-serif-m layout-padded\">Orre er kritisk til at Trump legger opp til et samarbeid med Rodr\u00edguez, og ikke opposisjonen. <\/p>\n<p class=\"_paragraph_o9xde_4 _paragraph_xtcu6_10 layout-component text-serif-m layout-normal text-serif-m layout-padded\"><strong class=\"_strong_o9xde_25\">\u2013 USA har hentet ut diktatoren, men har likevel overlatt makten til diktaturet. At Trump avviser Machado til fordel for Rodr\u00edguez, viser at det ikke er regimeendring og demokratisering som er m\u00e5let hans her, sier Orre.<\/strong><\/p>\n<p class=\"_paragraph_o9xde_4 _paragraph_xtcu6_10 layout-component text-serif-m layout-normal layout-padded\"><strong class=\"_strong_o9xde_25\">Les ogs\u00e5:<\/strong> <a href=\"https:\/\/www.vg.no\/i\/5p0gmX\" data-track-element-type=\"Link\" data-track-id=\"link:5p0gmX\" class=\"_link_o9xde_39\" rel=\"nofollow noopener\" target=\"_blank\">Venezuelanere i landflyktighet feirer USAs Maduro-aksjon<\/a><\/p>\n<p>\u2013 H\u00e5p og ekstrem frykt<\/p>\n<p class=\"_paragraph_o9xde_4 _paragraph_xtcu6_10 layout-component text-serif-m layout-normal text-serif-m layout-padded\">L\u00f8rdagens angrep og styrtingen av Maduro skaper usikkerhet om fremtiden til Venezuela. <\/p>\n<p class=\"_paragraph_o9xde_4 _paragraph_xtcu6_10 layout-component text-serif-m layout-normal text-serif-m layout-padded\"><strong class=\"_strong_o9xde_25\">\u2013 Denne situasjonen har gitt venezuelanerne en blanding av h\u00e5p og ekstrem frykt, sier Orre. <\/strong><\/p>\n<p><img alt=\"Venezuelanere i Panama feirer at Nicol\u00e1s Maduro er fjernet fra makten.   Foto: MARTIN BERNETTI \/ AFP \/ NTB\" class=\"_image_qp4xg_65 layout-component layout-normal\" data-fullscreen- data-track-element-type=\"Article image fullscreen\" data-track-name=\"ImageFullscreen\" decoding=\"async\" loading=\"lazy\" height=\"3725\" itemprop=\"image\"  src=\"https:\/\/www.europesays.com\/no\/wp-content\/uploads\/2026\/01\/95e78535-c224-4b0c-9dc4-f124e06ff195.png\"  style=\"object-position:0% 0%\" width=\"5588\"\/>Venezuelanere i Panama feirer at Nicol\u00e1s Maduro er fjernet fra makten.   Foto: MARTIN BERNETTI \/ AFP \/ NTB<\/p>\n<p class=\"_paragraph_o9xde_4 _paragraph_xtcu6_10 layout-component text-serif-m layout-normal text-serif-m layout-padded\">P\u00e5 lang sikt tror han likevel at Venezuela vil v\u00e6re tjent med det som har skjedd. <\/p>\n<p class=\"_paragraph_o9xde_4 _paragraph_xtcu6_10 layout-component text-serif-m layout-normal text-serif-m layout-padded\">\u2013 Paradoksalt nok. Dette setter historiens hjul i gang. Det var stillstand under Maduros regime, men n\u00e5 forandres plutselig alle parametere. Det gir Venezuela et nytt mulighetsrom, sier Orre. <\/p>\n<p>\u2013 Komplisert oppgave<\/p>\n<p class=\"_paragraph_o9xde_4 _paragraph_xtcu6_10 layout-component text-serif-m layout-normal text-serif-m layout-padded\">Charles Shapiro er tidligere amerikansk ambassad\u00f8r i Venezuela. <\/p>\n<p class=\"_paragraph_o9xde_4 _paragraph_xtcu6_10 layout-component text-serif-m layout-normal text-serif-m layout-padded\"><strong class=\"_strong_o9xde_25\">\u2013 Det vil bli en komplisert oppgave \u00e5 styre Venezuela, sier han til <a href=\"https:\/\/www.cnn.com\/world\/live-news\/venezuela-explosions-caracas-intl-hnk-01-03-26?post-id=cmjz8c3rm002q3b6pn24yuu5t\" class=\"_link_o9xde_39\" rel=\"nofollow noopener\" target=\"_blank\">CNN<\/a>. <\/strong><\/p>\n<p class=\"_paragraph_o9xde_4 _paragraph_xtcu6_10 layout-component text-serif-m layout-normal text-serif-m layout-padded\">Han viser til den politiske situasjonen i landet, og tror at det kan bli vanskelig \u00e5 finne nok st\u00f8tte i befolkningen. <\/p>\n<p class=\"_paragraph_o9xde_4 _paragraph_xtcu6_10 layout-component text-serif-m layout-normal text-serif-m layout-padded\">Mange venezuelanere har v\u00e6rt kritiske til det autorit\u00e6re Maduro-regime, blant annet p\u00e5 grunn av den vanskeligstilte \u00f8konomien. <\/p>\n<p class=\"_paragraph_o9xde_4 _paragraph_xtcu6_10 layout-component text-serif-m layout-normal text-serif-m layout-padded\">Han ansl\u00e5r likevel at rundt 20 prosent eller mer av befolkningen fortsatt st\u00f8tter Maduro.<\/p>\n<p class=\"_paragraph_o9xde_4 _paragraph_xtcu6_10 layout-component text-serif-m layout-normal text-serif-m layout-padded\">\u2013 Hvordan du vinner over disse folkene og snur det rundt, kommer til \u00e5 v\u00e6re veldig, veldig vanskelig, sier Shapiro. <\/p>\n<p>Vil tappe oljen<\/p>\n<p class=\"_paragraph_o9xde_4 _paragraph_xtcu6_10 layout-component text-serif-m layout-normal text-serif-m layout-padded\">Trump har ogs\u00e5 sagt at USA skal ta kontroll p\u00e5 Venezuelas oljeressurser og tappe dem for olje. <\/p>\n<p class=\"_paragraph_o9xde_4 _paragraph_xtcu6_10 layout-component text-serif-m layout-normal text-serif-m layout-padded\">Venezuela eier rundt 20 prosent av verdens oljereserver. <\/p>\n<p><img alt=\"Et oljeanlegg i delstaten Anzoategui i Venezuela.   Foto: Carlos Garcia Rawlins \/ Reuters \/ NTB\" class=\"_image_qp4xg_65 layout-component layout-normal\" data-fullscreen- data-track-element-type=\"Article image fullscreen\" data-track-name=\"ImageFullscreen\" decoding=\"async\" loading=\"lazy\" height=\"1650\" itemprop=\"image\"  src=\"https:\/\/www.europesays.com\/no\/wp-content\/uploads\/2026\/01\/8c717f33-91cf-481b-aa47-c7744e540f01.jpeg\"  style=\"object-position:0% 0%\" width=\"2475\"\/>Et oljeanlegg i delstaten Anzoategui i Venezuela.   Foto: Carlos Garcia Rawlins \/ Reuters \/ NTB<\/p>\n<p class=\"_paragraph_o9xde_4 _paragraph_xtcu6_10 layout-component text-serif-m layout-normal text-serif-m layout-padded\">Mye av oljen ligger likevel uber\u00f8rt, og Venezuela st\u00e5r per i dag for rundt 1 prosent av verdens oljeproduksjon, skriver <a href=\"https:\/\/www.nytimes.com\/2026\/01\/03\/business\/venezuela-oil-industry-trump.html\" class=\"_link_o9xde_39\" rel=\"nofollow noopener\" target=\"_blank\">New York Times<\/a>. <\/p>\n<p class=\"_paragraph_o9xde_4 _paragraph_xtcu6_10 layout-component text-serif-m layout-normal text-serif-m layout-padded\">Produksjonsniv\u00e5et har falt kraftig de siste ti \u00e5rene og store deler av oljeinfrastrukturen er sterkt svekket. <\/p>\n<p class=\"_paragraph_o9xde_4 _paragraph_xtcu6_10 layout-component text-serif-m layout-normal text-serif-m layout-padded\"><strong class=\"_strong_o9xde_25\">Under Maduros 12 \u00e5r som president har <a href=\"https:\/\/e24.no\/internasjonal-oekonomi\/i\/zOL6p5\/den-oekonomiske-krisen-under-maduro\" class=\"_link_o9xde_39\" rel=\"nofollow noopener\" target=\"_blank\">Venezuelas \u00f8konomi falt i ruiner.<\/a><\/strong><\/p>\n<p class=\"_paragraph_o9xde_4 _paragraph_xtcu6_10 layout-component text-serif-m layout-normal text-serif-m layout-padded\">Trump sier at de skal f\u00e5 amerikanske oljeselskaper til \u00e5 investere flere milliarder dollar p\u00e5 \u00e5 gjenopplive den venezuelanske oljebransjen og produsere olje derfra. <\/p>\n<p class=\"_paragraph_o9xde_4 _paragraph_xtcu6_10 layout-component text-serif-m layout-normal text-serif-m layout-padded\">Han hevder at pengene som tjenes skal komme b\u00e5de USA og Venezuela til gode, men detaljene rundt dette er uklare.<\/p>\n","protected":false},"excerpt":{"rendered":"Donald Trump sier at USA skal styre Venezuela. Hvordan dette skal foreg\u00e5r i praksis er likevel usikkert. Venezuelas&hellip;\n","protected":false},"author":2,"featured_media":128513,"comment_status":"","ping_status":"","sticky":false,"template":"","format":"standard","meta":{"footnotes":""},"categories":[12],"tags":[14960,20,21,55,24,25,15,22,23,13,4037,30,28,29,14,16,26,27,50,95,42,43,44,45],"class_list":{"0":"post-128512","1":"post","2":"type-post","3":"status-publish","4":"format-standard","5":"has-post-thumbnail","7":"category-verden","8":"tag-angrepet-mot-venezuela","9":"tag-breaking-news","10":"tag-breakingnews","11":"tag-donald-trump","12":"tag-featured-news","13":"tag-featurednews","14":"tag-headlines","15":"tag-latest-news","16":"tag-latestnews","17":"tag-news","18":"tag-nicolas-maduro","19":"tag-no","20":"tag-norge","21":"tag-norway","22":"tag-nyheter","23":"tag-overskrifter","24":"tag-top-stories","25":"tag-topstories","26":"tag-usa","27":"tag-venezuela","28":"tag-verden","29":"tag-world","30":"tag-world-news","31":"tag-worldnews"},"share_on_mastodon":{"url":"https:\/\/pubeurope.com\/@no\/115836746687938716","error":""},"_links":{"self":[{"href":"https:\/\/www.europesays.com\/no\/wp-json\/wp\/v2\/posts\/128512","targetHints":{"allow":["GET"]}}],"collection":[{"href":"https:\/\/www.europesays.com\/no\/wp-json\/wp\/v2\/posts"}],"about":[{"href":"https:\/\/www.europesays.com\/no\/wp-json\/wp\/v2\/types\/post"}],"author":[{"embeddable":true,"href":"https:\/\/www.europesays.com\/no\/wp-json\/wp\/v2\/users\/2"}],"replies":[{"embeddable":true,"href":"https:\/\/www.europesays.com\/no\/wp-json\/wp\/v2\/comments?post=128512"}],"version-history":[{"count":0,"href":"https:\/\/www.europesays.com\/no\/wp-json\/wp\/v2\/posts\/128512\/revisions"}],"wp:featuredmedia":[{"embeddable":true,"href":"https:\/\/www.europesays.com\/no\/wp-json\/wp\/v2\/media\/128513"}],"wp:attachment":[{"href":"https:\/\/www.europesays.com\/no\/wp-json\/wp\/v2\/media?parent=128512"}],"wp:term":[{"taxonomy":"category","embeddable":true,"href":"https:\/\/www.europesays.com\/no\/wp-json\/wp\/v2\/categories?post=128512"},{"taxonomy":"post_tag","embeddable":true,"href":"https:\/\/www.europesays.com\/no\/wp-json\/wp\/v2\/tags?post=128512"}],"curies":[{"name":"wp","href":"https:\/\/api.w.org\/{rel}","templated":true}]}}