{"id":128514,"date":"2026-01-04T12:13:15","date_gmt":"2026-01-04T12:13:15","guid":{"rendered":"https:\/\/www.europesays.com\/no\/128514\/"},"modified":"2026-01-04T12:13:15","modified_gmt":"2026-01-04T12:13:15","slug":"iran-ayatollah-khamenei-iransk-nyhetsbyra-medlem-av-iransk-milits-drept-under-demonstrasjon","status":"publish","type":"post","link":"https:\/\/www.europesays.com\/no\/128514\/","title":{"rendered":"Iran, Ayatollah Khamenei | Iransk nyhetsbyr\u00e5: Medlem av iransk milits drept under demonstrasjon"},"content":{"rendered":"\n<p>Uttalelsen tolkes som et klarsignal til landets sikkerhetsstyrker om \u00e5 bruke mer makt for \u00e5 sl\u00e5 ned protestene.<\/p>\n<p>Det er f\u00f8rste gang den 86 \u00e5r gamle ayatollaen uttaler seg om demonstrasjonene, som i stor grad har handlet om iraneres sv\u00e6rt vanskelige \u00f8konomiske situasjon.<\/p>\n<p>Iranske eksilgrupper har meldt om protester p\u00e5 over 100 steder i landet.<\/p>\n<p><b>Les ogs\u00e5<\/b>:<a href=\"https:\/\/www.nettavisen.no\/nyheter\/trump-lover-a-komme-iranske-demonstranter-til-unnsetning\/s\/5-95-2804558\" rel=\"Follow nofollow noopener\" target=\"_blank\"> Iran ford\u00f8mmer Trumps trussel: \u2013 Hensynsl\u00f8st og farlig<\/a><\/p>\n<p>Khameneis uttalelse ble gitt til en tilh\u00f8rerskare i Teheran og sendt p\u00e5 iransk TV l\u00f8rdag. Her gj\u00f8r han et fors\u00f8k p\u00e5 \u00e5 skille legitime demonstranter fra det han kaller oppviglere.<\/p>\n<p>\u2013 Vi snakker til demonstranter, myndighetene m\u00e5 snakke med dem. Men det tjener ikke noen \u00e5 snakke med oppviglere. Oppviglere m\u00e5 settes p\u00e5 plass, sa han.<\/p>\n<p>   <img decoding=\"async\" width=\"2499\" height=\"1638\" fetchpriority=\"low\"  loading=\"lazy\"  src=\"https:\/\/www.europesays.com\/no\/wp-content\/uploads\/2026\/01\/NTB_1cmL5DyUcZk.jpg\" alt=\"FILE -  In this photo released by an official website of the office of the Iranian supreme leader, Supreme Leader Ayatollah Ali Khamenei speaks in a ceremony to mark the Shiite holiday of Eid al-Ghadir, in Tehran, Iran, Tuesday, June 25, 2024. (Office of the Iranian Supreme Leader via AP, File)\" class=\"brick-c-cFOWSL\" style=\"--brick-image-ratio: 2499 \/ 1638;\"\/><\/p>\n<p>      KNALLHARD: Irans \u00f8verste leder, Ayatolla Ali Khamenei, varsler at demonstranter \u00abm\u00e5 settes p\u00e5 plass.\u00bb<br \/>\n      Foto: AP\n    <\/p>\n<p>Han gjentok ogs\u00e5 en p\u00e5stand om at det er utenlandske krefter, som Israel eller USA, som n\u00f8rer oppunder protester mot islam og det iranske regimet.<\/p>\n<p>Natt til l\u00f8rdag mistet ytterligere to personer livet. I byen Qom ble en mann drept av en granat, som han if\u00f8lge myndighetene bar p\u00e5 selv.<\/p>\n<p>Det andre d\u00f8dsfallet skjedde i byen Harsin s\u00f8rvest for Teheran. En mann som oppgis \u00e5 ha v\u00e6rt medlem av den halvmilit\u00e6re Basilj-militsen, ble knivstukket og skutt, if\u00f8lge det statsst\u00f8ttede nyhetsbyr\u00e5et Mehr.<\/p>\n<p><b>Les ogs\u00e5:<\/b> <a href=\"https:\/\/www.nettavisen.no\/nyheter\/iran-anslas-a-ha-doblet-antallet-henrettelser-i-2025\/s\/5-95-2799803\" rel=\"Follow nofollow noopener\" target=\"_blank\">Iran ansl\u00e5s \u00e5 ha doblet antallet henrettelser i 2025<\/a><\/p>\n<p>Det antas at det iranske regimet er splittet n\u00e5r det gjelder hvordan myndighetene skal hanskes med demonstrantene. Mens noen \u00f8nsker et mer aggressivt svar, har andre, som president Masoud Pezeshkian, fors\u00f8kt \u00e5 f\u00e5 i stand samtaler for \u00e5 komme demonstrantene i m\u00f8te.<\/p>\n<p>(\u00a9NTB)<\/p>\n","protected":false},"excerpt":{"rendered":"Uttalelsen tolkes som et klarsignal til landets sikkerhetsstyrker om \u00e5 bruke mer makt for \u00e5 sl\u00e5 ned protestene.&hellip;\n","protected":false},"author":2,"featured_media":128515,"comment_status":"","ping_status":"","sticky":false,"template":"","format":"standard","meta":{"footnotes":""},"categories":[12],"tags":[20,21,24,25,15,22,23,13,30,28,29,14,16,26,27,42,43,44,45],"class_list":{"0":"post-128514","1":"post","2":"type-post","3":"status-publish","4":"format-standard","5":"has-post-thumbnail","7":"category-verden","8":"tag-breaking-news","9":"tag-breakingnews","10":"tag-featured-news","11":"tag-featurednews","12":"tag-headlines","13":"tag-latest-news","14":"tag-latestnews","15":"tag-news","16":"tag-no","17":"tag-norge","18":"tag-norway","19":"tag-nyheter","20":"tag-overskrifter","21":"tag-top-stories","22":"tag-topstories","23":"tag-verden","24":"tag-world","25":"tag-world-news","26":"tag-worldnews"},"share_on_mastodon":{"url":"https:\/\/pubeurope.com\/@no\/115836774144038664","error":""},"_links":{"self":[{"href":"https:\/\/www.europesays.com\/no\/wp-json\/wp\/v2\/posts\/128514","targetHints":{"allow":["GET"]}}],"collection":[{"href":"https:\/\/www.europesays.com\/no\/wp-json\/wp\/v2\/posts"}],"about":[{"href":"https:\/\/www.europesays.com\/no\/wp-json\/wp\/v2\/types\/post"}],"author":[{"embeddable":true,"href":"https:\/\/www.europesays.com\/no\/wp-json\/wp\/v2\/users\/2"}],"replies":[{"embeddable":true,"href":"https:\/\/www.europesays.com\/no\/wp-json\/wp\/v2\/comments?post=128514"}],"version-history":[{"count":0,"href":"https:\/\/www.europesays.com\/no\/wp-json\/wp\/v2\/posts\/128514\/revisions"}],"wp:featuredmedia":[{"embeddable":true,"href":"https:\/\/www.europesays.com\/no\/wp-json\/wp\/v2\/media\/128515"}],"wp:attachment":[{"href":"https:\/\/www.europesays.com\/no\/wp-json\/wp\/v2\/media?parent=128514"}],"wp:term":[{"taxonomy":"category","embeddable":true,"href":"https:\/\/www.europesays.com\/no\/wp-json\/wp\/v2\/categories?post=128514"},{"taxonomy":"post_tag","embeddable":true,"href":"https:\/\/www.europesays.com\/no\/wp-json\/wp\/v2\/tags?post=128514"}],"curies":[{"name":"wp","href":"https:\/\/api.w.org\/{rel}","templated":true}]}}