{"id":128518,"date":"2026-01-04T12:23:09","date_gmt":"2026-01-04T12:23:09","guid":{"rendered":"https:\/\/www.europesays.com\/no\/128518\/"},"modified":"2026-01-04T12:23:09","modified_gmt":"2026-01-04T12:23:09","slug":"tour-de-ski-simen-hegstad-kruger-2","status":"publish","type":"post","link":"https:\/\/www.europesays.com\/no\/128518\/","title":{"rendered":"Tour de Ski, Simen Hegstad Kr\u00fcger"},"content":{"rendered":"\n<p>   <img decoding=\"async\" width=\"1500\" height=\"440\" fetchpriority=\"low\"  loading=\"lazy\"  src=\"https:\/\/www.europesays.com\/no\/wp-content\/uploads\/2026\/01\/1767529389_125_tour+de+ski+byline+simen+l%C3%B8nning+sjur+tveito.jpg\" alt=\"\" class=\"brick-c-cFOWSL\" style=\"--brick-image-ratio: 1500 \/ 440;\"\/><\/p>\n<p>VAL DI FIEMME\/OSLO (Nettavisen): Johannes H\u00f8sflot Kl\u00e6bo (29) ble historisk med sin femte sammenlagtseier i Tour de ski, men for lagkamerat Simen Hegstad Kr\u00fcger (32) ble det en tung dag.<\/p>\n<p><b>Les ogs\u00e5:<\/b> <a href=\"https:\/\/www.nettavisen.no\/sport\/femte-tour-de-ski-triumf-til-johannes-hosflot-klabo-mattis-stenshagen-best-pa-sisteetappen\/s\/5-95-2806535\" rel=\"Follow nofollow noopener\" target=\"_blank\">Femte Tour de ski-triumf til Kl\u00e6bo: Stenshagen best p\u00e5 sisteetappen<\/a><\/p>\n<p>Kr\u00fcger var i utgangspunktet sett p\u00e5 som en av favorittene opp monsterbakken, men fikk tidlig tr\u00f8bbel da han brakk en stav. Han kjempet seg n\u00e6rmere teten igjen, men fikk det igjen plutselig tungt i bakken.<\/p>\n<p>\u2013 Alt gikk galt i dag. Det var kjedelig. Det begynner med stavbrekk i det vi g\u00e5r inn i Marcialonga-l\u00f8ypa der, og det er litt s\u00e5nn at jeg pr\u00f8ver \u00e5 komme inn i en god posisjon, men s\u00e5 g\u00e5r det fra \u00e5 v\u00e6re bredt til veldig smalt og da knekker staven. Jeg vet ikke helt hva som skjer, og den f\u00f8rste som st\u00e5r p\u00e5 stavpost f\u00f8lger ikke helt med og da f\u00e5r jeg ikke stav der, sier en skuffet Kr\u00fcger til Nettavisen etter m\u00e5lgang.<\/p>\n<p>   <img decoding=\"async\" width=\"3936\" height=\"2632\" fetchpriority=\"low\"  loading=\"lazy\"  src=\"https:\/\/www.europesays.com\/no\/wp-content\/uploads\/2026\/01\/NTB_lxCZ-uSmgmA.jpg\" alt=\"Alpe Cermis, Italia 20260104. &#10;Simen Hegstad Kr\u00fcger i m\u00e5lomr\u00e5det etter siste etappe opp \" monsterbakken=\"\" i=\"\" alpe=\"\" cermis=\"\" val=\"\" di=\"\" fiemme.=\"\" foto:=\"\" terje=\"\" pedersen=\"\" ntb=\"\" class=\"brick-c-cFOWSL\" style=\"--brick-image-ratio: 3936 \/ 2632;\"\/><\/p>\n<p>      SKUFFET: Simen Hegstad Kr\u00fcger har hatt langt bedre dager i sporet.<br \/>\n      Foto: Terje Pedersen (NTB)\n    <\/p>\n<p>  Kr\u00fcger fikk hjelp av landslagslegen<\/p>\n<p>I m\u00e5l var han langt bak og holdt seg til siden. Kroppsspr\u00e5ket viste at han hadde tydelige smerter, og landslagslege Ove Feragen tok med seg Kr\u00fcger inn i teltet ved m\u00e5lomr\u00e5det.<\/p>\n<p>\u2013 Jeg f\u00e5r etter hvert en stav, men jeg vet ikke om det er fordi staven er fem centimeter for lang, men det begynner med hold som blir helt krise med krampe, hvor jeg ikke klarer \u00e5 strekke meg ut og m\u00e5 bare kr\u00f8pe meg sammen, forteller Kr\u00fcger.<\/p>\n<p><b>Les ogs\u00e5:<\/b> <a href=\"https:\/\/www.nettavisen.no\/sport\/vilma-nissinen-skapte-skandaleoverskrifter-med-somalia-spok\/s\/5-95-2805849\" rel=\"Follow nofollow noopener\" target=\"_blank\">Skapte skandaleoverskrifter med Somalia-sp\u00f8k<\/a><\/p>\n<p>Landslagslegen sier n\u00e5 at det g\u00e5r bedre med Kr\u00fcger, men forklarer hva som skjedde.<\/p>\n<p>\u2013 N\u00e5 g\u00e5r det veldig fint, s\u00e5 det er ingen dramatikk i det. Han fikk antageligvis noen kramper, noe muskul\u00e6rt, men det har gitt seg. N\u00e5 er det kontroll, sier Feragen til Nettavisen.<\/p>\n<p><b>Les ogs\u00e5:<\/b> <a href=\"https:\/\/www.nettavisen.no\/sport\/bjorn-dahlie-med-bonn-til-norge-stjerner-skikkelig-kjedelig\/s\/5-95-2806060\" rel=\"Follow nofollow noopener\" target=\"_blank\">D\u00e6hlie med b\u00f8nn til norske ut\u00f8vere: \u2013 Skikkelig kjedelig<\/a><\/p>\n<p>Kr\u00fcger bekrefter ogs\u00e5 at han ikke har f\u00e5tt en skade, men f\u00f8ler likevel ingen glede etter \u00e5 ha fullf\u00f8rt Tour de ski.<\/p>\n<p>\u2013 Det var ikke dette jeg hadde sett for meg og h\u00e5pet p\u00e5, s\u00e5 det er kjedelig. Jeg hadde h\u00e5pet p\u00e5 en god opplevelse i dag og f\u00f8le at jeg var med igjen, men det har ikke v\u00e6rt sesongen jeg har sett for meg, sier langrennsut\u00f8veren.<\/p>\n<p>Koble av f\u00f8r NM<\/p>\n<p>N\u00e5 reiser Kr\u00fcger hjem til Norge f\u00f8r han skal delta i NM p\u00e5 ski i Steinkjer 14. januar.<\/p>\n<p>\u2013 Neste blir NM n\u00e5. Det er cirka ti dager dit, s\u00e5 n\u00e5 blir det hjem igjen og koble av litt for \u00e5 fokuset bort fra dette her, s\u00e5 satser jeg p\u00e5 at jeg er en litt bedre utgave meg selv i NM, sier han.<\/p>\n<p>\u2013 Har du f\u00e5tt et inntrykk av at OL-uttaket gj\u00f8res etter NM?<\/p>\n<p>\u2013 Det er i hvert fall det jeg har f\u00e5tt vite, at det i hvert fall skal v\u00e6re en plass igjen. Det er ikke ideelt for min del, men i all den tid alt ikke er bestemt, s\u00e5 skal jeg pr\u00f8ve s\u00e5 godt jeg kan, forsikrer Kr\u00fcger.<\/p>\n<p>OL-plassen i stor fare<\/p>\n<p>De fleste s\u00e5 p\u00e5 nordmannen som sv\u00e6rt OL-aktuell, men blant andre Viaplay-ekspert Niklas Dyrhaug uttalte nylig til Nettavisen at han mener OL-toget har g\u00e5tt for Kr\u00fcger.<\/p>\n<p><b>Les ogs\u00e5:<\/b> <a href=\"https:\/\/www.nettavisen.no\/sport\/kommer-med-nadelos-beskjed-om-simen-hegstad-kr-ger\/s\/5-95-2803096\" rel=\"Follow nofollow noopener\" target=\"_blank\">N\u00e5del\u00f8s beskjed<\/a><\/p>\n<p>\u2013 S\u00e5nn er toppidretten. Den er brutal. Kr\u00fcger har v\u00e6rt i den samme situasjonen, men p\u00e5 den andre siden mange ganger f\u00f8r. I \u00e5r g\u00e5r nok OL uten Kr\u00fcger, sier Dyrhaug til Nettavisen.<\/p>\n<p>En 10. plass p\u00e5 20 kilometer skiathlon i Trondheim er Kr\u00fcgers beste resultat i verdenscupen s\u00e5 langt denne sesongen.<\/p>\n","protected":false},"excerpt":{"rendered":"VAL DI FIEMME\/OSLO (Nettavisen): Johannes H\u00f8sflot Kl\u00e6bo (29) ble historisk med sin femte sammenlagtseier i Tour de ski,&hellip;\n","protected":false},"author":2,"featured_media":128519,"comment_status":"","ping_status":"","sticky":false,"template":"","format":"standard","meta":{"footnotes":""},"categories":[59],"tags":[30,28,29,83,82],"class_list":{"0":"post-128518","1":"post","2":"type-post","3":"status-publish","4":"format-standard","5":"has-post-thumbnail","7":"category-sport","8":"tag-no","9":"tag-norge","10":"tag-norway","11":"tag-sport","12":"tag-sports"},"share_on_mastodon":{"url":"https:\/\/pubeurope.com\/@no\/115836813471493903","error":""},"_links":{"self":[{"href":"https:\/\/www.europesays.com\/no\/wp-json\/wp\/v2\/posts\/128518","targetHints":{"allow":["GET"]}}],"collection":[{"href":"https:\/\/www.europesays.com\/no\/wp-json\/wp\/v2\/posts"}],"about":[{"href":"https:\/\/www.europesays.com\/no\/wp-json\/wp\/v2\/types\/post"}],"author":[{"embeddable":true,"href":"https:\/\/www.europesays.com\/no\/wp-json\/wp\/v2\/users\/2"}],"replies":[{"embeddable":true,"href":"https:\/\/www.europesays.com\/no\/wp-json\/wp\/v2\/comments?post=128518"}],"version-history":[{"count":0,"href":"https:\/\/www.europesays.com\/no\/wp-json\/wp\/v2\/posts\/128518\/revisions"}],"wp:featuredmedia":[{"embeddable":true,"href":"https:\/\/www.europesays.com\/no\/wp-json\/wp\/v2\/media\/128519"}],"wp:attachment":[{"href":"https:\/\/www.europesays.com\/no\/wp-json\/wp\/v2\/media?parent=128518"}],"wp:term":[{"taxonomy":"category","embeddable":true,"href":"https:\/\/www.europesays.com\/no\/wp-json\/wp\/v2\/categories?post=128518"},{"taxonomy":"post_tag","embeddable":true,"href":"https:\/\/www.europesays.com\/no\/wp-json\/wp\/v2\/tags?post=128518"}],"curies":[{"name":"wp","href":"https:\/\/api.w.org\/{rel}","templated":true}]}}