{"id":128520,"date":"2026-01-04T12:26:41","date_gmt":"2026-01-04T12:26:41","guid":{"rendered":"https:\/\/www.europesays.com\/no\/128520\/"},"modified":"2026-01-04T12:26:41","modified_gmt":"2026-01-04T12:26:41","slug":"bolig-og-eiendom-algard-over-100-ar-gammelt-hus-gikk-for-over-fire-millioner-se-hvem-som-kjopte-og-solgte-bolig-i-desember","status":"publish","type":"post","link":"https:\/\/www.europesays.com\/no\/128520\/","title":{"rendered":"Bolig og eiendom, \u00c5lg\u00e5rd | Over 100 \u00e5r gammelt hus gikk for over fire millioner \u2013 Se hvem som kj\u00f8pte og solgte bolig i desember"},"content":{"rendered":"<p>   <img decoding=\"async\" width=\"3264\" height=\"2327\" fetchpriority=\"high\"  loading=\"eager\"  src=\"https:\/\/www.europesays.com\/no\/wp-content\/uploads\/2026\/01\/BeFunky-collage+november+collage.png\" alt=\"\" class=\"brick-c-cFOWSL\" style=\"--brick-image-ratio: 3264 \/ 2327;\"\/><\/p>\n<p>      Disse fire er blant boligene som ble omsatt i desember.<br \/>\n      Foto: Kjell Erik Bj\u00f8rnsen\n    <\/p>\n<p data-content=\"lead-text\" class=\"lead-text story brick-c-eOZvhA\">\n<p>          I l\u00f8pet av desember var det over 13 boliger som fikk nye eiere. Her f\u00e5r du oversikten.\n      <\/p>\n<p>    Plussmerking. Denne artikkelen kan bare leses av abonenter<\/p>\n<p>  For abonnenter<\/p>\n<p>    ]]]]>]]><\/p>\n","protected":false},"excerpt":{"rendered":"Disse fire er blant boligene som ble omsatt i desember. Foto: Kjell Erik Bj\u00f8rnsen I l\u00f8pet av desember&hellip;\n","protected":false},"author":2,"featured_media":128521,"comment_status":"","ping_status":"","sticky":false,"template":"","format":"standard","meta":{"footnotes":""},"categories":[56],"tags":[60,61,62,30,28,29],"class_list":{"0":"post-128520","1":"post","2":"type-post","3":"status-publish","4":"format-standard","5":"has-post-thumbnail","7":"category-naeringsliv","8":"tag-business","9":"tag-economy","10":"tag-naeringsliv","11":"tag-no","12":"tag-norge","13":"tag-norway"},"share_on_mastodon":{"url":"https:\/\/pubeurope.com\/@no\/115836825386742768","error":""},"_links":{"self":[{"href":"https:\/\/www.europesays.com\/no\/wp-json\/wp\/v2\/posts\/128520","targetHints":{"allow":["GET"]}}],"collection":[{"href":"https:\/\/www.europesays.com\/no\/wp-json\/wp\/v2\/posts"}],"about":[{"href":"https:\/\/www.europesays.com\/no\/wp-json\/wp\/v2\/types\/post"}],"author":[{"embeddable":true,"href":"https:\/\/www.europesays.com\/no\/wp-json\/wp\/v2\/users\/2"}],"replies":[{"embeddable":true,"href":"https:\/\/www.europesays.com\/no\/wp-json\/wp\/v2\/comments?post=128520"}],"version-history":[{"count":0,"href":"https:\/\/www.europesays.com\/no\/wp-json\/wp\/v2\/posts\/128520\/revisions"}],"wp:featuredmedia":[{"embeddable":true,"href":"https:\/\/www.europesays.com\/no\/wp-json\/wp\/v2\/media\/128521"}],"wp:attachment":[{"href":"https:\/\/www.europesays.com\/no\/wp-json\/wp\/v2\/media?parent=128520"}],"wp:term":[{"taxonomy":"category","embeddable":true,"href":"https:\/\/www.europesays.com\/no\/wp-json\/wp\/v2\/categories?post=128520"},{"taxonomy":"post_tag","embeddable":true,"href":"https:\/\/www.europesays.com\/no\/wp-json\/wp\/v2\/tags?post=128520"}],"curies":[{"name":"wp","href":"https:\/\/api.w.org\/{rel}","templated":true}]}}