{"id":128538,"date":"2026-01-04T12:46:18","date_gmt":"2026-01-04T12:46:18","guid":{"rendered":"https:\/\/www.europesays.com\/no\/128538\/"},"modified":"2026-01-04T12:46:18","modified_gmt":"2026-01-04T12:46:18","slug":"trafikkuhell-bremanger-to-bilar-i-trafikkuhell-i-bremanger","status":"publish","type":"post","link":"https:\/\/www.europesays.com\/no\/128538\/","title":{"rendered":"Trafikkuhell, Bremanger | To bilar i trafikkuhell i Bremanger"},"content":{"rendered":"\n<p>Operasjonssentralen i Vest politidistrikt melder laurdag ettermiddag om eit trafikkuhell p\u00e5 rv. 616 Hornelsvegen i Bremanger.<\/p>\n<p>Meldinga kom inn til 110-sentralen klokka 15.53.<\/p>\n<p>Det er to bilar involvert, og fire personar. Dei to bilf\u00f8rarane er opplyst \u00e5 begge vere menn i 20-\u00e5ra.<\/p>\n<p>Politiet melder at det er ein fossilbil og ein elbil som har kollidert, og ingen av dei to bilane er k\u00f8yrbare etter kollisjonen. Bilbergar er difor rekvirert, men det er passasje p\u00e5 staden.<\/p>\n<p>Det skal ikkje vere meldt om skadar p\u00e5 dei fire involverte.<\/p>\n<p>Trafikkuhellet vert skildra som eit m\u00f8teuhell, som skal ha skjedd i l\u00e5gare hastigheit. per no er det difor ikkje sendt mannskap til staden fr\u00e5 nokon av naudsentralane.<\/p>\n","protected":false},"excerpt":{"rendered":"Operasjonssentralen i Vest politidistrikt melder laurdag ettermiddag om eit trafikkuhell p\u00e5 rv. 616 Hornelsvegen i Bremanger. Meldinga kom&hellip;\n","protected":false},"author":2,"featured_media":231,"comment_status":"","ping_status":"","sticky":false,"template":"","format":"standard","meta":{"footnotes":""},"categories":[5],"tags":[36,20,21,1585,24,25,15,19,22,23,17,18,13,30,28,29,14,16,1510,26,27,224,2889],"class_list":{"0":"post-128538","1":"post","2":"type-post","3":"status-publish","4":"format-standard","5":"has-post-thumbnail","7":"category-overskrifter","8":"tag-art","9":"tag-breaking-news","10":"tag-breakingnews","11":"tag-bremanger","12":"tag-featured-news","13":"tag-featurednews","14":"tag-headlines","15":"tag-hovedoppslag","16":"tag-latest-news","17":"tag-latestnews","18":"tag-main-news","19":"tag-mainnews","20":"tag-news","21":"tag-no","22":"tag-norge","23":"tag-norway","24":"tag-nyheter","25":"tag-overskrifter","26":"tag-story","27":"tag-top-stories","28":"tag-topstories","29":"tag-trafikk","30":"tag-trafikkuhell"},"share_on_mastodon":{"url":"https:\/\/pubeurope.com\/@no\/115836903930301460","error":""},"_links":{"self":[{"href":"https:\/\/www.europesays.com\/no\/wp-json\/wp\/v2\/posts\/128538","targetHints":{"allow":["GET"]}}],"collection":[{"href":"https:\/\/www.europesays.com\/no\/wp-json\/wp\/v2\/posts"}],"about":[{"href":"https:\/\/www.europesays.com\/no\/wp-json\/wp\/v2\/types\/post"}],"author":[{"embeddable":true,"href":"https:\/\/www.europesays.com\/no\/wp-json\/wp\/v2\/users\/2"}],"replies":[{"embeddable":true,"href":"https:\/\/www.europesays.com\/no\/wp-json\/wp\/v2\/comments?post=128538"}],"version-history":[{"count":0,"href":"https:\/\/www.europesays.com\/no\/wp-json\/wp\/v2\/posts\/128538\/revisions"}],"wp:featuredmedia":[{"embeddable":true,"href":"https:\/\/www.europesays.com\/no\/wp-json\/wp\/v2\/media\/231"}],"wp:attachment":[{"href":"https:\/\/www.europesays.com\/no\/wp-json\/wp\/v2\/media?parent=128538"}],"wp:term":[{"taxonomy":"category","embeddable":true,"href":"https:\/\/www.europesays.com\/no\/wp-json\/wp\/v2\/categories?post=128538"},{"taxonomy":"post_tag","embeddable":true,"href":"https:\/\/www.europesays.com\/no\/wp-json\/wp\/v2\/tags?post=128538"}],"curies":[{"name":"wp","href":"https:\/\/api.w.org\/{rel}","templated":true}]}}