{"id":128551,"date":"2026-01-04T13:20:29","date_gmt":"2026-01-04T13:20:29","guid":{"rendered":"https:\/\/www.europesays.com\/no\/128551\/"},"modified":"2026-01-04T13:20:29","modified_gmt":"2026-01-04T13:20:29","slug":"kenneth-sjavag-privatokonomi-undersokelse-unge-bekymret-for-egen-okonomi-og-psykisk-helse-2","status":"publish","type":"post","link":"https:\/\/www.europesays.com\/no\/128551\/","title":{"rendered":"Kenneth Sj\u00e5v\u00e5g, Privat\u00f8konomi | Unders\u00f8kelse: Unge bekymret for egen \u00f8konomi og psykisk helse"},"content":{"rendered":"<p> (<a href=\"https:\/\/www.nettavisen.no\" rel=\"nofollow noopener\" target=\"_blank\">Nettavisen<\/a>) <\/p>\n<p>Hvordan verden ser ut, avhenger voldsomt av hvor gammel du er.<\/p>\n<p>For mens de eldre surfer inn i det nye \u00e5ret nesten uten bekymringer, viser en ny unders\u00f8kelse fra Frende at de under 30 \u00e5r er sv\u00e6rt bekymret:<\/p>\n<p><b>Kun 85 prosent av den yngre generasjon svarer i unders\u00f8kelsen at de ikke bekymrer seg for noen av de. Den klart st\u00f8rste bekymringen er for sin egen privat\u00f8konomi.<\/b><\/p>\n<p>3 av 5 sier at de er bekymret for egen \u00f8konomi. Det er mer enn tre ganger s\u00e5 stor andel som for dem over 60 \u00e5r.<\/p>\n<p>Tidligere i \u00e5r kunne Nettavisen fortelle at den \u00f8kende arbeidsledigheten i stor grad tilskrives nettopp de unge.<\/p>\n<p>Les ogs\u00e5: <a class=\"simple-relation related-teaser article--c-eRUmMG article--c-eRUmMG-jKCPdD-design-default article--c-eRUmMG-iBPVJb-cv\" href=\"https:\/\/www.dt.no\/morke-skyer-truer-far-ikke-tilbud-om-jobb\/s\/5-95-2731432\" rel=\"nofollow noopener\" target=\"_blank\">M\u00f8rke skyer truer: F\u00e5r ikke tilbud om jobb<\/a><\/p>\n<p>Det er ikke bare privat\u00f8konomien som skaper bekymring hos de yngste: De bekymrer seg ogs\u00e5 for egen psykiske helse i stort omfang.<\/p>\n<p>For de over 60, handler bekymringene seg om den eneste ytre bekymringen i unders\u00f8kelsen.<\/p>\n<p>Forbruker\u00f8konom: Bekymrer seg over bekymring<\/p>\n<p>Tallene i unders\u00f8kelsen f\u00e5r alarmen til \u00e5 g\u00e5 hos forbruker\u00f8konom Kenneth Sj\u00e5v\u00e5g i Sparebanken Norge:<\/p>\n<p>\u2013 Det er spesielt urovekkende at s\u00e5 mange unge er bekymret for egen \u00f8konomi og psykiske helse. Det bekymrer meg som forbruker\u00f8konom, sier Sj\u00e5v\u00e5g i en pressemelding.<\/p>\n<p>\u2013 N\u00e5r vi ogs\u00e5 vet at psykisk helse i stor grad p\u00e5virkes av privat\u00f8konomien, er dette alarmerende. Mange i denne aldersgruppen har v\u00e6rt gjennom r\u00f8ffe tider i mange \u00e5r. F\u00f8rst pandemi med spesielle utfordringer for mennesker med psykiske plager, s\u00e5 dyrtid med renteoppganger p\u00e5 l\u00f8pende b\u00e5nd. Men, selv om det kan forklares, s\u00e5 er det ekstreme tall, sier forbruker\u00f8konomen.<\/p>\n<p>Han mener 2026 ligger an til \u00e5 kunne v\u00e6re mer optimistisk:<\/p>\n<p>\u2013 Et 2026 med utsikter om reall\u00f8nnsvekst for mange, en mer dempet prisstigning og en liten rentereduksjon kan forh\u00e5pentligvis virke som en god medisin for mange, sier Kenneth Sj\u00e5v\u00e5g.<\/p>\n<p>Les ogs\u00e5: <a class=\"simple-relation related-teaser article--c-eRUmMG article--c-eRUmMG-jKCPdD-design-default article--c-eRUmMG-iBPVJb-cv\" href=\"https:\/\/www.dt.no\/vi-blir-feitere-og-dummere-og-fem-andre-ting-vi-larte-i-2025\/o\/5-95-2801943\" rel=\"nofollow noopener\" target=\"_blank\">Vi blir feitere og dummere \u2013 og fem andre ting vi l\u00e6rte i 2025<\/a><\/p>\n","protected":false},"excerpt":{"rendered":"(Nettavisen) Hvordan verden ser ut, avhenger voldsomt av hvor gammel du er. For mens de eldre surfer inn&hellip;\n","protected":false},"author":2,"featured_media":128377,"comment_status":"","ping_status":"","sticky":false,"template":"","format":"standard","meta":{"footnotes":""},"categories":[10],"tags":[36,8452,20,21,24,25,8077,15005,15,15004,22,23,13,30,28,29,14,16,572,4616,6390,1510,26,27],"class_list":{"0":"post-128551","1":"post","2":"type-post","3":"status-publish","4":"format-standard","5":"has-post-thumbnail","7":"category-norge","8":"tag-art","9":"tag-bekymringer","10":"tag-breaking-news","11":"tag-breakingnews","12":"tag-featured-news","13":"tag-featurednews","14":"tag-frende-forsikring","15":"tag-generasjonskloft","16":"tag-headlines","17":"tag-kenneth-sjavag","18":"tag-latest-news","19":"tag-latestnews","20":"tag-news","21":"tag-no","22":"tag-norge","23":"tag-norway","24":"tag-nyheter","25":"tag-overskrifter","26":"tag-okonomi","27":"tag-privatokonomi","28":"tag-sparebanken-norge","29":"tag-story","30":"tag-top-stories","31":"tag-topstories"},"share_on_mastodon":{"url":"https:\/\/pubeurope.com\/@no\/115837037616113377","error":""},"_links":{"self":[{"href":"https:\/\/www.europesays.com\/no\/wp-json\/wp\/v2\/posts\/128551","targetHints":{"allow":["GET"]}}],"collection":[{"href":"https:\/\/www.europesays.com\/no\/wp-json\/wp\/v2\/posts"}],"about":[{"href":"https:\/\/www.europesays.com\/no\/wp-json\/wp\/v2\/types\/post"}],"author":[{"embeddable":true,"href":"https:\/\/www.europesays.com\/no\/wp-json\/wp\/v2\/users\/2"}],"replies":[{"embeddable":true,"href":"https:\/\/www.europesays.com\/no\/wp-json\/wp\/v2\/comments?post=128551"}],"version-history":[{"count":0,"href":"https:\/\/www.europesays.com\/no\/wp-json\/wp\/v2\/posts\/128551\/revisions"}],"wp:featuredmedia":[{"embeddable":true,"href":"https:\/\/www.europesays.com\/no\/wp-json\/wp\/v2\/media\/128377"}],"wp:attachment":[{"href":"https:\/\/www.europesays.com\/no\/wp-json\/wp\/v2\/media?parent=128551"}],"wp:term":[{"taxonomy":"category","embeddable":true,"href":"https:\/\/www.europesays.com\/no\/wp-json\/wp\/v2\/categories?post=128551"},{"taxonomy":"post_tag","embeddable":true,"href":"https:\/\/www.europesays.com\/no\/wp-json\/wp\/v2\/tags?post=128551"}],"curies":[{"name":"wp","href":"https:\/\/api.w.org\/{rel}","templated":true}]}}