{"id":128560,"date":"2026-01-04T13:37:37","date_gmt":"2026-01-04T13:37:37","guid":{"rendered":"https:\/\/www.europesays.com\/no\/128560\/"},"modified":"2026-01-04T13:37:37","modified_gmt":"2026-01-04T13:37:37","slug":"kristine-stavas-skistad-tour-de-ski-4","status":"publish","type":"post","link":"https:\/\/www.europesays.com\/no\/128560\/","title":{"rendered":"Kristine Stav\u00e5s Skistad, Tour de Ski"},"content":{"rendered":"<p> (<a href=\"https:\/\/www.nettavisen.no\" rel=\"nofollow noopener\" target=\"_blank\">Nettavisen<\/a>) <\/p>\n<p>   <img decoding=\"async\" width=\"1500\" height=\"440\" fetchpriority=\"low\"  loading=\"lazy\"  src=\"https:\/\/www.europesays.com\/no\/wp-content\/uploads\/2026\/01\/1767533857_558_tour+de+ski+byline+simen+l%C3%B8nning+sjur+tveito.jpg\" alt=\"\" class=\"brick-c-cFOWSL\" style=\"--brick-image-ratio: 1500 \/ 440;\"\/><\/p>\n<p>VAL DI FIEMME\/OSLO (Nettavisen): Kristine Stav\u00e5s Skistad (26) fortsetter ikke Tour de ski.<\/p>\n<p>Hun reiser hjem p\u00e5 grunn av sykdom, melder skiforbundet l\u00f8rdag morgen.<\/p>\n<p>\u2013 Hun fikk forkj\u00f8lelsessymptomer i g\u00e5r kveld, og m\u00e5 dessverre avbryte \u00e5rets Tour. Kristine er n\u00e5 p\u00e5 vei hjem, sier landslagslege Ove Feragen.<\/p>\n<p><b>Les ogs\u00e5: <a href=\"https:\/\/www.nettavisen.no\/sport\/mer-tour-de-ski-trobbel-for-kristine-stavas-skistad-fikk-gult-kort\/s\/5-95-2804915\" rel=\"Follow nofollow noopener\" target=\"_blank\">Skistad straffes<\/a><\/b><\/p>\n<p>F\u00e5r ikke testet OL-l\u00f8ypen<\/p>\n<p>L\u00f8rdag arrangeres det sprint i Val di Fiemme i Tour de ski, og Skistad var en av de store favorittene.<\/p>\n<p>I tillegg til \u00e5 kjempe om en ny verdenscupseier, g\u00e5r Skistad ogs\u00e5 glipp av nyttig erfaring i OL-l\u00f8ypene.<\/p>\n<p>L\u00f8ypene i Val di Fiemme har blitt endret til denne sesongen, og er de samme som skal brukes i OL om kun en dr\u00f8y m\u00e5ned.<\/p>\n<p>Skistad fikk riktignok inspisert og trent i l\u00f8ypene p\u00e5 trening fredag.<\/p>\n<p><b>Les ogs\u00e5: <a href=\"https:\/\/www.nettavisen.no\/sport\/ol-i-fare-for-mathilde-myhrvold-det-er-ikke-noe-goy\/s\/5-95-2800190\" rel=\"Follow nofollow noopener\" target=\"_blank\">OL i fare for norsk profil<\/a><\/b><\/p>\n<p>Flere har reist hjem<\/p>\n<p>N\u00e5r Skistad n\u00e5 reiser hjem blir hun en av flere nordmenn som har brutt vinterens Tour de ski.<\/p>\n<p>Tidligere har Astrid \u00d8yre Slind, Oskar Opstad Vike, Mathilde Myhrvold, Erik Valnes og Kristine Austgulen Fosn\u00e6s alle dratt hjem fra touren.<\/p>\n<p>Det gjenst\u00e5r kun to etapper av Tour de ski med sprint l\u00f8rdag, f\u00f8r touren avsluttes som vanlig med fellesstart opp monsterbakken s\u00f8ndag.<\/p>\n<p><b>Les ogs\u00e5: <a rel=\"Follow nofollow noopener\" href=\"https:\/\/www.nettavisen.no\/sport\/program-for-tour-de-ski-2025-2026\/s\/5-95-2798023\" target=\"_blank\">Program for Tour de ski 2025\/26<\/a><\/b><\/p>\n","protected":false},"excerpt":{"rendered":"(Nettavisen) VAL DI FIEMME\/OSLO (Nettavisen): Kristine Stav\u00e5s Skistad (26) fortsetter ikke Tour de ski. Hun reiser hjem p\u00e5&hellip;\n","protected":false},"author":2,"featured_media":127773,"comment_status":"","ping_status":"","sticky":false,"template":"","format":"standard","meta":{"footnotes":""},"categories":[59],"tags":[36,794,398,30,28,29,83,82,3640,1510,12662,399],"class_list":{"0":"post-128560","1":"post","2":"type-post","3":"status-publish","4":"format-standard","5":"has-post-thumbnail","7":"category-sport","8":"tag-art","9":"tag-kristine-stavas-skistad","10":"tag-langrenn","11":"tag-no","12":"tag-norge","13":"tag-norway","14":"tag-sport","15":"tag-sports","16":"tag-sportsvarsel","17":"tag-story","18":"tag-tour-de-ski","19":"tag-vintersport"},"share_on_mastodon":{"url":"https:\/\/pubeurope.com\/@no\/115837104494152084","error":""},"_links":{"self":[{"href":"https:\/\/www.europesays.com\/no\/wp-json\/wp\/v2\/posts\/128560","targetHints":{"allow":["GET"]}}],"collection":[{"href":"https:\/\/www.europesays.com\/no\/wp-json\/wp\/v2\/posts"}],"about":[{"href":"https:\/\/www.europesays.com\/no\/wp-json\/wp\/v2\/types\/post"}],"author":[{"embeddable":true,"href":"https:\/\/www.europesays.com\/no\/wp-json\/wp\/v2\/users\/2"}],"replies":[{"embeddable":true,"href":"https:\/\/www.europesays.com\/no\/wp-json\/wp\/v2\/comments?post=128560"}],"version-history":[{"count":0,"href":"https:\/\/www.europesays.com\/no\/wp-json\/wp\/v2\/posts\/128560\/revisions"}],"wp:featuredmedia":[{"embeddable":true,"href":"https:\/\/www.europesays.com\/no\/wp-json\/wp\/v2\/media\/127773"}],"wp:attachment":[{"href":"https:\/\/www.europesays.com\/no\/wp-json\/wp\/v2\/media?parent=128560"}],"wp:term":[{"taxonomy":"category","embeddable":true,"href":"https:\/\/www.europesays.com\/no\/wp-json\/wp\/v2\/categories?post=128560"},{"taxonomy":"post_tag","embeddable":true,"href":"https:\/\/www.europesays.com\/no\/wp-json\/wp\/v2\/tags?post=128560"}],"curies":[{"name":"wp","href":"https:\/\/api.w.org\/{rel}","templated":true}]}}