{"id":128566,"date":"2026-01-04T13:50:07","date_gmt":"2026-01-04T13:50:07","guid":{"rendered":"https:\/\/www.europesays.com\/no\/128566\/"},"modified":"2026-01-04T13:50:07","modified_gmt":"2026-01-04T13:50:07","slug":"lokale-nyheter-indre-ostfold-luftambulansen-landet-i-boligomrade-i-askim","status":"publish","type":"post","link":"https:\/\/www.europesays.com\/no\/128566\/","title":{"rendered":"Lokale nyheter, Indre \u00d8stfold | Luftambulansen landet i boligomr\u00e5de i Askim"},"content":{"rendered":"\n<p>S\u00f8ndag ettermiddag landet luftambulansen midt i et boligomr\u00e5de p\u00e5 Ihlen i Askim. <\/p>\n<p>Klokka 13:15 opplyser Ole-Martin Isebakke, vaktleder \u00d8st 110-sentralen, at b\u00e5de brannvesenet, luftambulansen og legevaktbiler er p\u00e5 plass mens han snakker med Smaalenenes Avis. <\/p>\n<p>\u2013 Dette er et rent helseoppdrag, sier han. <\/p>\n<p>\u2013 Hva er brannvesenets oppdrag her? <\/p>\n<p>\u2013 Vi bist\u00e5r med helikopterets landing og avtaking. Vi sikrer landingsplassen, og ambulansen gj\u00f8r sine helseting og jobber med pasienten. <\/p>\n<p>Luftambulansen tok av klokka 13:50. <\/p>\n","protected":false},"excerpt":{"rendered":"S\u00f8ndag ettermiddag landet luftambulansen midt i et boligomr\u00e5de p\u00e5 Ihlen i Askim. Klokka 13:15 opplyser Ole-Martin Isebakke, vaktleder&hellip;\n","protected":false},"author":2,"featured_media":128567,"comment_status":"","ping_status":"","sticky":false,"template":"","format":"standard","meta":{"footnotes":""},"categories":[10],"tags":[36,1591,20,21,24,25,15,4625,22,23,2247,11048,13,30,28,29,14,16,1510,26,27],"class_list":{"0":"post-128566","1":"post","2":"type-post","3":"status-publish","4":"format-standard","5":"has-post-thumbnail","7":"category-norge","8":"tag-art","9":"tag-askim","10":"tag-breaking-news","11":"tag-breakingnews","12":"tag-featured-news","13":"tag-featurednews","14":"tag-headlines","15":"tag-indre-ostfold","16":"tag-latest-news","17":"tag-latestnews","18":"tag-lokale-nyheter","19":"tag-luftambulanse","20":"tag-news","21":"tag-no","22":"tag-norge","23":"tag-norway","24":"tag-nyheter","25":"tag-overskrifter","26":"tag-story","27":"tag-top-stories","28":"tag-topstories"},"share_on_mastodon":{"url":"https:\/\/pubeurope.com\/@no\/115837155563101038","error":""},"_links":{"self":[{"href":"https:\/\/www.europesays.com\/no\/wp-json\/wp\/v2\/posts\/128566","targetHints":{"allow":["GET"]}}],"collection":[{"href":"https:\/\/www.europesays.com\/no\/wp-json\/wp\/v2\/posts"}],"about":[{"href":"https:\/\/www.europesays.com\/no\/wp-json\/wp\/v2\/types\/post"}],"author":[{"embeddable":true,"href":"https:\/\/www.europesays.com\/no\/wp-json\/wp\/v2\/users\/2"}],"replies":[{"embeddable":true,"href":"https:\/\/www.europesays.com\/no\/wp-json\/wp\/v2\/comments?post=128566"}],"version-history":[{"count":0,"href":"https:\/\/www.europesays.com\/no\/wp-json\/wp\/v2\/posts\/128566\/revisions"}],"wp:featuredmedia":[{"embeddable":true,"href":"https:\/\/www.europesays.com\/no\/wp-json\/wp\/v2\/media\/128567"}],"wp:attachment":[{"href":"https:\/\/www.europesays.com\/no\/wp-json\/wp\/v2\/media?parent=128566"}],"wp:term":[{"taxonomy":"category","embeddable":true,"href":"https:\/\/www.europesays.com\/no\/wp-json\/wp\/v2\/categories?post=128566"},{"taxonomy":"post_tag","embeddable":true,"href":"https:\/\/www.europesays.com\/no\/wp-json\/wp\/v2\/tags?post=128566"}],"curies":[{"name":"wp","href":"https:\/\/api.w.org\/{rel}","templated":true}]}}