{"id":128568,"date":"2026-01-04T13:57:13","date_gmt":"2026-01-04T13:57:13","guid":{"rendered":"https:\/\/www.europesays.com\/no\/128568\/"},"modified":"2026-01-04T13:57:13","modified_gmt":"2026-01-04T13:57:13","slug":"e-type-avslorer-hemmelig-fest-pa-slottet-med-kronprinsesse-victoria","status":"publish","type":"post","link":"https:\/\/www.europesays.com\/no\/128568\/","title":{"rendered":"E-Type avsl\u00f8rer hemmelig fest p\u00e5 slottet med kronprinsesse Victoria"},"content":{"rendered":"<p class=\"kicker \" style=\"\">Ryktene svirrer:<\/p>\n<p>  Spekulasjoner rundt \u00ablissetrikset\u00bb til hoppukeleder Domen Prevc: &#8211; Hvis han gj\u00f8r det, er han mer g\u00e6ren enn meg, sier Halvor Egner Granerud.<\/p>\n<p>\n    SUVEREN: Domen Prevc svever over Innsbruck i \u00d8sterrike. Men hvilke triks bruker lederen av Hoppuka? Ryktene sprer seg. Foto: NTB\n  <\/p>\n<p>INNSBRUCK (Dagbladet): Domen Prevc (26) leder Hoppuka suverent. S\u00f8ndag er det renn nummer tre i Innsbruck.<\/p>\n<p>Sloveneren feilet i kvalifiseringen i g\u00e5r og ble bare nummer 30. Jan H\u00f6rl fra \u00d8sterrike vant, mens Kristoffer Eriksen Sundal ble nummer ni.<\/p>\n<p>    <a itemprop=\"url\" href=\"https:\/\/www.dagbladet.no\/sport\/ferdig\/84051143\" rel=\"nofollow noopener\" target=\"_blank\"><\/p>\n<p>        <img loading=\"lazy\" decoding=\"async\" src=\"https:\/\/www.europesays.com\/no\/wp-content\/uploads\/2026\/01\/1767535031_974_84051640.webp.webp\" width=\"147\" height=\"98\" title=\"Ferdig\" alt=\"\" class=\"lazyload\" style=\"--aspect-ratio-image: 1.50; \"\/><\/p>\n<p>        Ferdig<\/p>\n<p>    <\/a><\/p>\n<p>De siste dagene har ryktene svirret rundt hoppskoene til Prevc. Den tyske storavisa<a href=\"https:\/\/www.bild.de\/sport\/mehr-sport\/vierschanzentournee-domen-prevc-dominiert-mit-schuh-trick-69511bf5f6fc544dba9b5826\" rel=\"nofollow noopener\" target=\"_blank\"> Bild<\/a> hevder at han ikke knyter skolissene og hopper med \u00e5pne sko.<\/p>\n<p>&#8211; Vi sjekker ikke hvor mye skolissene er knyttet, sier utstyrskontroll\u00f8r Mathias Hafele.<\/p>\n<p>        <img loading=\"lazy\" decoding=\"async\" src=\"https:\/\/www.europesays.com\/no\/wp-content\/uploads\/2026\/01\/84052534.webp.webp\" width=\"667\" height=\"481\" title=\"SNAKKIS: Domen Prevc venter p\u00e5 sin tur i Bergiselbakken i Innsbruck. Skjuler ha noe mellom skoene og hoppdressen? Foto: NTB\" alt=\"\" class=\"\" style=\"--aspect-ratio-image: 1.39; \"\/><\/p>\n<p>\n        SNAKKIS: Domen Prevc venter p\u00e5 sin tur i Bergiselbakken i Innsbruck. Skjuler ha noe mellom skoene og hoppdressen? Foto: NTB\n    <\/p>\n<p>Til Dagbladet forklarer NRKs hoppekspert, Johan Remen Evensen, hva Prevc vil ha \u00e5 tjene hvis han ikke knyter skoene:<\/p>\n<p>&#8211; Fordelen er at du i en kontroll, og i et skrittm\u00e5l, kan stille deg opp p\u00e5 t\u00e5. Du drar opp h\u00e6len flere centimeter i skoen, noe som gj\u00f8r at du st\u00e5r h\u00f8yere, forteller Remen Evensen.<\/p>\n<p>&#8211; Du kan fort f\u00e5 fem-seks centimeter h\u00f8yere skrittm\u00e5l med den metoden. Det h\u00f8res ikke utenkelig ut. Jeg har ikke lagt merke til det, men det er et gammelt triks i boka hvis du er dyktig. Jeg skal v\u00e6re \u00e6rlig: Det er ingen som har lavere dress i skrittet enn det Prevc har. Det er mye stoff igjen etter rompa.<\/p>\n<p>        <img loading=\"lazy\" decoding=\"async\" src=\"https:\/\/www.europesays.com\/no\/wp-content\/uploads\/2026\/01\/84052536.webp.webp\" width=\"667\" height=\"421\" title=\"JAGES AV FELTET: Domen Prevc g\u00e5r for sin tredje seier i Hoppuka i dag. Foto: NTB\" alt=\"\" class=\"\" style=\"--aspect-ratio-image: 1.58; \"\/><\/p>\n<p>\n        JAGES AV FELTET: Domen Prevc g\u00e5r for sin tredje seier i Hoppuka i dag. Foto: NTB\n    <\/p>\n<p>Kort fortalt: Lavere dress i skrittet betyr at du har mer flate \u00e5 fly p\u00e5. N\u00e5r Dagbladet konfronterer nordmennene med ryktene, er de ikke ukjente med dem.<\/p>\n<p>&#8211; Jeg har ikke sett det selv, s\u00e5 jeg kan ikke uttale meg om han gj\u00f8r det eller ikke, sier Halvor Egner Granerud.<\/p>\n<p>&#8211; Men jeg har h\u00f8rt praten. Det er nok ikke noe jeg med barn hjemme skal begynne med.<\/p>\n<p>    <a itemprop=\"url\" href=\"https:\/\/www.dagbladet.no\/sport\/lurer-i-kulissene\/84052457\" rel=\"nofollow noopener\" target=\"_blank\"><\/p>\n<p>        <img loading=\"lazy\" decoding=\"async\" src=\"https:\/\/www.europesays.com\/no\/wp-content\/uploads\/2026\/01\/84052469.webp.webp\" width=\"147\" height=\"98\" title=\"Lurer i kulissene\" alt=\"\" class=\"lazyload\" style=\"--aspect-ratio-image: 1.50; \"\/><\/p>\n<p>        Lurer i kulissene<\/p>\n<p>    <\/a><\/p>\n<p class=\"italic m-italic\" data-lab-italic=\"italic\">&#8211; Hva kan han vinne p\u00e5 det?<\/p>\n<p>&#8211; Jeg vet da s\u00f8ren. Jeg synes det h\u00f8res helt sykt ut. Hvis han gj\u00f8r det, er han mer g\u00e6ren enn meg. Og det tror jeg at han er.<\/p>\n<p>Johann Andr\u00e9 Forfang sier:<\/p>\n<p>&#8211; Jeg har h\u00f8rt at det har v\u00e6rt snakket om dette.<\/p>\n<p>        <img loading=\"lazy\" decoding=\"async\" src=\"https:\/\/www.europesays.com\/no\/wp-content\/uploads\/2026\/01\/84052538.webp.webp\" width=\"667\" height=\"434\" title=\"STILSIKKER: Domen Prevc har hoppet i en egen klasse denne sesongen. Foto: NTB\" alt=\"\" class=\"\" style=\"--aspect-ratio-image: 1.54; \"\/><\/p>\n<p>\n        STILSIKKER: Domen Prevc har hoppet i en egen klasse denne sesongen. Foto: NTB\n    <\/p>\n<p>Hoppere med suksess letter sjelden p\u00e5 sl\u00f8ret om hva de driver p\u00e5 med. Kort holdes tett til brystet. N\u00e5r Dagbladet konfronterer Prevc med ryktene, er han avvisende.<\/p>\n<p>&#8211; Pr\u00f8v \u00e5 hoppe med \u00e5pne skolisser selv, s\u00e5 f\u00e5r vi se hvordan det g\u00e5r, svarer han.<\/p>\n<p class=\"italic m-italic\" data-lab-italic=\"italic\">&#8211; S\u00e5 spekulasjonene stemmer ikke?<\/p>\n<p>&#8211; Nei, hvorfor skulle de gj\u00f8re det? Jeg knyter ikke skoene s\u00e5 mye. Men du m\u00e5 knyte skoene for \u00e5 holde f\u00f8ttene innenfor.<\/p>\n<p>        <img loading=\"lazy\" decoding=\"async\" src=\"https:\/\/www.europesays.com\/no\/wp-content\/uploads\/2026\/01\/84052542.webp.webp\" width=\"667\" height=\"454\" title=\"RIVALER: Stefan Kraft (t.h.) forteller at Domen Prevc (t.v.) er en luring. Foto: NTB\" alt=\"\" class=\"\" style=\"--aspect-ratio-image: 1.47; \"\/><\/p>\n<p>\n        RIVALER: Stefan Kraft (t.h.) forteller at Domen Prevc (t.v.) er en luring. Foto: NTB\n    <\/p>\n<p>Den \u00f8sterrikske veteranen Stefan Kraft avsl\u00f8rer at Prevc har v\u00e6rt kreativ i alle \u00e5r.<\/p>\n<p>&#8211; Domen har gjort forskjellige ting. Jeg kan huske da han hoppet uten sokker. I det neste hoppet hadde han p\u00e5 seg sokker. S\u00e5 hoppet han med \u00e9n sokk.<\/p>\n<p class=\"italic m-italic\" data-lab-italic=\"italic\">&#8211; Bruker du mye tid p\u00e5 \u00e5 studere ham?<\/p>\n<p>&#8211; Jeg har s\u00e5 mange problemer selv at jeg fokuserer p\u00e5 meg selv, svarer Kraft.<\/p>\n<p>    <a itemprop=\"url\" href=\"https:\/\/www.dagbladet.no\/sport\/moskva-vil-bli-rasende\/84050385\" rel=\"nofollow noopener\" target=\"_blank\"><\/p>\n<p>        <img loading=\"lazy\" decoding=\"async\" src=\"https:\/\/www.europesays.com\/no\/wp-content\/uploads\/2026\/01\/1767535033_57_84050392.webp.webp\" width=\"147\" height=\"98\" title=\"- Moskva vil bli rasende\" alt=\"\" class=\"lazyload\" style=\"--aspect-ratio-image: 1.50; \"\/><\/p>\n<p>        &#8211; Moskva vil bli rasende<\/p>\n<p>    <\/a><\/p>\n<p>Anze Lanisek er lagkamerat med Prevc p\u00e5 det slovenske laget.<\/p>\n<p>&#8211; Det er farlig \u00e5 hoppe uten skolisser. Jeg tror ikke Domen er gal nok til det, sier Lanisek, og peker p\u00e5 historien til \u00f8sterrikeren Lukas M\u00fcller. I 2016 ble han lam etter et fall i Kulm. I intervjuer har han fortalt at skoen rev seg l\u00f8s fra hoppdressen, noe som fikk katastrofale f\u00f8lger.<\/p>\n<p>        Arne Scheie reagerer p\u00e5 dette fallet. Video: Nyl\u00f8kken Helseth\/S\u00f8r\u00f8 Olsen\/Dagbladet TV-sporten<\/p>\n<p>Rennstart i Innsbruck er klokka 13.30 fordi det ikke er flomlys i bakken.<\/p>\n<p>I sammendraget har Domen Prevc 619,8 poeng. Jan H\u00f6rl f\u00f8lger med 584,8 poeng. Stephan Embacher er p\u00e5 tredjeplass med 578,3 poeng.\u00a0<\/p>\n<p>Kristoffer Eriksen Sundal er beste nordmann p\u00e5 12. plass. Han har 536,3 poeng.<\/p>\n","protected":false},"excerpt":{"rendered":"Ryktene svirrer: Spekulasjoner rundt \u00ablissetrikset\u00bb til hoppukeleder Domen Prevc: &#8211; Hvis han gj\u00f8r det, er han mer g\u00e6ren&hellip;\n","protected":false},"author":2,"featured_media":128569,"comment_status":"","ping_status":"","sticky":false,"template":"","format":"standard","meta":{"footnotes":""},"categories":[10],"tags":[20,21,8360,15008,24,25,15,479,7424,5037,22,23,15007,13,30,28,29,14,16,26,27],"class_list":{"0":"post-128568","1":"post","2":"type-post","3":"status-publish","4":"format-standard","5":"has-post-thumbnail","7":"category-norge","8":"tag-breaking-news","9":"tag-breakingnews","10":"tag-dronning-silvia","11":"tag-e-type","12":"tag-featured-news","13":"tag-featurednews","14":"tag-headlines","15":"tag-kjendis","16":"tag-kong-carl-gustaf","17":"tag-kronprinsesse-victoria","18":"tag-latest-news","19":"tag-latestnews","20":"tag-martin-eriksson","21":"tag-news","22":"tag-no","23":"tag-norge","24":"tag-norway","25":"tag-nyheter","26":"tag-overskrifter","27":"tag-top-stories","28":"tag-topstories"},"share_on_mastodon":{"url":"https:\/\/pubeurope.com\/@no\/115837183154891332","error":""},"_links":{"self":[{"href":"https:\/\/www.europesays.com\/no\/wp-json\/wp\/v2\/posts\/128568","targetHints":{"allow":["GET"]}}],"collection":[{"href":"https:\/\/www.europesays.com\/no\/wp-json\/wp\/v2\/posts"}],"about":[{"href":"https:\/\/www.europesays.com\/no\/wp-json\/wp\/v2\/types\/post"}],"author":[{"embeddable":true,"href":"https:\/\/www.europesays.com\/no\/wp-json\/wp\/v2\/users\/2"}],"replies":[{"embeddable":true,"href":"https:\/\/www.europesays.com\/no\/wp-json\/wp\/v2\/comments?post=128568"}],"version-history":[{"count":0,"href":"https:\/\/www.europesays.com\/no\/wp-json\/wp\/v2\/posts\/128568\/revisions"}],"wp:featuredmedia":[{"embeddable":true,"href":"https:\/\/www.europesays.com\/no\/wp-json\/wp\/v2\/media\/128569"}],"wp:attachment":[{"href":"https:\/\/www.europesays.com\/no\/wp-json\/wp\/v2\/media?parent=128568"}],"wp:term":[{"taxonomy":"category","embeddable":true,"href":"https:\/\/www.europesays.com\/no\/wp-json\/wp\/v2\/categories?post=128568"},{"taxonomy":"post_tag","embeddable":true,"href":"https:\/\/www.europesays.com\/no\/wp-json\/wp\/v2\/tags?post=128568"}],"curies":[{"name":"wp","href":"https:\/\/api.w.org\/{rel}","templated":true}]}}