{"id":128585,"date":"2026-01-04T14:23:07","date_gmt":"2026-01-04T14:23:07","guid":{"rendered":"https:\/\/www.europesays.com\/no\/128585\/"},"modified":"2026-01-04T14:23:07","modified_gmt":"2026-01-04T14:23:07","slug":"apple-sier-farvel-til-25-produkter-na-er-det-helt-slutt-pa-hjemknappen","status":"publish","type":"post","link":"https:\/\/www.europesays.com\/no\/128585\/","title":{"rendered":"Apple sier farvel til 25 produkter \u2013 n\u00e5 er det helt slutt p\u00e5 hjemknappen"},"content":{"rendered":"<p>Et kjent design forsvinner n\u00e5r Apple rydder kraftig opp i sortimentet sitt. Flere produkter tas ut av salg \u2013 og \u00e9n avgj\u00f8relse markerer slutten p\u00e5 en \u00e6ra mange har hatt et sterkt forhold til.<\/p>\n<p>\t\t\tAkkurat n\u00e5 leser andre<\/p>\n<p>\t\t\t\t\t<a :href=\"https:\/\/www.dagens.no\/forbruker\/post.link\"><br \/>\n\t\t\t\t\t\t<img class=\"my-0 aspect-square h-full max-h-16 w-auto rounded object-cover hidden sm:block\" :src=\"https:\/\/www.dagens.no\/forbruker\/post.featured_media_url\" alt=\"\"\/><br \/>\n\t\t\t\t\t<\/a><\/p>\n<p>\t\t\t\t\t\t<a class=\"text-body-text group-hover:text-body-accent font-normal\" :href=\"https:\/\/www.dagens.no\/forbruker\/post.link\" x-html=\"post.title\"\/><\/p>\n<p>Et ikonisk kapittel i Apples historie er over. I l\u00f8pet av 2025 har teknologigiganten ryddet kraftig opp i sortimentet sitt \u2013 og mange brukere vil merke endringen.<\/p>\n<p>Hele 25 produkter er tatt ut av salg. Men \u00e9n avgj\u00f8relse skiller seg spesielt ut.<\/p>\n<p>Den siste iPhonen med hjemknapp er borte<\/p>\n<p>iPhone SE i tredje generasjon er n\u00e5 faset ut. <\/p>\n<p>Dermed forsvinner den siste iPhonen med den klassiske hjemknappen \u2013 en funksjon mange har holdt fast ved i \u00e5revis.<\/p>\n<p>If\u00f8lge Chip markerer dette et endelig brudd med et design som har fulgt iPhone siden starten. <\/p>\n<p>\t\t\tLes ogs\u00e5<\/p>\n<p>\t\t\t\t\t<a :href=\"https:\/\/www.dagens.no\/forbruker\/post.link\"><br \/>\n\t\t\t\t\t\t<img class=\"my-0 aspect-square h-full max-h-16 w-auto rounded object-cover hidden sm:block\" :src=\"https:\/\/www.dagens.no\/forbruker\/post.featured_media_url\" alt=\"\"\/><br \/>\n\t\t\t\t\t<\/a><\/p>\n<p>\t\t\t\t\t\t<a class=\"text-body-text group-hover:text-body-accent font-normal\" :href=\"https:\/\/www.dagens.no\/forbruker\/post.link\" x-html=\"post.title\"\/><\/p>\n<p>For mange var hjemknappen og Touch ID selve symbolet p\u00e5 enkel og fysisk betjening, i motsetning til ansiktsgjenkjenning.<\/p>\n<p>iPhone SE var ogs\u00e5 en av de siste modellene med LCD-skjerm, mindre format under seks tommer og Lightning-kontakt.<\/p>\n<p>\u00c9n tydelig retning fremover<\/p>\n<p>Fremover satser Apple n\u00e5 fullt p\u00e5 Face ID, OLED-skjermer og USB-C. <\/p>\n<p>Endringene henger ogs\u00e5 sammen med nye EU-regler, som presser selskapet mot f\u00e6rre kontakttyper og mer ensartet maskinvare.<\/p>\n<p>Eksperter mener dette sender et klart signal: Apple prioriterer moderne plattformer og lengre oppdateringsl\u00f8p \u2013 fremfor \u00e5 holde liv i eldre l\u00f8sninger.<\/p>\n<p>\t\t\tLes ogs\u00e5<\/p>\n<p>\t\t\t\t\t<a :href=\"https:\/\/www.dagens.no\/forbruker\/post.link\"><br \/>\n\t\t\t\t\t\t<img class=\"my-0 aspect-square h-full max-h-16 w-auto rounded object-cover hidden sm:block\" :src=\"https:\/\/www.dagens.no\/forbruker\/post.featured_media_url\" alt=\"\"\/><br \/>\n\t\t\t\t\t<\/a><\/p>\n<p>\t\t\t\t\t\t<a class=\"text-body-text group-hover:text-body-accent font-normal\" :href=\"https:\/\/www.dagens.no\/forbruker\/post.link\" x-html=\"post.title\"\/><\/p>\n<p>Flere produkter forsvinner<\/p>\n<p>iPhone SE er langt fra alene. Flere eldre iPhone-modeller har ogs\u00e5 blitt tatt ut av sortimentet i l\u00f8pet av \u00e5ret. <\/p>\n<p>Samtidig peker ryktene i bransjen mot tynnere design og nye toppmodeller i premiumklassen.<\/p>\n<p>Den samme utviklingen sees p\u00e5 iPad, Apple Watch og Mac, der eldre generasjoner gradvis er erstattet av nyere modeller med oppdaterte brikker.<\/p>\n<p>Ogs\u00e5 tilbeh\u00f8ret ryker<\/p>\n<p>Oppryddingen stopper ikke der. AirPods Pro 2 er erstattet av en ny generasjon, f\u00f8rste utgave av Vision Pro har f\u00e5tt en etterf\u00f8lger \u2013 og flere ladere og kabler er fjernet.<\/p>\n<p>Blant dem: Den velkjente adapteren fra Lightning til 3,5 mm.<\/p>\n<p>\t\t\tLes ogs\u00e5<\/p>\n<p>\t\t\t\t\t<a :href=\"https:\/\/www.dagens.no\/forbruker\/post.link\"><br \/>\n\t\t\t\t\t\t<img class=\"my-0 aspect-square h-full max-h-16 w-auto rounded object-cover hidden sm:block\" :src=\"https:\/\/www.dagens.no\/forbruker\/post.featured_media_url\" alt=\"\"\/><br \/>\n\t\t\t\t\t<\/a><\/p>\n<p>\t\t\t\t\t\t<a class=\"text-body-text group-hover:text-body-accent font-normal\" :href=\"https:\/\/www.dagens.no\/forbruker\/post.link\" x-html=\"post.title\"\/><\/p>\n<p>For mange Apple-brukere betyr dette slutten p\u00e5 noe kjent \u2013 og starten p\u00e5 en mer str\u00f8mlinjeformet, men ogs\u00e5 mer l\u00e5st, Apple-hverdag.<\/p>\n","protected":false},"excerpt":{"rendered":"Et kjent design forsvinner n\u00e5r Apple rydder kraftig opp i sortimentet sitt. Flere produkter tas ut av salg&hellip;\n","protected":false},"author":2,"featured_media":128586,"comment_status":"","ping_status":"","sticky":false,"template":"","format":"standard","meta":{"footnotes":""},"categories":[57],"tags":[30,28,29,65,63,64,66,70,69,67,68],"class_list":{"0":"post-128585","1":"post","2":"type-post","3":"status-publish","4":"format-standard","5":"has-post-thumbnail","7":"category-vitenskap-og-teknologi","8":"tag-no","9":"tag-norge","10":"tag-norway","11":"tag-science","12":"tag-science-and-technology","13":"tag-scienceandtechnology","14":"tag-technology","15":"tag-teknologi","16":"tag-vitenskap","17":"tag-vitenskap-og-teknologi","18":"tag-vitenskapteknologi"},"share_on_mastodon":{"url":"https:\/\/pubeurope.com\/@no\/115837285329585685","error":""},"_links":{"self":[{"href":"https:\/\/www.europesays.com\/no\/wp-json\/wp\/v2\/posts\/128585","targetHints":{"allow":["GET"]}}],"collection":[{"href":"https:\/\/www.europesays.com\/no\/wp-json\/wp\/v2\/posts"}],"about":[{"href":"https:\/\/www.europesays.com\/no\/wp-json\/wp\/v2\/types\/post"}],"author":[{"embeddable":true,"href":"https:\/\/www.europesays.com\/no\/wp-json\/wp\/v2\/users\/2"}],"replies":[{"embeddable":true,"href":"https:\/\/www.europesays.com\/no\/wp-json\/wp\/v2\/comments?post=128585"}],"version-history":[{"count":0,"href":"https:\/\/www.europesays.com\/no\/wp-json\/wp\/v2\/posts\/128585\/revisions"}],"wp:featuredmedia":[{"embeddable":true,"href":"https:\/\/www.europesays.com\/no\/wp-json\/wp\/v2\/media\/128586"}],"wp:attachment":[{"href":"https:\/\/www.europesays.com\/no\/wp-json\/wp\/v2\/media?parent=128585"}],"wp:term":[{"taxonomy":"category","embeddable":true,"href":"https:\/\/www.europesays.com\/no\/wp-json\/wp\/v2\/categories?post=128585"},{"taxonomy":"post_tag","embeddable":true,"href":"https:\/\/www.europesays.com\/no\/wp-json\/wp\/v2\/tags?post=128585"}],"curies":[{"name":"wp","href":"https:\/\/api.w.org\/{rel}","templated":true}]}}