{"id":128609,"date":"2026-01-04T15:26:06","date_gmt":"2026-01-04T15:26:06","guid":{"rendered":"https:\/\/www.europesays.com\/no\/128609\/"},"modified":"2026-01-04T15:26:06","modified_gmt":"2026-01-04T15:26:06","slug":"roykutvikling-i-enebolig-beboer-har-inhalert-royk-adressa-no","status":"publish","type":"post","link":"https:\/\/www.europesays.com\/no\/128609\/","title":{"rendered":"R\u00f8ykutvikling i enebolig &#8211; beboer har inhalert r\u00f8yk &#8211; adressa.no"},"content":{"rendered":"<ol>\n<li><a href=\"https:\/\/news.google.com\/rss\/articles\/CBMifEFVX3lxTE9NaHZOd0s2RjhCMHlmZGFaWmVRREVJcjJ3dS02RU03cUQ2QXZudGl6eTdjcUItZnF4UU1TbGhvbTZ6ZG5USVotTnVJeW9LY0lNaVJXaUJwQmNGUmRwTjZkU0lxSzRCZ1pYUDRNSVFRUnE4MTgxV1Y0bjFCV3o?oc=5\" target=\"_blank\" rel=\"nofollow noopener\">R\u00f8ykutvikling i enebolig &#8211; beboer har inhalert r\u00f8yk<\/a>&nbsp;&nbsp;adressa.no<\/li>\n<li><a href=\"https:\/\/news.google.com\/rss\/articles\/CBMieEFVX3lxTFA1VFJYQUdiTXlQWG01SjlkWUZ1eXBiQ1R5WWg0WUpWWDRoeFA4d2trSF8yeHJKTkZDTEtSdEV0WWxCNGlqcEtTdmp6Z0hfMEZhYzJub3U0SGs4RVR1NlJZWEQtSk9jQUkxQVZ0UXlvSW1OcUJZT2lDbw?oc=5\" target=\"_blank\" rel=\"nofollow noopener\">(+) Melding om brann i enebolig<\/a>&nbsp;&nbsp;innherred.no<\/li>\n<li><a href=\"https:\/\/news.google.com\/rss\/articles\/CBMiggFBVV95cUxPR0RGNm11NFRhLTRFbFhTZ0pDQ0dSYjBJVnJyTERWcE84OXNSOUZfRFZnQkpRb012bk90QXVzamh2NGZkR05fbWtRTEc0TGtnUkxoWThlaWxRNDFkR20zRzRTOXpZN3R4V3F3akF4VFphczJwdWoza3dYcWN2TVVieTlB?oc=5\" target=\"_blank\" rel=\"nofollow noopener\">R\u00f8ykutvikling i enebolig: &#8211; Pustet inn r\u00f8yk og pulver<\/a>&nbsp;&nbsp;adressa.no<\/li>\n<li><a href=\"https:\/\/news.google.com\/rss\/articles\/CBMic0FVX3lxTE1YR3dMX0ZqLTVzX0lSSGxLejJJa3RZbUNkaFppUnlHa1lobWhXeUstWldzNjJCVDByeTB0TnpnSE5rNWh4dVJNV29FcENrdWRydkN0MmJpNk9jWHNmVHc4WHNtQTR3alhpQmVhYnFVc29fY0k?oc=5\" target=\"_blank\" rel=\"nofollow noopener\">Melder om boligbrann i Frosta<\/a>&nbsp;&nbsp;s-n.no<\/li>\n<li><a href=\"https:\/\/news.google.com\/rss\/articles\/CBMimwFBVV95cUxNUEdjWGF4YVhONTdwaURPNnhER1ZhTmVCenhhY05oeHFwamtHczFpaGdhNFpDWWNCQnVKWGlLTnB6dXV6M1FFbmdyM2I0em9JZzdCQzhSWmtyZXVDTW05Zl9VSEdtai1sRFBUX1pUWnhhNkdQcDdqcW4xUUJOVjBod2pBUGpPUXRRcF9rRXR3R2xFNlBidllQQl9Qcw?oc=5\" target=\"_blank\" rel=\"nofollow noopener\">Nyheter, Frosta brann- og redningstjeneste | Rykket ut til brannalarm: &#8211; Vi avverget en boligbrann i dag<\/a>&nbsp;&nbsp;Frostingen<\/li>\n<\/ol>\n","protected":false},"excerpt":{"rendered":"R\u00f8ykutvikling i enebolig &#8211; beboer har inhalert r\u00f8yk&nbsp;&nbsp;adressa.no (+) Melding om brann i enebolig&nbsp;&nbsp;innherred.no R\u00f8ykutvikling i enebolig: &#8211;&hellip;\n","protected":false},"author":2,"featured_media":128610,"comment_status":"","ping_status":"","sticky":false,"template":"","format":"standard","meta":{"footnotes":""},"categories":[10],"tags":[1766,847,20,21,24,25,3581,15,22,23,13,30,28,29,14,16,26,27],"class_list":{"0":"post-128609","1":"post","2":"type-post","3":"status-publish","4":"format-standard","5":"has-post-thumbnail","7":"category-norge","8":"tag-110-sentralen","9":"tag-brannvesenet","10":"tag-breaking-news","11":"tag-breakingnews","12":"tag-featured-news","13":"tag-featurednews","14":"tag-frosta","15":"tag-headlines","16":"tag-latest-news","17":"tag-latestnews","18":"tag-news","19":"tag-no","20":"tag-norge","21":"tag-norway","22":"tag-nyheter","23":"tag-overskrifter","24":"tag-top-stories","25":"tag-topstories"},"share_on_mastodon":{"url":"https:\/\/pubeurope.com\/@no\/115837533262122049","error":""},"_links":{"self":[{"href":"https:\/\/www.europesays.com\/no\/wp-json\/wp\/v2\/posts\/128609","targetHints":{"allow":["GET"]}}],"collection":[{"href":"https:\/\/www.europesays.com\/no\/wp-json\/wp\/v2\/posts"}],"about":[{"href":"https:\/\/www.europesays.com\/no\/wp-json\/wp\/v2\/types\/post"}],"author":[{"embeddable":true,"href":"https:\/\/www.europesays.com\/no\/wp-json\/wp\/v2\/users\/2"}],"replies":[{"embeddable":true,"href":"https:\/\/www.europesays.com\/no\/wp-json\/wp\/v2\/comments?post=128609"}],"version-history":[{"count":0,"href":"https:\/\/www.europesays.com\/no\/wp-json\/wp\/v2\/posts\/128609\/revisions"}],"wp:featuredmedia":[{"embeddable":true,"href":"https:\/\/www.europesays.com\/no\/wp-json\/wp\/v2\/media\/128610"}],"wp:attachment":[{"href":"https:\/\/www.europesays.com\/no\/wp-json\/wp\/v2\/media?parent=128609"}],"wp:term":[{"taxonomy":"category","embeddable":true,"href":"https:\/\/www.europesays.com\/no\/wp-json\/wp\/v2\/categories?post=128609"},{"taxonomy":"post_tag","embeddable":true,"href":"https:\/\/www.europesays.com\/no\/wp-json\/wp\/v2\/tags?post=128609"}],"curies":[{"name":"wp","href":"https:\/\/api.w.org\/{rel}","templated":true}]}}