{"id":128617,"date":"2026-01-04T15:34:07","date_gmt":"2026-01-04T15:34:07","guid":{"rendered":"https:\/\/www.europesays.com\/no\/128617\/"},"modified":"2026-01-04T15:34:07","modified_gmt":"2026-01-04T15:34:07","slug":"trafikk-politi-rykket-ut-til-trafikkuhell-i-bodo","status":"publish","type":"post","link":"https:\/\/www.europesays.com\/no\/128617\/","title":{"rendered":"Trafikk, Politi | Rykket ut til trafikkuhell i Bod\u00f8"},"content":{"rendered":"\n<p>Politiet rykker ut til Sol\u00f8yvannveien, ved Tusseladden barnehage, etter melding om et trafikkuhell, opplyser operasjonsleder Thomas J\u00e6rnes Coe like etter klokken 15 s\u00f8ndag.<\/p>\n<p>If\u00f8lge operasjonslederen er to biler involvert.<\/p>\n<p>\u2013 Den ene bilen skal ha kj\u00f8rt i den andre bakfra. Framst\u00e5r ikke som en alvorlig ulykke, fortsetter Coe.<\/p>\n<p>Klokken 15.21 opplyser Coe at det ikke er behov for bilberging.<\/p>\n<p>\u2013 Mindre materielle skader. Sj\u00e5f\u00f8ren i bilen som ble p\u00e5kj\u00f8rt bakfra opps\u00f8ker selv legevakten for sjekk av hode\/nakke. Politiet oppretter sak<\/p>\n","protected":false},"excerpt":{"rendered":"Politiet rykker ut til Sol\u00f8yvannveien, ved Tusseladden barnehage, etter melding om et trafikkuhell, opplyser operasjonsleder Thomas J\u00e6rnes Coe&hellip;\n","protected":false},"author":2,"featured_media":4285,"comment_status":"","ping_status":"","sticky":false,"template":"","format":"standard","meta":{"footnotes":""},"categories":[10],"tags":[36,1525,20,21,24,25,15,22,23,13,30,28,29,14,16,254,1510,26,27,224],"class_list":{"0":"post-128617","1":"post","2":"type-post","3":"status-publish","4":"format-standard","5":"has-post-thumbnail","7":"category-norge","8":"tag-art","9":"tag-bodo","10":"tag-breaking-news","11":"tag-breakingnews","12":"tag-featured-news","13":"tag-featurednews","14":"tag-headlines","15":"tag-latest-news","16":"tag-latestnews","17":"tag-news","18":"tag-no","19":"tag-norge","20":"tag-norway","21":"tag-nyheter","22":"tag-overskrifter","23":"tag-politi","24":"tag-story","25":"tag-top-stories","26":"tag-topstories","27":"tag-trafikk"},"share_on_mastodon":{"url":"https:\/\/pubeurope.com\/@no\/115837564669934210","error":""},"_links":{"self":[{"href":"https:\/\/www.europesays.com\/no\/wp-json\/wp\/v2\/posts\/128617","targetHints":{"allow":["GET"]}}],"collection":[{"href":"https:\/\/www.europesays.com\/no\/wp-json\/wp\/v2\/posts"}],"about":[{"href":"https:\/\/www.europesays.com\/no\/wp-json\/wp\/v2\/types\/post"}],"author":[{"embeddable":true,"href":"https:\/\/www.europesays.com\/no\/wp-json\/wp\/v2\/users\/2"}],"replies":[{"embeddable":true,"href":"https:\/\/www.europesays.com\/no\/wp-json\/wp\/v2\/comments?post=128617"}],"version-history":[{"count":0,"href":"https:\/\/www.europesays.com\/no\/wp-json\/wp\/v2\/posts\/128617\/revisions"}],"wp:featuredmedia":[{"embeddable":true,"href":"https:\/\/www.europesays.com\/no\/wp-json\/wp\/v2\/media\/4285"}],"wp:attachment":[{"href":"https:\/\/www.europesays.com\/no\/wp-json\/wp\/v2\/media?parent=128617"}],"wp:term":[{"taxonomy":"category","embeddable":true,"href":"https:\/\/www.europesays.com\/no\/wp-json\/wp\/v2\/categories?post=128617"},{"taxonomy":"post_tag","embeddable":true,"href":"https:\/\/www.europesays.com\/no\/wp-json\/wp\/v2\/tags?post=128617"}],"curies":[{"name":"wp","href":"https:\/\/api.w.org\/{rel}","templated":true}]}}