{"id":128618,"date":"2026-01-04T15:35:09","date_gmt":"2026-01-04T15:35:09","guid":{"rendered":"https:\/\/www.europesays.com\/no\/128618\/"},"modified":"2026-01-04T15:35:09","modified_gmt":"2026-01-04T15:35:09","slug":"karoline-simpson-larsen-med-maktdemonstrasjon-weng-sikret-pallplass-sammenlagt","status":"publish","type":"post","link":"https:\/\/www.europesays.com\/no\/128618\/","title":{"rendered":"Karoline Simpson-Larsen med makt\u00addemonstrasjon \u2013 Weng sikret pallplass sammenlagt"},"content":{"rendered":"\n<p class=\"_paragraph_o9xde_4 _paragraph_xtcu6_10 layout-component text-serif-m layout-normal text-serif-m layout-padded\">Vinneren var r\u00f8rt etter m\u00e5lgang og seieren p\u00e5 Tour de Skis siste etappe. Bakgrunnen er at langrennsl\u00f8peren var n\u00e6r venn og p\u00e5 samme hotell som Sivert Guttorm Bakken da<a href=\"https:\/\/www.vg.no\/sport\/i\/d4OG9j\/karoline-simpson-larsen-etter-doedsfallet-til-sivert-guttorm-bakken-jula-har-vaert-toeff\" data-track-element-type=\"Link\" data-track-id=\"link:d4OG9j\" class=\"_link_o9xde_39\" rel=\"nofollow noopener\" target=\"_blank\"> skiskytteren gikk bort lille julaften.<\/a><\/p>\n<p class=\"_paragraph_o9xde_4 _paragraph_xtcu6_10 layout-component text-serif-m layout-normal text-serif-m layout-padded\">\u2013 Det er rart, for det siste Sivert sa til meg dagen f\u00f8r var at han hadde troen og at han burde v\u00e6rt her og sett p\u00e5 sammen med Johan,Johan,Skiskytter og samboer Johan-Olav Botn. sier etappevinneren til Viaplay etter seieren.<\/p>\n<p class=\"_paragraph_o9xde_4 _paragraph_xtcu6_10 layout-component text-serif-m layout-normal text-serif-m layout-padded\">Tenkte du p\u00e5 det opp her?, sp\u00f8r Viaplays reporter.<\/p>\n<p class=\"_paragraph_o9xde_4 _paragraph_xtcu6_10 layout-component text-serif-m layout-normal text-serif-m layout-padded\">\u2013  Nei, men jeg tenker p\u00e5 det n\u00e5 og jeg tenkte p\u00e5 det rett f\u00f8r start.<\/p>\n<p><img alt=\"R\u00d8RT: Karoline Simpson-Larsen viste f\u00f8lelser etter etappeseieren opp \u00abmonsterbakken\u00bb.  Foto: Terje Pedersen \/ NTB\" class=\"_image_qp4xg_65 layout-component layout-normal\" data-fullscreen- data-track-element-type=\"Article image fullscreen\" data-track-name=\"ImageFullscreen\" decoding=\"async\" loading=\"lazy\" height=\"2134\" itemprop=\"image\"  src=\"https:\/\/www.europesays.com\/no\/wp-content\/uploads\/2026\/01\/8938e00e-5b11-4345-bf73-911578a36b86.png\"  style=\"object-position:0% 0%\" width=\"3191\"\/>R\u00d8RT: Karoline Simpson-Larsen viste f\u00f8lelser etter etappeseieren opp \u00abmonsterbakken\u00bb.  Foto: Terje Pedersen \/ NTB<\/p>\n<p class=\"_paragraph_o9xde_4 _paragraph_xtcu6_10 layout-component text-serif-m layout-normal text-serif-m layout-padded\">P\u00e5 den ti kilometer lange fellesstarten ble feltet raskt strekt ut. I starten av den brutale \u00abMonsterbakkenMonsterbakkenEn 3,6 km lang motbakke med 11,6 % snittstigning, og hele 28 % maks helling.\u00bb opp Alpe Cermis var det bare en kvintett med Jessie Diggins, <a href=\"https:\/\/www.vg.no\/tag\/heidi-weng?utm_source=vg-article&amp;utm_medium=auto-tagger&amp;utm_campaign=j0d2j0\" class=\"_link_o9xde_39\" rel=\"nofollow noopener\" target=\"_blank\">Heidi Weng<\/a>, Karoline Simpson-LarsenKaroline Simpson-LarsenNummer 21 i sammendraget f\u00f8r etappen, 4:11 bak. , Nora Sanness og Ebba Andersson igjen. <\/p>\n<p class=\"_paragraph_o9xde_4 _paragraph_xtcu6_10 layout-component text-serif-m layout-normal text-serif-m layout-padded\">\u2013 Det er ganske ubeskrivelig. Jeg bare gikk ut i der, og s\u00e5 slapp folk utover. Jeg ble litt overrasket, sier Simpson-Larsen etter etappeseieren.<\/p>\n<p class=\"_paragraph_o9xde_4 _paragraph_xtcu6_10 layout-component text-serif-m layout-normal text-serif-m layout-padded\">Etter hvert ble det en kamp mellom Weng og Simpson-Larsen, som tidligere denne sesongen <a href=\"https:\/\/www.vg.no\/sport\/i\/16k9kK\/sensasjonsseier-til-karoline-simpson-larsen-vant-ol-oevelsen-10-kilometer-fristil-i-davos?utm_source=vgfront&amp;utm_content=hovedlopet_row1_pos1&amp;utm_medium=dre-693ebedf7eb662b297b2889b\" data-track-element-type=\"Link\" data-track-id=\"link:16k9kK\" class=\"_link_o9xde_39\" rel=\"nofollow noopener\" target=\"_blank\">tok sin f\u00f8rste verdenscupseier<\/a>. <\/p>\n<ul class=\"_gallery_1qa3s_23\" tabindex=\"0\">\n<li class=\"_item_1qa3s_37\" data-index=\"0\"><img decoding=\"async\" class=\"_image_foru8_23 _articleGallery_foru8_39\" data-fullscreen- width=\"5413\" height=\"3609\" itemprop=\"image\" loading=\"lazy\"  src=\"https:\/\/www.europesays.com\/no\/wp-content\/uploads\/2026\/01\/02aebd44-b0a0-4542-9b1e-12f95001dbf6.png\"  style=\"object-position:50% 50%;aspect-ratio:var(--gallery-aspect-ratio, 16 \/ 9)\"\/>Foto: MAXIM THORE \/ Bildbyr\u00e5n<\/li>\n<li class=\"_item_1qa3s_37\" data-index=\"1\"><img decoding=\"async\" class=\"_image_foru8_23 _articleGallery_foru8_39\" data-fullscreen- width=\"5302\" height=\"3535\" itemprop=\"image\" loading=\"lazy\"  src=\"https:\/\/www.europesays.com\/no\/wp-content\/uploads\/2026\/01\/bd358139-1908-43d9-8d57-d9b76c8dab29.png\"  style=\"object-position:50% 50%;aspect-ratio:var(--gallery-aspect-ratio, 16 \/ 9)\"\/>Foto: Terje Pedersen \/ NTB<\/li>\n<li class=\"_item_1qa3s_37\" data-index=\"2\"><img decoding=\"async\" class=\"_image_foru8_23 _articleGallery_foru8_39\" data-fullscreen- width=\"5611\" height=\"3740\" itemprop=\"image\" loading=\"lazy\"  src=\"https:\/\/www.europesays.com\/no\/wp-content\/uploads\/2026\/01\/063a735f-2161-4505-8bd6-0d815f6dc7f7.png\"  style=\"object-position:50% 50%;aspect-ratio:var(--gallery-aspect-ratio, 16 \/ 9)\"\/>Foto: Terje Pedersen \/ NTB<\/li>\n<\/ul>\n<p>Foto: MAXIM THORE \/ Bildbyr\u00e5n<\/p>\n<p class=\"_paragraph_o9xde_4 _paragraph_xtcu6_10 layout-component text-serif-m layout-normal text-serif-m layout-padded\">Simpson-Larsen rykket fra Weng helt p\u00e5 slutten og vant etappen. Jessie Diggins passerte Weng p\u00e5 \u00aboppl\u00f8pet\u00bb og ble nummer to p\u00e5 etappen, foran Weng.<\/p>\n<p class=\"_paragraph_o9xde_4 _paragraph_xtcu6_10 layout-component text-serif-m layout-normal text-serif-m layout-padded\">\u2013 Det er imponerende det Karoline gj\u00f8r i dag. Det viser virkelig det steget hun har tatt, kapasiteten og det som bor i henne, sier Therese Johaug i Viaplay-studio etter etappen.<\/p>\n<p class=\"_paragraph_o9xde_4 _paragraph_xtcu6_10 layout-component text-serif-m layout-normal text-serif-m layout-padded\">\u2013 Et perfekt l\u00f8p, fortsetter Johaug.<\/p>\n<p class=\"_paragraph_o9xde_4 _paragraph_xtcu6_10 layout-component text-serif-m layout-normal text-serif-m layout-padded\">Enig med Johaug er tidligere langrennsl\u00f8per Helene Marie Fossesholm, som ogs\u00e5 hyller Simpson-Larsen.<\/p>\n<p class=\"_paragraph_o9xde_4 _paragraph_xtcu6_10 layout-component text-serif-m layout-normal text-serif-m layout-padded\">\u2014 Hun viser null respekt, sier tidligere langrennsl\u00f8per Helene Marie Fossesholm om m\u00e5ten Simpson-Larsen l\u00f8ste \u00abMonsterbakken\u00bb.<\/p>\n<p class=\"_paragraph_o9xde_4 _paragraph_xtcu6_10 layout-component text-serif-m layout-normal text-serif-m layout-padded\">Etter etappen er det tydelig at det er stort \u00f8nske om \u00e5 se henne i OL.<\/p>\n<p class=\"_paragraph_o9xde_4 _paragraph_xtcu6_10 layout-component text-serif-m layout-normal text-serif-m layout-padded\">\u2013 Hun skal til OL. Det er det ingen tvil over, sier Viaplay-ekspert Niklas Dyrhaug om Karoline Simpson-Larsen etter hennes vanvittige sisteetappe opp \u00abmonsterbakken\u00bb i Tour de Ski.<\/p>\n<p class=\"_paragraph_o9xde_4 _paragraph_xtcu6_10 layout-component text-serif-m layout-normal text-serif-m layout-padded\">P\u00e5 sp\u00f8rsm\u00e5l om hun b\u00f8r f\u00e5 g\u00e5, svarer Simpson-Larsen kontant.<\/p>\n<p class=\"_paragraph_o9xde_4 _paragraph_xtcu6_10 layout-component text-serif-m layout-normal text-serif-m layout-padded\">\u2013 Ja!<\/p>\n<p>Tour de SkiSiste etappe<\/p>\n<ol class=\"_list_o9xde_3 _list_xtcu6_9 _list_16v91_9 _ordered_o9xde_79 layout-component text-serif-m layout-normal text-sans-m layout-padded\" itemprop=\"text\">\n<li class=\"_item_o9xde_30\">Karoline Simpson-Larsen 37:05.3<\/li>\n<li class=\"_item_o9xde_30\">Jessie Diggins +8,8 sekunder<\/li>\n<li class=\"_item_o9xde_30\">Heidi Weng 14,4 sekunder<\/li>\n<li class=\"_item_o9xde_30\">Teresa Stadlober +17,5 sekunder <\/li>\n<li class=\"_item_o9xde_30\">Ebba Andersson +21,9 sekunder<\/li>\n<\/ol>\n<p class=\"_paragraph_o9xde_4 _paragraph_xtcu6_10 _paragraph_16v91_10 layout-component text-serif-m layout-normal text-sans-m layout-padded\" itemprop=\"text\">\u00d8vrige norske:<br \/>7. Nora Sanness +1:22 min<br \/>8. Julie Bjervig Drivenes +1:29 min<br \/>18. Eva Ingebrigtsen +2:30 min<\/p>\n<p>Sammenlagt<\/p>\n<ol class=\"_list_o9xde_3 _list_xtcu6_9 _list_16v91_9 _ordered_o9xde_79 layout-component text-serif-m layout-normal text-sans-m layout-padded\" itemprop=\"text\">\n<li class=\"_item_o9xde_30\">Jessie Diggins<\/li>\n<li class=\"_item_o9xde_30\">Teresa Stadlober +2:18 min<\/li>\n<li class=\"_item_o9xde_30\">Heidi Weng +2:32 min<\/li>\n<li class=\"_item_o9xde_30\">Ebba Andersson +2:41 min<\/li>\n<li class=\"_item_o9xde_30\">Julie Bjervig Drivenes +3:30 min<\/li>\n<\/ol>\n<p class=\"_paragraph_o9xde_4 _paragraph_xtcu6_10 _paragraph_16v91_10 layout-component text-serif-m layout-normal text-sans-m layout-padded\" itemprop=\"text\">\u00d8vrige norske:<br \/>7. Karoline Simpson-Larsen +4:02 min<br \/>15. Nora Sanness +5:46 min<br \/>28. Eva Ingebrigtsen +8:17 min<\/p>\n<p class=\"_paragraph_o9xde_4 _paragraph_xtcu6_10 layout-component text-serif-m layout-normal text-serif-m layout-padded\"><strong class=\"_strong_o9xde_25\">Ingen kunne gj\u00f8re noe med suverene Jessie Diggins i sammendraget. <\/strong><\/p>\n<p class=\"_paragraph_o9xde_4 _paragraph_xtcu6_10 layout-component text-serif-m layout-normal text-serif-m layout-padded\">Diggins gikk inn i den siste etappen med en solid ledelse \u2013 1.19 foran finske Jasmi Joensuu og 1.38 foran svenske Moa Ilar. <\/p>\n<p class=\"_paragraph_o9xde_4 _paragraph_xtcu6_10 layout-component text-serif-m layout-normal text-serif-m layout-padded\">Julie Bjervig Drivenes og Heidi Weng var de best plasserte norske l\u00f8perne, p\u00e5 henholdsvis sjette- og syvendeplass f\u00f8r etappen.<\/p>\n<p class=\"_paragraph_o9xde_4 _paragraph_xtcu6_10 layout-component text-serif-m layout-normal text-serif-m layout-padded\">Weng l\u00e5 2.26 bak Diggins i sammendraget, 1.07 bak Joensuu og 48 sekunder bak Ilar f\u00f8r den avsluttende etappen.<\/p>\n<p class=\"_paragraph_o9xde_4 _paragraph_xtcu6_10 layout-component text-serif-m layout-normal text-serif-m layout-padded\">Med l\u00f8pet gikk Weng seg opp p\u00e5 tredjeplass i sammendraget. Stadlober ble nummer to.<\/p>\n<p class=\"_paragraph_o9xde_4 _paragraph_xtcu6_10 layout-component text-serif-m layout-normal text-serif-m layout-padded\">\u2013 Det er helt vilt, egentlig. Jeg tenkte at jeg skulle trekke meg p\u00e5 dag to, det var s\u00e5 vidt jeg startet p\u00e5 10 kilometer klassisk der. Det skal jeg v\u00e6re glad for n\u00e5, sier Weng etter 3.-plassen var et faktum.<\/p>\n<p class=\"_paragraph_o9xde_4 _paragraph_xtcu6_10 layout-component text-serif-m layout-normal text-serif-m layout-padded\">Diggins, som legger opp etter sesongen, tok dermed sin tredje og siste sammenlagttittel i Tour de Ski. <\/p>\n<p class=\"_paragraph_o9xde_4 _paragraph_xtcu6_10 layout-component text-serif-m layout-normal text-serif-m layout-padded\">P\u00e5 kvinnesiden er det kun Therese Johaug og Justyna Kowalczyk som har flere, med fire hver.<\/p>\n<p class=\"_paragraph_o9xde_4 _paragraph_xtcu6_10 layout-component text-serif-m layout-normal text-serif-m layout-padded\">N\u00e5 venter noen dager med hvile, f\u00f8r oppladningen til OL i Italia starter. F\u00f8rste \u00f8velse for langrennskvinenne er 20 kilometer fellesstart med skibytte 7. februar. <\/p>\n<ul class=\"_list_o9xde_3 _list_xtcu6_9 _unordered_o9xde_106 layout-component text-serif-m layout-normal text-serif-m layout-padded\">\n<li class=\"_item_o9xde_30\">F\u00f8r den tid venter NM p\u00e5 Steinkjer fra 14. til 18. januar.<\/li>\n<li class=\"_item_o9xde_30\">Samtidig arrangeres en verdenscuprunde i Oberhof, Tyskland, med konkurranser 17. og 18. januar.<\/li>\n<li class=\"_item_o9xde_30\">Deretter f\u00f8lger tre konkurranser i sveitsiske Goms, 23. til 25. januar \u2013 de siste konkurransene f\u00f8r OL-braket for alvor starter.<\/li>\n<\/ul>\n<p class=\"_paragraph_o9xde_4 _paragraph_xtcu6_10 layout-component text-serif-m layout-normal text-serif-m layout-padded\">Heidi Weng, Astrid \u00d8yre Slind og Kristine Stav\u00e5s Skistad er allerede tatt ut. Den endelige OL-troppen blir tatt ut 26. januar. <\/p>\n<p class=\"_paragraph_o9xde_4 _paragraph_xtcu6_10 layout-component text-serif-m layout-normal text-serif-m layout-padded\">Hos herrene endte fem nordmenn blant de seks beste i sammendraget. Johannes H\u00f8sflot Kl\u00e6bo <a href=\"https:\/\/www.vg.no\/sport\/i\/m0R2Vp\/klaebo-ble-historisk-tidenes-mestvinnende-i-tour-de-ski\" data-track-element-type=\"Link\" data-track-id=\"link:m0R2Vp\" class=\"_link_o9xde_39\" rel=\"nofollow noopener\" target=\"_blank\">ble historisk<\/a> da han tok sammenlagtseieren foran Mattis Stenshagen og Harald \u00d8stberg Amundsen.<\/p>\n<p class=\"_paragraph_o9xde_4 _paragraph_xtcu6_10 layout-component text-serif-m layout-normal text-serif-m layout-padded\">Mattis Stenshagen vant selve etappen foran Jules Lapierre (Frankrike) og Emil Iversen.<\/p>\n","protected":false},"excerpt":{"rendered":"Vinneren var r\u00f8rt etter m\u00e5lgang og seieren p\u00e5 Tour de Skis siste etappe. Bakgrunnen er at langrennsl\u00f8peren var&hellip;\n","protected":false},"author":2,"featured_media":128619,"comment_status":"","ping_status":"","sticky":false,"template":"","format":"standard","meta":{"footnotes":""},"categories":[5],"tags":[20,21,24,25,15,5413,19,11925,12426,15013,398,22,23,17,18,13,30,28,29,14,16,26,27,12662],"class_list":{"0":"post-128618","1":"post","2":"type-post","3":"status-publish","4":"format-standard","5":"has-post-thumbnail","7":"category-overskrifter","8":"tag-breaking-news","9":"tag-breakingnews","10":"tag-featured-news","11":"tag-featurednews","12":"tag-headlines","13":"tag-heidi-weng","14":"tag-hovedoppslag","15":"tag-jessie-diggins","16":"tag-julie-bjervig-drivenes","17":"tag-karoline-simpson-larsen","18":"tag-langrenn","19":"tag-latest-news","20":"tag-latestnews","21":"tag-main-news","22":"tag-mainnews","23":"tag-news","24":"tag-no","25":"tag-norge","26":"tag-norway","27":"tag-nyheter","28":"tag-overskrifter","29":"tag-top-stories","30":"tag-topstories","31":"tag-tour-de-ski"},"share_on_mastodon":{"url":"https:\/\/pubeurope.com\/@no\/115837568666887936","error":""},"_links":{"self":[{"href":"https:\/\/www.europesays.com\/no\/wp-json\/wp\/v2\/posts\/128618","targetHints":{"allow":["GET"]}}],"collection":[{"href":"https:\/\/www.europesays.com\/no\/wp-json\/wp\/v2\/posts"}],"about":[{"href":"https:\/\/www.europesays.com\/no\/wp-json\/wp\/v2\/types\/post"}],"author":[{"embeddable":true,"href":"https:\/\/www.europesays.com\/no\/wp-json\/wp\/v2\/users\/2"}],"replies":[{"embeddable":true,"href":"https:\/\/www.europesays.com\/no\/wp-json\/wp\/v2\/comments?post=128618"}],"version-history":[{"count":0,"href":"https:\/\/www.europesays.com\/no\/wp-json\/wp\/v2\/posts\/128618\/revisions"}],"wp:featuredmedia":[{"embeddable":true,"href":"https:\/\/www.europesays.com\/no\/wp-json\/wp\/v2\/media\/128619"}],"wp:attachment":[{"href":"https:\/\/www.europesays.com\/no\/wp-json\/wp\/v2\/media?parent=128618"}],"wp:term":[{"taxonomy":"category","embeddable":true,"href":"https:\/\/www.europesays.com\/no\/wp-json\/wp\/v2\/categories?post=128618"},{"taxonomy":"post_tag","embeddable":true,"href":"https:\/\/www.europesays.com\/no\/wp-json\/wp\/v2\/tags?post=128618"}],"curies":[{"name":"wp","href":"https:\/\/api.w.org\/{rel}","templated":true}]}}