{"id":128620,"date":"2026-01-04T15:36:12","date_gmt":"2026-01-04T15:36:12","guid":{"rendered":"https:\/\/www.europesays.com\/no\/128620\/"},"modified":"2026-01-04T15:36:12","modified_gmt":"2026-01-04T15:36:12","slug":"stromsgodset-drammen-naermer-seg-stromsgodset","status":"publish","type":"post","link":"https:\/\/www.europesays.com\/no\/128620\/","title":{"rendered":"Str\u00f8msgodset, Drammen | N\u00e6rmer seg Str\u00f8msgodset"},"content":{"rendered":"\n<p><b>DRAMMEN\/MOLDE: <\/b>Magne Hoseth (45) n\u00e6rmer seg Str\u00f8msgodset.<\/p>\n<p>Hoseth ledet Molde ut 2025-sesongen, som ble en middels sesong for romsdalingene. Men etter at MFK nylig kunngjorde at de ansetter Sindre Tjelmeland (36) og Martin Falk (30) som Moldes nye trenere, ble det en mer usikker fremtid for Hoseth.<\/p>\n<p>S\u00f8ndag skriver <a href=\"https:\/\/www.rbnett.no\/sport\/moldefk\/n\/GxGR24\/hoseth-hoeyaktuell-for-norsk-klubb\" rel=\"Follow nofollow noopener\" target=\"_blank\">Romsdals Budstikke<\/a> at Hoseth skal til Drammen over helga for avsluttende samtaler om en rolle i Str\u00f8msgodset. Drammens Tidende sitter p\u00e5 de samme opplysningene.<\/p>\n<p>\u2013 Jeg kan ikke kommentere p\u00e5 rykter, men jeg kan si at vi innen kort tid offentliggj\u00f8r nye ansikter, sier sportssjef Jackie Rasmussen kort til Drammens Tidende s\u00f8ndag.<\/p>\n<p>Uavklart<\/p>\n<p>Klubbens hovedtrener er fortsatt Dag-Eilev Fagermo.<\/p>\n<p>Hoseth er etter all sannsynlighet derfor tiltenkt en assistentrolle, i f\u00f8rste omgang.<\/p>\n<p>Men dersom klubben og Fagermo skiller lag, slik DT har erfart at er en prosess klubben er i gang med, er det nok ikke utenkelig at Hoseth, med sin erfaring fra Molde, Kristiansund, og b\u00e5de Klaksvik og Torshavn p\u00e5 F\u00e6r\u00f8yene, kan f\u00e5 et stillingsopprykk.<\/p>\n<p><b>Les om trenerkaoset i Godset her:<\/b><\/p>\n<p>  <a href=\"https:\/\/www.dt.no\/5-57-2754137\" class=\"related-teaser has-image default-story-teaser article--c-eRUmMG article--c-eRUmMG-jKCPdD-design-default\" rel=\"nofollow noopener\" target=\"_blank\"><\/p>\n<p>    <img decoding=\"async\" loading=\"lazy\"  src=\"https:\/\/www.europesays.com\/no\/wp-content\/uploads\/2026\/01\/10+fagermo+ny+trener+i+SIF-4.jpg\" alt=\"\" class=\"brick-c-cFOWSL\" style=\"\"\/><\/p>\n<p>\n            Les ogs\u00e5<\/p>\n<p>              Kaos i Godset \u2013 vil kvitte seg med Fagermo\n        <\/p>\n<p>  <\/a><\/p>\n<p>  <a href=\"https:\/\/www.dt.no\/5-57-2756853\" class=\"related-teaser has-image default-story-teaser article--c-eRUmMG article--c-eRUmMG-jKCPdD-design-default\" rel=\"nofollow noopener\" target=\"_blank\"><\/p>\n<p>    <img decoding=\"async\" loading=\"lazy\"  src=\"https:\/\/www.europesays.com\/no\/wp-content\/uploads\/2026\/01\/17+ta+ke+over+marienlyst+stadion+2.jpg\" alt=\"\" class=\"brick-c-cFOWSL\" style=\"\"\/><\/p>\n<p>\n            Les ogs\u00e5<\/p>\n<p>              DT erfarer: Anklager om \u00abfryktkultur\u00bb\n        <\/p>\n<p>  <\/a><\/p>\n<p>  <a href=\"https:\/\/www.dt.no\/5-57-2756983\" class=\"related-teaser has-image default-story-teaser article--c-eRUmMG article--c-eRUmMG-jKCPdD-design-default\" rel=\"nofollow noopener\" target=\"_blank\"><\/p>\n<p>    <img decoding=\"async\" loading=\"lazy\"  src=\"https:\/\/www.europesays.com\/no\/wp-content\/uploads\/2026\/01\/1767540972_783_17+ta+ke+over+marienlyst+stadion+2.jpg\" alt=\"\" class=\"brick-c-cFOWSL\" style=\"\"\/><\/p>\n<p>\n            Les ogs\u00e5<\/p>\n<p>              Sl\u00e5r tilbake: \u2013 Ikke en sak som kom plutselig ut av det bl\u00e5\n        <\/p>\n<p>  <\/a><br \/>\n  Flere nye ansikter p\u00e5 vei<\/p>\n<p>Som sportssjef Jackie Rasmussen viser til er det flere ansikter p\u00e5 vei inn i Str\u00f8msgodset.<\/p>\n<p>For noen dager siden skrev Drammens Tidende om danske Jimmy Brinksby som skal n\u00e6rme seg klubben. Danske Tipsbladet melder ogs\u00e5 at Brinksby kapres av Godset foran en annen dansk klubb.<\/p>\n<p>Brinksby har erfaring som analytiker og assistenttrener i flere klubber og det danske U21-landslaget.<\/p>\n<p>Etter at 2025-sesongen ble avsluttet gikk ogs\u00e5 kontraktene med de fleste av trenerne ut. H\u00e5kon Wibe-Lund hadde et vikariat ut 2025, keepertrener Onar Nymoen fortalte selv at han fikk beskjed om \u00e5 finne nye jaktmarker, og Tomas Skaret Halvorsens kontrakt skal ogs\u00e5 ha g\u00e5tt ut.<\/p>\n<p>Situasjonen for sistnevnte er dog ikke DT kjent med at er endelig avklart.<\/p>\n<p>   <img decoding=\"async\" width=\"1671\" height=\"1306\" fetchpriority=\"low\"  loading=\"lazy\"  src=\"https:\/\/www.europesays.com\/no\/wp-content\/uploads\/2026\/01\/NTB_2kEMin5FXcY.jpg\" alt=\"&#10;MOLDE 19990408: Fotball: De to yngste i Moldes A-stall denne sesongen er Svein Tore Brandshaug (20) (tv) og Magne Hoseth (19). .Foto: Kjell Herskedal, SCANPIX\" class=\"brick-c-cFOWSL\" style=\"--brick-image-ratio: 1671 \/ 1306;\"\/><\/p>\n<p>FOR DE NOSTALGISKE: Magne Hoseth var i Moldes A-stall som 19-\u00e5ring i 1999. Her var han sammen med Svein Tore Brandshaug, som noen \u00e5r senere spilte for Str\u00f8msgodset. N\u00e5 ser det ogs\u00e5 ut til at Hoseth legger Godset til CV&#8217;en.<br \/>\n      Foto: Kjell Herskedal, Scanpix\n    <\/p>\n","protected":false},"excerpt":{"rendered":"DRAMMEN\/MOLDE: Magne Hoseth (45) n\u00e6rmer seg Str\u00f8msgodset. Hoseth ledet Molde ut 2025-sesongen, som ble en middels sesong for&hellip;\n","protected":false},"author":2,"featured_media":128621,"comment_status":"","ping_status":"","sticky":false,"template":"","format":"standard","meta":{"footnotes":""},"categories":[59],"tags":[36,427,92,30,28,29,83,82,1510,3325],"class_list":{"0":"post-128620","1":"post","2":"type-post","3":"status-publish","4":"format-standard","5":"has-post-thumbnail","7":"category-sport","8":"tag-art","9":"tag-drammen","10":"tag-fotball","11":"tag-no","12":"tag-norge","13":"tag-norway","14":"tag-sport","15":"tag-sports","16":"tag-story","17":"tag-stromsgodset"},"share_on_mastodon":{"url":"https:\/\/pubeurope.com\/@no\/115837572410759487","error":""},"_links":{"self":[{"href":"https:\/\/www.europesays.com\/no\/wp-json\/wp\/v2\/posts\/128620","targetHints":{"allow":["GET"]}}],"collection":[{"href":"https:\/\/www.europesays.com\/no\/wp-json\/wp\/v2\/posts"}],"about":[{"href":"https:\/\/www.europesays.com\/no\/wp-json\/wp\/v2\/types\/post"}],"author":[{"embeddable":true,"href":"https:\/\/www.europesays.com\/no\/wp-json\/wp\/v2\/users\/2"}],"replies":[{"embeddable":true,"href":"https:\/\/www.europesays.com\/no\/wp-json\/wp\/v2\/comments?post=128620"}],"version-history":[{"count":0,"href":"https:\/\/www.europesays.com\/no\/wp-json\/wp\/v2\/posts\/128620\/revisions"}],"wp:featuredmedia":[{"embeddable":true,"href":"https:\/\/www.europesays.com\/no\/wp-json\/wp\/v2\/media\/128621"}],"wp:attachment":[{"href":"https:\/\/www.europesays.com\/no\/wp-json\/wp\/v2\/media?parent=128620"}],"wp:term":[{"taxonomy":"category","embeddable":true,"href":"https:\/\/www.europesays.com\/no\/wp-json\/wp\/v2\/categories?post=128620"},{"taxonomy":"post_tag","embeddable":true,"href":"https:\/\/www.europesays.com\/no\/wp-json\/wp\/v2\/tags?post=128620"}],"curies":[{"name":"wp","href":"https:\/\/api.w.org\/{rel}","templated":true}]}}