{"id":128624,"date":"2026-01-04T15:45:15","date_gmt":"2026-01-04T15:45:15","guid":{"rendered":"https:\/\/www.europesays.com\/no\/128624\/"},"modified":"2026-01-04T15:45:15","modified_gmt":"2026-01-04T15:45:15","slug":"trafikkulykke-momoen-rykket-ut-til-trafikkuhell","status":"publish","type":"post","link":"https:\/\/www.europesays.com\/no\/128624\/","title":{"rendered":"Trafikkulykke, Momoen | Rykket ut til trafikkuhell"},"content":{"rendered":"\n<p><a href=\"https:\/\/www.rb.no\/rykker-ut-til-trafikkulykke\/s\/5-43-2646286\" rel=\"Follow nofollow noopener\" target=\"_blank\">(RB):<\/a> Ved 10.30-tida s\u00f8ndag meldte politiet at de var p\u00e5 vei til en trafikkulykke i Aurskog-H\u00f8land.<\/p>\n<p>Den skal ha skjedd p\u00e5 H\u00f8landsveien i n\u00e6rheten av Momoen. To biler var involvert.<\/p>\n<p>\u2013 Fremst\u00e5r som at ingen er skadd, men begge bilene m\u00e5 berges. Kan bli k\u00f8, opplyste operasjonsleder Martin Ottesten i \u00d8st politidistrikt innledningsvis.<\/p>\n<p>Litt senere opplyser han at bilene er ute av veien, og at uhellet l\u00f8ses med skademelding. Ingen ble skadd.<\/p>\n<p>\u2013 Meldes om utfordrende kj\u00f8reforhold p\u00e5 stedet, opplyser politiet.<\/p>\n<p><a class=\"simple-relation related-teaser article--c-eRUmMG article--c-eRUmMG-jKCPdD-design-default article--c-eRUmMG-iBPVJb-cv\" href=\"https:\/\/www.indre.no\/bilen-sto-i-full-fyr\/s\/5-43-2646261\" rel=\"nofollow noopener\" target=\"_blank\">\u2013 Bilen sto i full fyr<\/a><\/p>\n","protected":false},"excerpt":{"rendered":"(RB): Ved 10.30-tida s\u00f8ndag meldte politiet at de var p\u00e5 vei til en trafikkulykke i Aurskog-H\u00f8land. Den skal&hellip;\n","protected":false},"author":2,"featured_media":128625,"comment_status":"","ping_status":"","sticky":false,"template":"","format":"standard","meta":{"footnotes":""},"categories":[10],"tags":[36,20,21,24,25,9149,15,22,23,5247,13,30,28,29,14,16,1510,26,27,666],"class_list":{"0":"post-128624","1":"post","2":"type-post","3":"status-publish","4":"format-standard","5":"has-post-thumbnail","7":"category-norge","8":"tag-art","9":"tag-breaking-news","10":"tag-breakingnews","11":"tag-featured-news","12":"tag-featurednews","13":"tag-glatt","14":"tag-headlines","15":"tag-latest-news","16":"tag-latestnews","17":"tag-momoen","18":"tag-news","19":"tag-no","20":"tag-norge","21":"tag-norway","22":"tag-nyheter","23":"tag-overskrifter","24":"tag-story","25":"tag-top-stories","26":"tag-topstories","27":"tag-trafikkulykke"},"share_on_mastodon":{"url":"https:\/\/pubeurope.com\/@no\/115837608155931764","error":""},"_links":{"self":[{"href":"https:\/\/www.europesays.com\/no\/wp-json\/wp\/v2\/posts\/128624","targetHints":{"allow":["GET"]}}],"collection":[{"href":"https:\/\/www.europesays.com\/no\/wp-json\/wp\/v2\/posts"}],"about":[{"href":"https:\/\/www.europesays.com\/no\/wp-json\/wp\/v2\/types\/post"}],"author":[{"embeddable":true,"href":"https:\/\/www.europesays.com\/no\/wp-json\/wp\/v2\/users\/2"}],"replies":[{"embeddable":true,"href":"https:\/\/www.europesays.com\/no\/wp-json\/wp\/v2\/comments?post=128624"}],"version-history":[{"count":0,"href":"https:\/\/www.europesays.com\/no\/wp-json\/wp\/v2\/posts\/128624\/revisions"}],"wp:featuredmedia":[{"embeddable":true,"href":"https:\/\/www.europesays.com\/no\/wp-json\/wp\/v2\/media\/128625"}],"wp:attachment":[{"href":"https:\/\/www.europesays.com\/no\/wp-json\/wp\/v2\/media?parent=128624"}],"wp:term":[{"taxonomy":"category","embeddable":true,"href":"https:\/\/www.europesays.com\/no\/wp-json\/wp\/v2\/categories?post=128624"},{"taxonomy":"post_tag","embeddable":true,"href":"https:\/\/www.europesays.com\/no\/wp-json\/wp\/v2\/tags?post=128624"}],"curies":[{"name":"wp","href":"https:\/\/api.w.org\/{rel}","templated":true}]}}