{"id":128632,"date":"2026-01-04T15:56:12","date_gmt":"2026-01-04T15:56:12","guid":{"rendered":"https:\/\/www.europesays.com\/no\/128632\/"},"modified":"2026-01-04T15:56:12","modified_gmt":"2026-01-04T15:56:12","slug":"her-vert-det-mykje-sno-morenytt-no","status":"publish","type":"post","link":"https:\/\/www.europesays.com\/no\/128632\/","title":{"rendered":"Her vert det mykje sn\u00f8 &#8211; morenytt.no"},"content":{"rendered":"<ol>\n<li><a href=\"https:\/\/news.google.com\/rss\/articles\/CBMic0FVX3lxTE5mQW1sUndmanB0N2pNTkhVNXNMTmhFc2V1Tkw1TC1zR1pQeFBhREl0d1F1alE5TnZqT2d3TWZsU256UnNyTFQxUW16SC1GaWpkek0zdjVob25XT0h5REstX3k3VG1CVTZFZ1B1c2F1aDVLeHc?oc=5\" target=\"_blank\" rel=\"nofollow noopener\">Her vert det mykje sn\u00f8<\/a>&nbsp;&nbsp;morenytt.no<\/li>\n<li><a href=\"https:\/\/news.google.com\/rss\/articles\/CBMingFBVV95cUxOdTFKTE1kcVJXSzRkVUpiX3B1OEdLN19SaVFxb2MzY1FnZFpQYmJHRmpVZEVBZHp5STNDSWxTTUtmWjc2eldFVC14R1Z2QVplRDRkM1JyVk93TmhqU1JhUEdLV29ESDNQcnQwdE9LQVFHN1VtdkpaLW5INGJMSVJBSnRPc2lLVFRiNmJoSEEyXzRSUkxydnRwTlJyRjZTQQ?oc=5\" target=\"_blank\" rel=\"nofollow noopener\">(+) Trosset kulden for heis\u00e5pning og ur\u00f8rt pudder: &#8211; Dette var bra!<\/a>&nbsp;&nbsp;opp.no<\/li>\n<li><a href=\"https:\/\/news.google.com\/rss\/articles\/CBMinAFBVV95cUxNRUEzTFhLZWZxa0pqMElSRXZMZEtwUldaeldUWjktMmJrZGN2VmI3NW9RdFFuRVNHRWpfdmtXUG1NQV84LTloS3lSU0hjbE9ZcEVaYnRzUnFkQy1aaGV3aERBeWlBbEFId1RIaTVwTVdqYjJMRkhrWkJDb3VGVTRYTkp1aTlncFZIQTJsZC1VRFZHSGlfTnIzTVBKQ0M?oc=5\" target=\"_blank\" rel=\"nofollow noopener\">Har snart g\u00e5tt eit \u00e5r: No kjem Vidar med fleire gode nyheiter<\/a>&nbsp;&nbsp;fjt.no<\/li>\n<li><a href=\"https:\/\/news.google.com\/rss\/articles\/CBMifEFVX3lxTE0wNjJ4aWhRVWY3WkotZW1RUkdUMWhOOUZKb3EtVEtScmpER0ZvOGowTlBkdDNMaUxzbVpGQm5wVE44dkVyampYN29mT2RyNGVIX2FMazExa055Qmo0QzRVMVZuc3ZidFJvQi1FakVzLUdJbS1OaDZ3UndBLWM?oc=5\" target=\"_blank\" rel=\"nofollow noopener\">Klarer ikkje opning til helga<\/a>&nbsp;&nbsp;fjordabladet.no<\/li>\n<li><a href=\"https:\/\/news.google.com\/rss\/articles\/CBMilAFBVV95cUxQNmpfVDd6cHM0aGJ4dnIzTzl1Y25rb0tiaVI4dEZtUFRZdDlXaEkwVWNNYU1TUkVDc3JoMk5wUng0dUk5dUtNZUFWVnRKcWdDeVFvMUhfU0tIUlEtUUlabEtBWEpHTER3VWJEaGx5dXoySDZrOW1tVzZDRVpvczA3Nm9zS1oyckt0bTdwblhIR3liZnM0?oc=5\" target=\"_blank\" rel=\"nofollow noopener\">Forbereder tidligste sesong\u00e5pning p\u00e5 mange \u00e5r: \u2013 Perfekte forhold!<\/a>&nbsp;&nbsp;opp.no<\/li>\n<\/ol>\n","protected":false},"excerpt":{"rendered":"Her vert det mykje sn\u00f8&nbsp;&nbsp;morenytt.no (+) Trosset kulden for heis\u00e5pning og ur\u00f8rt pudder: &#8211; Dette var bra!&nbsp;&nbsp;opp.no Har&hellip;\n","protected":false},"author":2,"featured_media":128633,"comment_status":"","ping_status":"","sticky":false,"template":"","format":"standard","meta":{"footnotes":""},"categories":[10],"tags":[20,21,24,25,15,22,23,13,30,28,29,14,16,26,27],"class_list":{"0":"post-128632","1":"post","2":"type-post","3":"status-publish","4":"format-standard","5":"has-post-thumbnail","7":"category-norge","8":"tag-breaking-news","9":"tag-breakingnews","10":"tag-featured-news","11":"tag-featurednews","12":"tag-headlines","13":"tag-latest-news","14":"tag-latestnews","15":"tag-news","16":"tag-no","17":"tag-norge","18":"tag-norway","19":"tag-nyheter","20":"tag-overskrifter","21":"tag-top-stories","22":"tag-topstories"},"share_on_mastodon":{"url":"https:\/\/pubeurope.com\/@no\/115837651108719094","error":""},"_links":{"self":[{"href":"https:\/\/www.europesays.com\/no\/wp-json\/wp\/v2\/posts\/128632","targetHints":{"allow":["GET"]}}],"collection":[{"href":"https:\/\/www.europesays.com\/no\/wp-json\/wp\/v2\/posts"}],"about":[{"href":"https:\/\/www.europesays.com\/no\/wp-json\/wp\/v2\/types\/post"}],"author":[{"embeddable":true,"href":"https:\/\/www.europesays.com\/no\/wp-json\/wp\/v2\/users\/2"}],"replies":[{"embeddable":true,"href":"https:\/\/www.europesays.com\/no\/wp-json\/wp\/v2\/comments?post=128632"}],"version-history":[{"count":0,"href":"https:\/\/www.europesays.com\/no\/wp-json\/wp\/v2\/posts\/128632\/revisions"}],"wp:featuredmedia":[{"embeddable":true,"href":"https:\/\/www.europesays.com\/no\/wp-json\/wp\/v2\/media\/128633"}],"wp:attachment":[{"href":"https:\/\/www.europesays.com\/no\/wp-json\/wp\/v2\/media?parent=128632"}],"wp:term":[{"taxonomy":"category","embeddable":true,"href":"https:\/\/www.europesays.com\/no\/wp-json\/wp\/v2\/categories?post=128632"},{"taxonomy":"post_tag","embeddable":true,"href":"https:\/\/www.europesays.com\/no\/wp-json\/wp\/v2\/tags?post=128632"}],"curies":[{"name":"wp","href":"https:\/\/api.w.org\/{rel}","templated":true}]}}