{"id":128634,"date":"2026-01-04T15:57:07","date_gmt":"2026-01-04T15:57:07","guid":{"rendered":"https:\/\/www.europesays.com\/no\/128634\/"},"modified":"2026-01-04T15:57:07","modified_gmt":"2026-01-04T15:57:07","slug":"sverre-anker-ousdal-er-dod-har-betydd-enormt-mye-for-mange","status":"publish","type":"post","link":"https:\/\/www.europesays.com\/no\/128634\/","title":{"rendered":"Sverre Anker Ousdal er d\u00f8d: \u2013 Har betydd enormt mye for mange"},"content":{"rendered":"<p>\u2013 Pappa betydde alt for oss og for mange. Et anker er borte. Vi er takknemlige for all omtanke, sier Mads Ousdal p\u00e5 vegne av familien, til <a href=\"https:\/\/www.vg.no\/rampelys\/i\/GxGLn4\/sverre-anker-ousdal-er-doed\" rel=\"noopener nofollow\" target=\"_blank\">VG<\/a>.<\/p>\n<p>Send en siste hilsen til Sverre Anker Ousdal i kommentarfeltet under.<\/p>\n<p>Med Ousdal mister Norge sin kanskje st\u00f8rste skuespiller gjennom tidene, sier teatersjef ved Nationaltheatret, Kristian Seltun.<\/p>\n<p>\u2013 Vi fikk en veldig trist beskjed i dag. Sverre har v\u00e6rt en av Norges mest betydningsfulle skuespillere, sier Seltun til F\u00e6drelandsvennen.<\/p>\n<p>Han fortsetter:<\/p>\n<p>\u2013 Det er en mann som har betydd enormt mye for veldig mange. Han har medvirket i over 70 skuespill p\u00e5 Nationaltheatret, samtidig som han har hatt mange store roller p\u00e5 tv. Det er mange generasjoner som har hatt et forhold til ham.<\/p>\n<p><img decoding=\"async\" src=\"data:image\/gif;base64,R0lGODlhEAAJAIAAAP\/\/\/wAAACH5BAEAAAAALAAAAAAQAAkAAAIKhI+py+0Po5yUFQA7\" alt=\"\"\/>  Kristian Seltun <\/p>\n<p>teatersjef ved Nationaltheatret<\/p>\n<p>Seltun ble ansatt som teatersjef i 2021, og fikk med seg Ousdal p\u00e5 scenen for et par \u00e5r siden. Da spilte han i hovedrollen som Isak Borg i forestillingen<strong> <\/strong>\u00abJordb\u00e6rstedet\u00bb, basert p\u00e5 Ingmar Bergmans film.<\/p>\n<p>\u2013 Det er ett av de st\u00f8rste \u00f8yeblikkene i mitt liv \u00e5 se ham p\u00e5 scenen. Det var helt spesielt. Jeg tror det var et kunstnerisk h\u00f8ydepunkt for mange som var med i den oppsetningen, sier teatersjefen.<\/p>\n<p><img decoding=\"async\" src=\"data:image\/gif;base64,R0lGODlhEAAJAIAAAP\/\/\/wAAACH5BAEAAAAALAAAAAAQAAkAAAIKhI+py+0Po5yUFQA7\" alt=\"\"\/><br \/>\n  Til tross for at han nylig hadde pensjonert seg, fikk Torstein S\u00f8dal (f.v.) og Maria Arredondo med seg Sverre Anker Ousdal til \u00e5 v\u00e6re fortelleren i konsertversjonen av Sound of Music, som ble satt opp i Kilden h\u00f8sten 2014. Bildet er fra et intervju med F\u00e6drelandsvennen ved Lista fyr.<br \/>\n  <strong>Foto:<\/strong> Kjetil SamuelsenDebuterte i 1965<\/p>\n<p>Sverre Anker Ousdal ble f\u00f8dt i Flekkefjord 18. juli 1944. Han ble i 2014 utnevnt til kommunens aller f\u00f8rste \u00e6resborger.<\/p>\n<p>\u2013 Dette er jeg virkelig glad for, og ydmyk overfor, uttalte skuespilleren <a href=\"https:\/\/www.fvn.no\/nyheter\/lokalt\/i\/A90PM\/ousdal-ble-aeresborger-av-flekkefjord\" rel=\"noopener nofollow\" target=\"_blank\">om prisen<\/a>.<\/p>\n<p>Ousdal har hatt fritidsbolig ved J\u00f8lle p\u00e5 Lista, hvor han har tilbrakt mye tid, spesielt etter at han gikk av med pensjon i 2014.<\/p>\n<p>Som 21-\u00e5ring debuterte han p\u00e5 Den Nasjonale Scene i Bergen i 1965, og ble senere en av landets mest anerkjente skuespillere.<\/p>\n<p>Til tross for at han var pensjonert, var Ousdal aktiv fram til sine siste dager, og planla i \u00e5r et comeback p\u00e5 Nationaltheatret, der han ble fast ansatt for 55 \u00e5r siden, skriver VG.<\/p>\n<p>Der skulle han spille en aldrende far i Arne Lygres nyskrevne stykke \u00abGi meg h\u00e5nden\u00bb, sammen med skuespillers\u00f8nnen Mads.<\/p>\n<p> Sverre Anker Ousdal ble i 1997 utnevnt til ridder av 1. klasse av St.Olavs orden for fortjeneste av norsk scenekunst. Spilt i mange klassikere<\/p>\n<p>Han var ansatt ved Nationaltheatret fra 1970. Der har han gjort flere sterke rolletolkninger i klassikere som \u00abPeer Gynt\u00bb, \u00abEt dukkehjem\u00bb, \u00abGengangere\u00bb \u00abVildanden\u00bb og \u00abD\u00f8dsdansen\u00bb.<\/p>\n<p>Sverre Anker Ousdal var i tillegg en prisbel\u00f8nnet filmskuespiller. Han har medvirket i nesten 40 filmer, blant annet \u00abOrions belte\u00bb, \u00abHamsun\u00bb, \u00abKristin Lavransdatter\u00bb, \u00abOlsenbanden\u00bb og \u00abHustruer\u00bb.<\/p>\n<p>Han var ogs\u00e5 med i den kjente barne-TV-serien \u00abKlabb og Babb\u00bb med \u00d8ivind Blunck p\u00e5 1970-tallet. Ogs\u00e5 var han fortellerstemmen i den norske versjonen av \u00abPostman Pat\u00bb.<\/p>\n<p><a href=\"https:\/\/www.fvn.no\/norgeogverden\/i\/BxR9LQ\/stoere-om-ousdals-bortgang-norge-har-mistet-en-kjempe\" rel=\"nofollow noopener\" target=\"_blank\"> <img decoding=\"async\" src=\"data:image\/gif;base64,R0lGODlhEAAJAIAAAP\/\/\/wAAACH5BAEAAAAALAAAAAAQAAkAAAIKhI+py+0Po5yUFQA7\" alt=\"\"\/>   St\u00f8re om Ousdals bortgang: \u2013 Norge har mistet en kjempe  <\/a> <\/p>\n<p>\u00c5pen <\/p>\n<p>Flere priser<\/p>\n<p>Ousdal ble hedret med en rekke priser de siste \u00e5rene.<\/p>\n<p>I 2024 fikk han Wenche Foss\u2019 \u00e6respris sammen med s\u00f8nnen Mads. \u00c5ret f\u00f8r ble han tildelt Anders Jahres kulturpris og siden 2009 har han v\u00e6rt \u00e6resmedlem av Norsk Skuespillerforbund.<\/p>\n<p>Han fikk Amandaprisen i 1990 og 1998, Amandas \u00e6respris i 2009, og Kritikerprisen og Per Aabels \u00e6respris i 1996. I 2010 fikk han Aase Byes legat, mens Ousdal ble tildelt Rolf Gammlengs veteranpris i 2024.<\/p>\n<p><img decoding=\"async\" src=\"data:image\/gif;base64,R0lGODlhEAAJAIAAAP\/\/\/wAAACH5BAEAAAAALAAAAAAQAAkAAAIKhI+py+0Po5yUFQA7\" alt=\"\"\/><br \/>\n  Sverre Anker Ousdal spilte mot s\u00f8nnen Mads i stykket en \u00abLangs dags ferd mot natt\u00bb som ble satt opp p\u00e5 Nationaltheatret i 2000.<br \/>\n  <strong>Foto:<\/strong> Terje Bendiksby \/ NTBKreftsyk<\/p>\n<p>I de siste \u00e5rene spilte han i flere store oppsetninger, til tross for at han ble sterkt svaksynt etter en levertransplantasjon i 2008 som f\u00f8lge av kreftsykdom. Han fikk noe syn tilbake, men s\u00e5 kun lys og skygger. Han har fortalt at det han savnet aller mest var \u00e5 se barnebarna.<\/p>\n<p>Sverre Anker Ousdal var samboer med skuespillerkollega Kjersti Holmen, som ble rammet av alzheimer og d\u00f8de i 2021.<\/p>\n<p>F\u00f8r det var han gift med Bodil Ousdal, og sammen fikk de barna Steffen, Mads og Sara.<\/p>\n","protected":false},"excerpt":{"rendered":"\u2013 Pappa betydde alt for oss og for mange. Et anker er borte. Vi er takknemlige for all&hellip;\n","protected":false},"author":2,"featured_media":128635,"comment_status":"","ping_status":"","sticky":false,"template":"","format":"standard","meta":{"footnotes":""},"categories":[5],"tags":[20,21,24,25,573,15,19,22,23,17,18,13,30,28,29,14,16,3318,13813,26,27],"class_list":{"0":"post-128634","1":"post","2":"type-post","3":"status-publish","4":"format-standard","5":"has-post-thumbnail","7":"category-overskrifter","8":"tag-breaking-news","9":"tag-breakingnews","10":"tag-featured-news","11":"tag-featurednews","12":"tag-flekkefjord","13":"tag-headlines","14":"tag-hovedoppslag","15":"tag-latest-news","16":"tag-latestnews","17":"tag-main-news","18":"tag-mainnews","19":"tag-news","20":"tag-no","21":"tag-norge","22":"tag-norway","23":"tag-nyheter","24":"tag-overskrifter","25":"tag-skuespiller","26":"tag-sverre-anker-ousdal","27":"tag-top-stories","28":"tag-topstories"},"share_on_mastodon":{"url":"https:\/\/pubeurope.com\/@no\/115837655099014047","error":""},"_links":{"self":[{"href":"https:\/\/www.europesays.com\/no\/wp-json\/wp\/v2\/posts\/128634","targetHints":{"allow":["GET"]}}],"collection":[{"href":"https:\/\/www.europesays.com\/no\/wp-json\/wp\/v2\/posts"}],"about":[{"href":"https:\/\/www.europesays.com\/no\/wp-json\/wp\/v2\/types\/post"}],"author":[{"embeddable":true,"href":"https:\/\/www.europesays.com\/no\/wp-json\/wp\/v2\/users\/2"}],"replies":[{"embeddable":true,"href":"https:\/\/www.europesays.com\/no\/wp-json\/wp\/v2\/comments?post=128634"}],"version-history":[{"count":0,"href":"https:\/\/www.europesays.com\/no\/wp-json\/wp\/v2\/posts\/128634\/revisions"}],"wp:featuredmedia":[{"embeddable":true,"href":"https:\/\/www.europesays.com\/no\/wp-json\/wp\/v2\/media\/128635"}],"wp:attachment":[{"href":"https:\/\/www.europesays.com\/no\/wp-json\/wp\/v2\/media?parent=128634"}],"wp:term":[{"taxonomy":"category","embeddable":true,"href":"https:\/\/www.europesays.com\/no\/wp-json\/wp\/v2\/categories?post=128634"},{"taxonomy":"post_tag","embeddable":true,"href":"https:\/\/www.europesays.com\/no\/wp-json\/wp\/v2\/tags?post=128634"}],"curies":[{"name":"wp","href":"https:\/\/api.w.org\/{rel}","templated":true}]}}